{"id":17113,"date":"2021-06-28T20:43:13","date_gmt":"2021-06-28T20:43:13","guid":{"rendered":"https:\/\/visionciudadana.com.mx\/chio\/2021\/06\/28\/encabeza-rector-de-la-uas-el-inicio-de-la-evaluacion-remota-de-los-ciees-al-programa-de-ingenieria-civil\/"},"modified":"2025-06-25T00:12:05","modified_gmt":"2025-06-25T00:12:05","slug":"encabeza-rector-de-la-uas-el-inicio-de-la-evaluacion-remota-de-los-ciees-al-programa-de-ingenieria-civil","status":"publish","type":"post","link":"https:\/\/visionciudadana.com.mx\/oficial\/2021\/06\/28\/encabeza-rector-de-la-uas-el-inicio-de-la-evaluacion-remota-de-los-ciees-al-programa-de-ingenieria-civil\/","title":{"rendered":"Encabeza Rector de la UAS el inicio de la evaluaci\u00f3n remota de los CIEES al programa de Ingenier\u00eda Civil"},"content":{"rendered":"<p><img fetchpriority=\"high\" decoding=\"async\" src=\"images\/2021\/junio21\/encabeza-rec.jpg\" alt=\"encabeza rec\" width=\"780\" height=\"420\" style=\"display: block; margin: 20px auto;\" \/><\/p>\n<p class=\"x_MsoNormal\" align=\"right\"><i>&nbsp;<\/i><\/p>\n<p class=\"x_MsoNormal\" style=\"text-align: justify;\"><span style=\"font-size: 14pt; font-family: arial, helvetica, sans-serif;\">El Rector de la Universidad Aut\u00f3noma de Sinaloa (UAS), Dr. Jes\u00fas Madue\u00f1a Molina, encabez\u00f3 el inicio de los trabajos de Evaluaci\u00f3n Remota de los Comit\u00e9s Interinstitucionales para la Evaluaci\u00f3n de la Educaci\u00f3n Superior (CIEES), con expectativa al reconocimiento del programa de Ingenier\u00eda Civil, de la Escuela de Ingenier\u00eda, en Mazatl\u00e1n.<\/span><\/p>\n<p style=\"text-align: justify;\">&nbsp;<\/p>\n<p class=\"x_MsoNormal\" style=\"text-align: justify;\"><span style=\"font-size: 14pt; font-family: arial, helvetica, sans-serif;\">\u201cAl iniciar esta jornada de evaluaci\u00f3n de la Licenciatura en Ingenier\u00eda Civil de la Escuela de Ingenier\u00eda Mazatl\u00e1n, reitero el compromiso personal e institucional de poner en primer t\u00e9rmino el aseguramiento de la calidad acad\u00e9mica en todos los programas educativos de todas las unidades regionales y en todas las \u00e1reas del conocimiento\u201d, expres\u00f3 Madue\u00f1a Molina.<\/span><\/p>\n<p style=\"text-align: justify;\">&nbsp;<\/p>\n<p class=\"x_MsoNormal\" style=\"text-align: justify;\"><span style=\"font-size: 14pt; font-family: arial, helvetica, sans-serif;\"><a name=\"x__gjdgxs\" data-linkindex=\"0\"><\/a>En reuni\u00f3n virtual, en la que estuvo presente el Coordinador General de los CIEES, Miguel \u00c1ngel Tamayo Taype, el Rector consider\u00f3 que las evaluaciones son necesarias para&nbsp; mejorar y avanzar, por ello, desde 2005 en la UAS se institucionaliz\u00f3 la pol\u00edtica de mejora continua y se hizo obligatorio que todos los programas educativos de la UAS se incorporen a los procesos de evaluaci\u00f3n externa, obteniendo con ello excelentes resultados.<\/span><\/p>\n<p style=\"text-align: justify;\">&nbsp;<\/p>\n<p class=\"x_MsoNormal\" style=\"text-align: justify;\"><span style=\"font-size: 14pt; font-family: arial, helvetica, sans-serif;\">\u201cLa pol\u00edtica de mejora continua para nosotros es una filosof\u00eda que est\u00e1 presente en cada ejercicio de evaluaci\u00f3n que se lleva a cabo en la Universidad Aut\u00f3noma de Sinaloa, pues a trav\u00e9s de ella conocemos mejor la realidad de cada programa educativo y esto nos permite elevar la calidad de los mismos\u201d, enfatiz\u00f3 el dirigente universitario.<\/span><\/p>\n<p style=\"text-align: justify;\">&nbsp;<\/p>\n<p class=\"x_MsoNormal\" style=\"text-align: justify;\"><span style=\"font-size: 14pt; font-family: arial, helvetica, sans-serif;\">El Rector consider\u00f3 significativo que esta jornada de evaluaci\u00f3n remota se genere en un programa ofertado en el puerto de Mazatl\u00e1n, donde surgi\u00f3 esta Alma M\u00e1ter.<\/span><\/p>\n<p style=\"text-align: justify;\">&nbsp;<\/p>\n<p class=\"x_MsoNormal\" style=\"text-align: justify;\"><span style=\"font-size: 14pt; font-family: arial, helvetica, sans-serif;\">La pandemia por COVID-19 oblig\u00f3 a transformar la forma de trabajar, pero gracias a los avances de las Tecnolog\u00edas de la Informaci\u00f3n y la Comunicaci\u00f3n los procesos de evaluaci\u00f3n en la UAS y en los CIEES no se han detenido, y gracias a estas tecnolog\u00edas se puede sostener una educaci\u00f3n de calidad.<\/span><\/p>\n<p style=\"text-align: justify;\">&nbsp;<\/p>\n<p class=\"x_MsoNormal\" style=\"text-align: justify;\"><span style=\"font-size: 14pt; font-family: arial, helvetica, sans-serif;\">El Rector Madue\u00f1a Molina agradeci\u00f3 al representante de los CIEES la disposici\u00f3n mostrada para llevar a cabo esta jornada y felicit\u00f3 a este organismo evaluador por su 30 aniversario de fundaci\u00f3n.<\/span><\/p>\n<p style=\"text-align: justify;\">&nbsp;<\/p>\n<p class=\"x_MsoNormal\" style=\"text-align: justify;\"><span style=\"font-size: 14pt; font-family: arial, helvetica, sans-serif;\">Por su parte, el Coordinador General de los CIEES, Miguel \u00c1ngel Tamayo Taype, manifest\u00f3 que con el confinamiento por la pandemia se cambi\u00f3 a una nueva metodolog\u00eda para continuar con las evaluaciones v\u00eda remota. Desde junio del a\u00f1o anterior al cierre de 2020 los CIEES realizaron 400 visitas a diversos programas educativos de todo el pa\u00eds.<\/span><\/p>\n<p style=\"text-align: justify;\">&nbsp;<\/p>\n<p class=\"x_MsoNormal\" style=\"text-align: justify;\"><span style=\"font-size: 14pt; font-family: arial, helvetica, sans-serif;\">\u201cReitero mi compromiso siempre de estar cerca de la UAS. Cuando empezamos a hacer la evaluaci\u00f3n diagn\u00f3stica hace 30 a\u00f1os las instituciones no aceptaban o no estaban muy de acuerdo con las evaluaciones externas, pero con los a\u00f1os se han visto las bondades y hoy en d\u00eda en nuestro pa\u00eds se vive esa cultura de la calidad basada en las evaluaciones externas con fines a la acreditaci\u00f3n; quiero decirles que les deseo el mejor de los \u00e9xitos en estos d\u00edas que van a tener la visita de los pares acad\u00e9micos\u201d, puntualiz\u00f3.<\/span><\/p>\n<p style=\"text-align: justify;\">&nbsp;<\/p>\n<p class=\"x_MsoNormal\" style=\"text-align: justify;\"><span style=\"font-size: 14pt; font-family: arial, helvetica, sans-serif;\">En este evento virtual particip\u00f3 tambi\u00e9n el Vocal Ejecutivo del Comit\u00e9 de Ingenier\u00eda y Tecnolog\u00eda de los CIEES, Fernando S\u00e1nchez Posadas y el director de la Escuela de Ingenier\u00eda Mazatl\u00e1n, doctor Javier Alonso Ch\u00e1vez P\u00e9rez. Tambi\u00e9n se cont\u00f3 con la presencia del doctor Leonardo Palem\u00f3n Arcos, de la Universidad Aut\u00f3noma del Carmen y Coordinador de la Comisi\u00f3n Evaluadora, y de los evaluadores pares, Yanet Antonio Z\u00e1rate de la Universidad Veracruzana, y Juan Carlos Ortiz Le\u00f3n de la Universidad Nacional Aut\u00f3noma de M\u00e9xico.<\/span><\/p>\n<p style=\"text-align: justify;\">&nbsp;<\/p>\n<p style=\"text-align: justify;\">&nbsp;<\/p>\n<p style=\"text-align: justify;\"><span style=\"font-size: 14pt; font-family: arial, helvetica, sans-serif;\">REDACCI\u00d3N\/VISI\u00d3N CIUDADANA.<\/span><\/p>\n","protected":false},"excerpt":{"rendered":"<p>&nbsp; El Rector de la Universidad Aut\u00f3noma de Sinaloa (UAS), Dr. Jes\u00fas Madue\u00f1a Molina, encabez\u00f3 el inicio de los trabajos de Evaluaci\u00f3n Remota de los Comit\u00e9s Interinstitucionales para la Evaluaci\u00f3n de la Educaci\u00f3n Superior (CIEES), con expectativa al reconocimiento del programa de Ingenier\u00eda Civil, de la Escuela de Ingenier\u00eda, en Mazatl\u00e1n. &nbsp; \u201cAl iniciar esta [&hellip;]<\/p>\n","protected":false},"author":1,"featured_media":967,"comment_status":"closed","ping_status":"closed","sticky":false,"template":"","format":"standard","meta":{"footnotes":""},"categories":[24],"tags":[],"ppma_author":[31],"class_list":["post-17113","post","type-post","status-publish","format-standard","has-post-thumbnail","hentry","category-relevantes"],"aioseo_notices":[],"authors":[{"term_id":31,"user_id":1,"is_guest":0,"slug":"ivan3vino","display_name":"Iv\u00e1n Trevi\u00f1o","avatar_url":{"url":"https:\/\/visionciudadana.com.mx\/oficial\/wp-content\/uploads\/2025\/09\/columna-ivan-Trevino.png","url2x":"https:\/\/visionciudadana.com.mx\/oficial\/wp-content\/uploads\/2025\/09\/columna-ivan-Trevino.png"},"0":null,"1":"","2":"","3":"","4":"","5":"","6":"","7":"","8":""}],"_links":{"self":[{"href":"https:\/\/visionciudadana.com.mx\/oficial\/wp-json\/wp\/v2\/posts\/17113","targetHints":{"allow":["GET"]}}],"collection":[{"href":"https:\/\/visionciudadana.com.mx\/oficial\/wp-json\/wp\/v2\/posts"}],"about":[{"href":"https:\/\/visionciudadana.com.mx\/oficial\/wp-json\/wp\/v2\/types\/post"}],"author":[{"embeddable":true,"href":"https:\/\/visionciudadana.com.mx\/oficial\/wp-json\/wp\/v2\/users\/1"}],"replies":[{"embeddable":true,"href":"https:\/\/visionciudadana.com.mx\/oficial\/wp-json\/wp\/v2\/comments?post=17113"}],"version-history":[{"count":1,"href":"https:\/\/visionciudadana.com.mx\/oficial\/wp-json\/wp\/v2\/posts\/17113\/revisions"}],"predecessor-version":[{"id":30905,"href":"https:\/\/visionciudadana.com.mx\/oficial\/wp-json\/wp\/v2\/posts\/17113\/revisions\/30905"}],"wp:featuredmedia":[{"embeddable":true,"href":"https:\/\/visionciudadana.com.mx\/oficial\/wp-json\/wp\/v2\/posts\/967"}],"wp:attachment":[{"href":"https:\/\/visionciudadana.com.mx\/oficial\/wp-json\/wp\/v2\/media?parent=17113"}],"wp:term":[{"taxonomy":"category","embeddable":true,"href":"https:\/\/visionciudadana.com.mx\/oficial\/wp-json\/wp\/v2\/categories?post=17113"},{"taxonomy":"post_tag","embeddable":true,"href":"https:\/\/visionciudadana.com.mx\/oficial\/wp-json\/wp\/v2\/tags?post=17113"},{"taxonomy":"author","embeddable":true,"href":"https:\/\/visionciudadana.com.mx\/oficial\/wp-json\/wp\/v2\/ppma_author?post=17113"}],"curies":[{"name":"wp","href":"https:\/\/api.w.org\/{rel}","templated":true}]}}