{"id":17112,"date":"2021-06-28T20:38:34","date_gmt":"2021-06-28T20:38:34","guid":{"rendered":"https:\/\/visionciudadana.com.mx\/chio\/2021\/06\/28\/proyectara-a-sinaloa-el-mzt-aerospace-park\/"},"modified":"2025-06-25T00:12:05","modified_gmt":"2025-06-25T00:12:05","slug":"proyectara-a-sinaloa-el-mzt-aerospace-park","status":"publish","type":"post","link":"https:\/\/visionciudadana.com.mx\/oficial\/2021\/06\/28\/proyectara-a-sinaloa-el-mzt-aerospace-park\/","title":{"rendered":"Proyectar\u00e1 a Sinaloa el Mzt Aerospace Park"},"content":{"rendered":"<p>&nbsp;<\/p>\n<p class=\"x_MsoNormal\" align=\"center\"><img fetchpriority=\"high\" decoding=\"async\" src=\"images\/2021\/junio21\/proyectar\u00e1.jpg\" alt=\"proyectar\u00e1\" width=\"780\" height=\"420\" style=\"display: block; margin: 20px auto;\" \/><b>&nbsp;<\/b><\/p>\n<p class=\"x_MsoNormal\" style=\"text-align: justify;\"><span style=\"font-size: 14pt; font-family: arial, helvetica, sans-serif;\">En reuni\u00f3n con presidentes de la intercamaral Culiac\u00e1n en donde se present\u00f3 el Mzt Aerospace Park el Secretario de Econom\u00eda, Javier Liz\u00e1rraga Mercado, asegur\u00f3 que este proyecto que ya se construye en el puerto proyectar\u00e1 a Sinaloa a nivel internacional.<\/span><\/p>\n<p style=\"text-align: justify;\">&nbsp;<\/p>\n<p class=\"x_MsoNormal\" style=\"text-align: justify;\"><span style=\"font-size: 14pt; font-family: arial, helvetica, sans-serif;\">\u201cSer\u00e1 el primer parque aeroespacial en el pa\u00eds con aeropuerto y aer\u00f3dromo propio, tendremos la planta de Singular Aircraft donde se construir\u00e1 aviones tipo drones lo cual nos proyectar\u00e1 como un destino importante, contaremos con un aeropuerto de carga, oportunidad para los agricultores, ganaderos y pescadores\u201d, coment\u00f3.<\/span><\/p>\n<p style=\"text-align: justify;\">&nbsp;<\/p>\n<p class=\"x_MsoNormal\" style=\"text-align: justify;\"><span style=\"font-size: 14pt; font-family: arial, helvetica, sans-serif;\">Adem\u00e1s, dijo el Secretario que el Mzt Aerospace Park ya es una realidad y se est\u00e1 construyendo.<\/span><\/p>\n<p style=\"text-align: justify;\">&nbsp;<\/p>\n<p class=\"x_MsoNormal\" style=\"text-align: justify;\"><span style=\"font-size: 14pt; font-family: arial, helvetica, sans-serif;\">\u201cTambi\u00e9n ser\u00e1 para Sinaloa un nuevo destino que llegar\u00e1 al estado como turismo de negocios e industrial que invierte y deja derrama econ\u00f3mica a la regi\u00f3n\u201d, precis\u00f3.<\/span><\/p>\n<p style=\"text-align: justify;\">&nbsp;<\/p>\n<p class=\"x_MsoNormal\" style=\"text-align: justify;\"><span style=\"font-size: 14pt; font-family: arial, helvetica, sans-serif;\">El&nbsp; Secretario de Econom\u00eda dijo que se debe de seguir aprovechando el boom inmobiliario y de construcci\u00f3n de hoteles y condominios y resalt\u00f3 lo importante de este nuevo proyecto de inversi\u00f3n que generar\u00e1 derrama econ\u00f3mico y empleos para que los egresados de las universidades tengan la preferencia y se puedan ocupar en esta nueva empresa, aunado al impulso de una econom\u00eda regional que detonar\u00e1 la proveedur\u00eda local de empresas.<\/span><\/p>\n<p style=\"text-align: justify;\">&nbsp;<\/p>\n<p class=\"x_MsoNormal\" style=\"text-align: justify;\"><span style=\"font-size: 14pt; font-family: arial, helvetica, sans-serif;\">En esta reuni\u00f3n con los l\u00edderes y dirigentes de las diversas c\u00e1maras de la iniciativa privada de Canaco, Canirac, CMIC, AMMJE, Canacintra, Ejecutivos de Ventas y Mercadotecnia, Asociaci\u00f3n de Hoteles, Asociaci\u00f3n de Agricultores del R\u00edo Culiac\u00e1n, Colegio de Contadores, Intercamaral Juvenil, Lino Su\u00e1rez, fundador del proyecto y V\u00edctor Garc\u00eda Collado CEO presentaron los avances en la construcci\u00f3n del Mzt Aerospace Park y de lo que significa que la empresa Singular Aircraft, fabricante de aviones tipo drones empiecen a construirlos en Mazatl\u00e1n.<\/span><\/p>\n<p style=\"text-align: justify;\">&nbsp;<\/p>\n<p style=\"text-align: justify;\">&nbsp;<\/p>\n<p class=\"x_MsoNormal\" style=\"text-align: justify;\"><span style=\"font-size: 14pt; font-family: arial, helvetica, sans-serif;\">Los representantes camarales hicieron un recorrido por la construcci\u00f3n del Mzt Aerospace Park que se encuentra ubicado en el kil\u00f3metro 9 de la carretera de cuota Mazatl\u00e1n-Culiac\u00e1n.<\/span><\/p>\n<p style=\"text-align: justify;\">&nbsp;<\/p>\n<p style=\"text-align: justify;\">&nbsp;<\/p>\n<p style=\"text-align: justify;\"><span style=\"font-size: 14pt; font-family: arial, helvetica, sans-serif;\">REDACCI\u00d3N\/VISI\u00d3N CIUDADANA.<\/span><\/p>\n","protected":false},"excerpt":{"rendered":"<p>&nbsp; &nbsp; En reuni\u00f3n con presidentes de la intercamaral Culiac\u00e1n en donde se present\u00f3 el Mzt Aerospace Park el Secretario de Econom\u00eda, Javier Liz\u00e1rraga Mercado, asegur\u00f3 que este proyecto que ya se construye en el puerto proyectar\u00e1 a Sinaloa a nivel internacional. &nbsp; \u201cSer\u00e1 el primer parque aeroespacial en el pa\u00eds con aeropuerto y aer\u00f3dromo [&hellip;]<\/p>\n","protected":false},"author":1,"featured_media":965,"comment_status":"closed","ping_status":"closed","sticky":false,"template":"","format":"standard","meta":{"footnotes":""},"categories":[24],"tags":[],"ppma_author":[31],"class_list":["post-17112","post","type-post","status-publish","format-standard","has-post-thumbnail","hentry","category-relevantes"],"aioseo_notices":[],"authors":[{"term_id":31,"user_id":1,"is_guest":0,"slug":"ivan3vino","display_name":"Iv\u00e1n Trevi\u00f1o","avatar_url":{"url":"https:\/\/visionciudadana.com.mx\/oficial\/wp-content\/uploads\/2025\/09\/columna-ivan-Trevino.png","url2x":"https:\/\/visionciudadana.com.mx\/oficial\/wp-content\/uploads\/2025\/09\/columna-ivan-Trevino.png"},"0":null,"1":"","2":"","3":"","4":"","5":"","6":"","7":"","8":""}],"_links":{"self":[{"href":"https:\/\/visionciudadana.com.mx\/oficial\/wp-json\/wp\/v2\/posts\/17112","targetHints":{"allow":["GET"]}}],"collection":[{"href":"https:\/\/visionciudadana.com.mx\/oficial\/wp-json\/wp\/v2\/posts"}],"about":[{"href":"https:\/\/visionciudadana.com.mx\/oficial\/wp-json\/wp\/v2\/types\/post"}],"author":[{"embeddable":true,"href":"https:\/\/visionciudadana.com.mx\/oficial\/wp-json\/wp\/v2\/users\/1"}],"replies":[{"embeddable":true,"href":"https:\/\/visionciudadana.com.mx\/oficial\/wp-json\/wp\/v2\/comments?post=17112"}],"version-history":[{"count":1,"href":"https:\/\/visionciudadana.com.mx\/oficial\/wp-json\/wp\/v2\/posts\/17112\/revisions"}],"predecessor-version":[{"id":30906,"href":"https:\/\/visionciudadana.com.mx\/oficial\/wp-json\/wp\/v2\/posts\/17112\/revisions\/30906"}],"wp:featuredmedia":[{"embeddable":true,"href":"https:\/\/visionciudadana.com.mx\/oficial\/wp-json\/wp\/v2\/posts\/965"}],"wp:attachment":[{"href":"https:\/\/visionciudadana.com.mx\/oficial\/wp-json\/wp\/v2\/media?parent=17112"}],"wp:term":[{"taxonomy":"category","embeddable":true,"href":"https:\/\/visionciudadana.com.mx\/oficial\/wp-json\/wp\/v2\/categories?post=17112"},{"taxonomy":"post_tag","embeddable":true,"href":"https:\/\/visionciudadana.com.mx\/oficial\/wp-json\/wp\/v2\/tags?post=17112"},{"taxonomy":"author","embeddable":true,"href":"https:\/\/visionciudadana.com.mx\/oficial\/wp-json\/wp\/v2\/ppma_author?post=17112"}],"curies":[{"name":"wp","href":"https:\/\/api.w.org\/{rel}","templated":true}]}}