{"id":17094,"date":"2021-06-23T21:30:50","date_gmt":"2021-06-23T21:30:50","guid":{"rendered":"https:\/\/visionciudadana.com.mx\/chio\/2021\/06\/23\/la-voz-del-pueblo-tiene-que-convertirse-en-acciones-de-gobierno-gvl\/"},"modified":"2025-06-25T00:12:06","modified_gmt":"2025-06-25T00:12:06","slug":"la-voz-del-pueblo-tiene-que-convertirse-en-acciones-de-gobierno-gvl","status":"publish","type":"post","link":"https:\/\/visionciudadana.com.mx\/oficial\/2021\/06\/23\/la-voz-del-pueblo-tiene-que-convertirse-en-acciones-de-gobierno-gvl\/","title":{"rendered":"La voz del pueblo tiene que convertirse en acciones de gobierno: GVL"},"content":{"rendered":"<p><img fetchpriority=\"high\" decoding=\"async\" src=\"images\/2021\/junio21\/nue.jpg\" alt=\"nue\" width=\"780\" height=\"420\" style=\"display: block; margin: 20px auto;\" \/><\/p>\n<div style=\"text-align: justify;\"><span style=\"font-size: 14pt; font-family: arial, helvetica, sans-serif;\">Con el prop\u00f3sito de incorporar al Plan Municipal de Desarrollo 2021-2024, las principales de demandas realizadas por los habitantes de las colonias populares y comunidades rurales, Gerardo Vargas Landeros, presidente municipal Electo de Ahome, sostuvo una reuni\u00f3n con los siete s\u00edndicos municipales, en donde subray\u00f3&nbsp; que la voz del pueblo se tiene que convertir en acciones de gobierno.<\/span><\/div>\n<div style=\"text-align: justify;\">&nbsp;<\/div>\n<div style=\"text-align: justify;\">&nbsp;<\/div>\n<div style=\"text-align: justify;\"><span style=\"font-size: 14pt; font-family: arial, helvetica, sans-serif;\">En este primer encuentro con los s\u00edndicos, el Alcalde Electo por Ahome, reafirm\u00f3 su compromiso de continuar escuchando a la gente, y conjuntamente con la gente, encontrar las mejores propuestas de soluci\u00f3n a la problem\u00e1tica que est\u00e1n enfrentando, por eso, la importancia de este acercamiento, en donde&nbsp; cada&nbsp; uno extern\u00f3 las necedades de sus comunidades, destacando entre ellas, la rehabilitaci\u00f3n de la red de agua potable y drenaje.<\/span><\/div>\n<div style=\"text-align: justify;\">&nbsp;<\/div>\n<div style=\"text-align: justify;\">&nbsp;<\/div>\n<div style=\"text-align: justify;\"><span style=\"font-size: 14pt; font-family: arial, helvetica, sans-serif;\">\u201cMe externaron inquietudes similares a las que se generaron&nbsp; durante la campa\u00f1a electoral, las cuales servir\u00e1n para atender de inmediato las principales necesidades que se tienen, no hay mucha diferencia en lo que pudimos ver en esos dos meses, los temas de pavimentaci\u00f3n, algunas rehabilitaciones de \u00e1reas deportivas, agua potable, drenaje. Por lo que muy pronto nos volveremos a reunir para seguir trabajando juntos\u201d, asever\u00f3 Gerardo Vargas&nbsp; Landeros.<\/span><\/div>\n<div style=\"text-align: justify;\">&nbsp;<\/div>\n<div style=\"text-align: justify;\">&nbsp;<\/div>\n<div style=\"text-align: justify;\"><span style=\"font-size: 14pt; font-family: arial, helvetica, sans-serif;\">Por su parte, los s\u00edndicos municipales, solicitaron que se instaure durante los tres a\u00f1os, el programa \u201cLunes C\u00edvico\u201d, porque acerca al Gobierno municipal con las comunidades rurales.<\/span><\/div>\n<div style=\"text-align: justify;\">&nbsp;<\/div>\n<div style=\"text-align: justify;\">&nbsp;<\/div>\n<div style=\"text-align: justify;\"><span style=\"font-size: 14pt; font-family: arial, helvetica, sans-serif;\">En su intervenci\u00f3n, la s\u00edndica de la Central Mochis, Irma Delgado R\u00edos, expres\u00f3 hay plena confianza en el gobierno que encabezar\u00e1 Gerardo Vargas Landeros, adem\u00e1s de exponer las necesidades de la sindicatura a su cargo, entre las que destacan mejorar la calidad del agua potable, drenaje pluvial y rehabilitaci\u00f3n de diversos kioscos de algunas comunidades de la Central Mochis.<\/span><\/div>\n<div style=\"text-align: justify;\">&nbsp;<\/div>\n<div style=\"text-align: justify;\">&nbsp;<\/div>\n<div style=\"text-align: justify;\"><span style=\"font-size: 14pt; font-family: arial, helvetica, sans-serif;\">El s\u00edndico de San Miguel, Jes\u00fas Manuel S\u00e1nchez Manjarrez, expuso \u201cMi sindicatura tiene prioridades como el resto de las sindicaturas; como es el agua potable, drenaje y sobre todo la trascendencia que puede tener la remodelaci\u00f3n del Centro Ceremonial de San Miguel y explotarlo culturalmente\u201d.<\/span><\/div>\n<div style=\"text-align: justify;\">&nbsp;<\/div>\n<div style=\"text-align: justify;\">&nbsp;<\/div>\n<div style=\"text-align: justify;\"><span style=\"font-size: 14pt; font-family: arial, helvetica, sans-serif;\">D\u00e9bora Preciado, la S\u00edndica de Topolobampo, destac\u00f3 la importancia de ser escuchados como representantes de cada Sindicatura, \u201cPodemos encontrar en Gerardo Vargas Landeros, un Presidente electo comprometido, tal es as\u00ed que hoy nos escuch\u00f3 con nuestras necesidades, es importante escucharlo al presidente electo que, desde el primer d\u00eda de su gesti\u00f3n, estar\u00e1 trabajando por Ahome\u201d.<\/span><\/div>\n<div style=\"text-align: justify;\">&nbsp;<\/div>\n<div style=\"text-align: justify;\">&nbsp;<\/div>\n<div style=\"text-align: justify;\"><span style=\"font-size: 14pt; font-family: arial, helvetica, sans-serif;\">Los s\u00edndicos municipales que estuvieron presentes fueron: Irma Delgado R\u00edos, la s\u00edndica de la Central Mochis; Jes\u00fas Manuel S\u00e1nchez Manjarrez, s\u00edndico de San Miguel; D\u00e9bora Preciado, la S\u00edndica de Topolobampo; Juan Manuel Ruiz, s\u00edndico de Ahome y Ricardo de Jes\u00fas L\u00f3pez, s\u00edndico de Higuera de Zaragoza.<\/span><\/div>\n<div style=\"text-align: justify;\">&nbsp;<\/div>\n<div style=\"text-align: justify;\">&nbsp;<\/div>\n<div style=\"text-align: justify;\"><span style=\"font-size: 14pt; font-family: arial, helvetica, sans-serif;\">REDACCI\u00d3N\/VISI\u00d3N CIUDADANA.<\/span><\/div>\n<div style=\"text-align: justify;\"><span style=\"font-size: 14pt; font-family: arial, helvetica, sans-serif;\"><\/span><\/div>\n","protected":false},"excerpt":{"rendered":"<p>Con el prop\u00f3sito de incorporar al Plan Municipal de Desarrollo 2021-2024, las principales de demandas realizadas por los habitantes de las colonias populares y comunidades rurales, Gerardo Vargas Landeros, presidente municipal Electo de Ahome, sostuvo una reuni\u00f3n con los siete s\u00edndicos municipales, en donde subray\u00f3&nbsp; que la voz del pueblo se tiene que convertir en [&hellip;]<\/p>\n","protected":false},"author":1,"featured_media":942,"comment_status":"closed","ping_status":"closed","sticky":false,"template":"","format":"standard","meta":{"footnotes":""},"categories":[24],"tags":[],"ppma_author":[31],"class_list":["post-17094","post","type-post","status-publish","format-standard","has-post-thumbnail","hentry","category-relevantes"],"aioseo_notices":[],"authors":[{"term_id":31,"user_id":1,"is_guest":0,"slug":"ivan3vino","display_name":"Iv\u00e1n Trevi\u00f1o","avatar_url":{"url":"https:\/\/visionciudadana.com.mx\/oficial\/wp-content\/uploads\/2025\/09\/columna-ivan-Trevino.png","url2x":"https:\/\/visionciudadana.com.mx\/oficial\/wp-content\/uploads\/2025\/09\/columna-ivan-Trevino.png"},"0":null,"1":"","2":"","3":"","4":"","5":"","6":"","7":"","8":""}],"_links":{"self":[{"href":"https:\/\/visionciudadana.com.mx\/oficial\/wp-json\/wp\/v2\/posts\/17094","targetHints":{"allow":["GET"]}}],"collection":[{"href":"https:\/\/visionciudadana.com.mx\/oficial\/wp-json\/wp\/v2\/posts"}],"about":[{"href":"https:\/\/visionciudadana.com.mx\/oficial\/wp-json\/wp\/v2\/types\/post"}],"author":[{"embeddable":true,"href":"https:\/\/visionciudadana.com.mx\/oficial\/wp-json\/wp\/v2\/users\/1"}],"replies":[{"embeddable":true,"href":"https:\/\/visionciudadana.com.mx\/oficial\/wp-json\/wp\/v2\/comments?post=17094"}],"version-history":[{"count":1,"href":"https:\/\/visionciudadana.com.mx\/oficial\/wp-json\/wp\/v2\/posts\/17094\/revisions"}],"predecessor-version":[{"id":30910,"href":"https:\/\/visionciudadana.com.mx\/oficial\/wp-json\/wp\/v2\/posts\/17094\/revisions\/30910"}],"wp:featuredmedia":[{"embeddable":true,"href":"https:\/\/visionciudadana.com.mx\/oficial\/wp-json\/wp\/v2\/media\/942"}],"wp:attachment":[{"href":"https:\/\/visionciudadana.com.mx\/oficial\/wp-json\/wp\/v2\/media?parent=17094"}],"wp:term":[{"taxonomy":"category","embeddable":true,"href":"https:\/\/visionciudadana.com.mx\/oficial\/wp-json\/wp\/v2\/categories?post=17094"},{"taxonomy":"post_tag","embeddable":true,"href":"https:\/\/visionciudadana.com.mx\/oficial\/wp-json\/wp\/v2\/tags?post=17094"},{"taxonomy":"author","embeddable":true,"href":"https:\/\/visionciudadana.com.mx\/oficial\/wp-json\/wp\/v2\/ppma_author?post=17094"}],"curies":[{"name":"wp","href":"https:\/\/api.w.org\/{rel}","templated":true}]}}