{"id":17087,"date":"2021-06-23T20:21:20","date_gmt":"2021-06-23T20:21:20","guid":{"rendered":"https:\/\/visionciudadana.com.mx\/chio\/2021\/06\/23\/rocha-y-ebrard-abren-agenda-de-la-sre-a-favor-de-productores-sinaloenses\/"},"modified":"2025-06-25T00:12:07","modified_gmt":"2025-06-25T00:12:07","slug":"rocha-y-ebrard-abren-agenda-de-la-sre-a-favor-de-productores-sinaloenses","status":"publish","type":"post","link":"https:\/\/visionciudadana.com.mx\/oficial\/2021\/06\/23\/rocha-y-ebrard-abren-agenda-de-la-sre-a-favor-de-productores-sinaloenses\/","title":{"rendered":"Rocha y Ebrard abren agenda de la SRE a favor de productores sinaloenses  \u00a0"},"content":{"rendered":"<div><img fetchpriority=\"high\" decoding=\"async\" src=\"images\/2021\/junio21\/rochisa.jpg\" alt=\"rochisa\" width=\"780\" height=\"420\" style=\"display: block; margin: 20px auto;\" \/><\/div>\n<div>&nbsp;<\/div>\n<div style=\"text-align: justify;\"><span style=\"font-size: 14pt; font-family: arial, helvetica, sans-serif;\">El gobernador electo Rub\u00e9n Rocha Moya se reuni\u00f3 este mi\u00e9rcoles con el canciller Marcelo Ebrard Casaubon, para abordar la agenda en materia de Relaciones Exteriores y sus temas clave para la transformaci\u00f3n de Sinaloa, como la resoluci\u00f3n definitiva de los problemas que los agricultores enfrentan en la comercializaci\u00f3n y exportaci\u00f3n de sus productos.<\/span><\/div>\n<div style=\"text-align: justify;\">&nbsp;<\/div>\n<div style=\"text-align: justify;\"><span style=\"font-size: 14pt; font-family: arial, helvetica, sans-serif;\"><\/span><\/div>\n<div style=\"text-align: justify;\"><span style=\"font-size: 14pt; font-family: arial, helvetica, sans-serif;\">Como parte de su agenda en la Ciudad de M\u00e9xico, Rub\u00e9n Rocha Moya confirm\u00f3 que participar\u00e1 este jueves en la reuni\u00f3n de los 11 gobernadores electos de Morena con el presidente Andr\u00e9s Manuel L\u00f3pez Obrador, y adelant\u00f3 que, para tratar temas espec\u00edficos del fortalecimiento del desarrollo econ\u00f3mico de Sinaloa, se reunir\u00e1 en los pr\u00f3ximos d\u00edas con la secretaria de Econom\u00eda, Tatiana Clouthier.&nbsp;<\/span><\/div>\n<div style=\"text-align: justify;\">&nbsp;<\/div>\n<div style=\"text-align: justify;\"><span style=\"font-size: 14pt; font-family: arial, helvetica, sans-serif;\"><\/span><\/div>\n<div style=\"text-align: justify;\"><span style=\"font-size: 14pt; font-family: arial, helvetica, sans-serif;\">Tras agradecer al titular de la Secretar\u00eda de Relaciones Exteriores (SRE) que lo haya recibido en su despacho de la torre de esa dependencia, revel\u00f3 que \u201cconversamos sobre muchos temas de inter\u00e9s nacional, la vacunaci\u00f3n, por supuesto, estuvo al orden del d\u00eda; temas de su incumbencia m\u00e1s directa, tambi\u00e9n el Tratado de Libre Comercio\u201d.<\/span><\/div>\n<div style=\"text-align: justify;\">&nbsp;<\/div>\n<div style=\"text-align: justify;\"><span style=\"font-size: 14pt; font-family: arial, helvetica, sans-serif;\"><\/span><\/div>\n<div style=\"text-align: justify;\"><span style=\"font-size: 14pt; font-family: arial, helvetica, sans-serif;\">En el marco de la agenda de trabajo que sostiene en la Ciudad de M\u00e9xico, se\u00f1al\u00f3 que el propio canciller se interes\u00f3 por abordar un tema que importa mucho a los sinaloenses: la agricultura de exportaci\u00f3n y el caso espec\u00edfico del tomate.<\/span><\/div>\n<div style=\"text-align: justify;\">&nbsp;<\/div>\n<div style=\"text-align: justify;\"><span style=\"font-size: 14pt; font-family: arial, helvetica, sans-serif;\"><\/span><\/div>\n<div style=\"text-align: justify;\"><span style=\"font-size: 14pt; font-family: arial, helvetica, sans-serif;\">Quien a partir del 1 de noviembre gobernar\u00e1 Sinaloa, coment\u00f3 que Ebrard Casaubon tiene especial inter\u00e9s en apoyar a los productores de tomate para resolver definitivamente la amenaza de dumping que los horticultores de Florida promueven cada a\u00f1o como parte de una a\u00f1eja guerra comercial, y por la cual, incluso el a\u00f1o pasado Estados Unidos pretend\u00eda agregar un arancel a la importaci\u00f3n de esta hortaliza.<\/span><\/div>\n<div style=\"text-align: justify;\">&nbsp;<\/div>\n<div style=\"text-align: justify;\"><span style=\"font-size: 14pt; font-family: arial, helvetica, sans-serif;\"><\/span><\/div>\n<div style=\"text-align: justify;\"><span style=\"font-size: 14pt; font-family: arial, helvetica, sans-serif;\">\u201cEl otro tema, igual, el de los granos, en particular el ma\u00edz que tiene sus dificultades para la comercializaci\u00f3n y hay una parte en la cual se topa nuestro grano con dificultades por el tema de las importaciones que los industriales de la harina de ma\u00edz realizan y eso presiona nuestro precio\u201d, a\u00f1adi\u00f3 Rocha Moya.<\/span><\/div>\n<div style=\"text-align: justify;\">&nbsp;<\/div>\n<div style=\"text-align: justify;\"><span style=\"font-size: 14pt; font-family: arial, helvetica, sans-serif;\"><\/span><\/div>\n<div style=\"text-align: justify;\"><span style=\"font-size: 14pt; font-family: arial, helvetica, sans-serif;\">Esta reuni\u00f3n entre el gobernador electo y el titular de la SRE abre una agenda que dar\u00e1 continuidad a las gestiones de Rub\u00e9n Rocha Moya en apoyo a productores, empresarios y trabajadores, quien como senador particip\u00f3 en la aprobaci\u00f3n de la armonizaci\u00f3n del marco legal del Tratado M\u00e9xico, Estados Unidos y Canad\u00e1 (T-MEC), que entre otros beneficios da certeza jur\u00eddica a los exportadores nacionales.<\/span><\/div>\n<div style=\"text-align: justify;\">&nbsp;<\/div>\n<div style=\"text-align: justify;\">&nbsp;<\/div>\n<div style=\"text-align: justify;\">&nbsp;<\/div>\n<div style=\"text-align: justify;\"><span style=\"font-size: 14pt; font-family: arial, helvetica, sans-serif;\">REDACCI\u00d3N\/VISI\u00d3N CIUDADANA.<\/span><\/div>\n","protected":false},"excerpt":{"rendered":"<p>&nbsp; El gobernador electo Rub\u00e9n Rocha Moya se reuni\u00f3 este mi\u00e9rcoles con el canciller Marcelo Ebrard Casaubon, para abordar la agenda en materia de Relaciones Exteriores y sus temas clave para la transformaci\u00f3n de Sinaloa, como la resoluci\u00f3n definitiva de los problemas que los agricultores enfrentan en la comercializaci\u00f3n y exportaci\u00f3n de sus productos. &nbsp; [&hellip;]<\/p>\n","protected":false},"author":1,"featured_media":929,"comment_status":"closed","ping_status":"closed","sticky":false,"template":"","format":"standard","meta":{"footnotes":""},"categories":[24],"tags":[],"ppma_author":[31],"class_list":["post-17087","post","type-post","status-publish","format-standard","has-post-thumbnail","hentry","category-relevantes"],"aioseo_notices":[],"authors":[{"term_id":31,"user_id":1,"is_guest":0,"slug":"ivan3vino","display_name":"Iv\u00e1n Trevi\u00f1o","avatar_url":{"url":"https:\/\/visionciudadana.com.mx\/oficial\/wp-content\/uploads\/2025\/09\/columna-ivan-Trevino.png","url2x":"https:\/\/visionciudadana.com.mx\/oficial\/wp-content\/uploads\/2025\/09\/columna-ivan-Trevino.png"},"0":null,"1":"","2":"","3":"","4":"","5":"","6":"","7":"","8":""}],"_links":{"self":[{"href":"https:\/\/visionciudadana.com.mx\/oficial\/wp-json\/wp\/v2\/posts\/17087","targetHints":{"allow":["GET"]}}],"collection":[{"href":"https:\/\/visionciudadana.com.mx\/oficial\/wp-json\/wp\/v2\/posts"}],"about":[{"href":"https:\/\/visionciudadana.com.mx\/oficial\/wp-json\/wp\/v2\/types\/post"}],"author":[{"embeddable":true,"href":"https:\/\/visionciudadana.com.mx\/oficial\/wp-json\/wp\/v2\/users\/1"}],"replies":[{"embeddable":true,"href":"https:\/\/visionciudadana.com.mx\/oficial\/wp-json\/wp\/v2\/comments?post=17087"}],"version-history":[{"count":1,"href":"https:\/\/visionciudadana.com.mx\/oficial\/wp-json\/wp\/v2\/posts\/17087\/revisions"}],"predecessor-version":[{"id":30917,"href":"https:\/\/visionciudadana.com.mx\/oficial\/wp-json\/wp\/v2\/posts\/17087\/revisions\/30917"}],"wp:featuredmedia":[{"embeddable":true,"href":"https:\/\/visionciudadana.com.mx\/oficial\/wp-json\/wp\/v2\/posts\/929"}],"wp:attachment":[{"href":"https:\/\/visionciudadana.com.mx\/oficial\/wp-json\/wp\/v2\/media?parent=17087"}],"wp:term":[{"taxonomy":"category","embeddable":true,"href":"https:\/\/visionciudadana.com.mx\/oficial\/wp-json\/wp\/v2\/categories?post=17087"},{"taxonomy":"post_tag","embeddable":true,"href":"https:\/\/visionciudadana.com.mx\/oficial\/wp-json\/wp\/v2\/tags?post=17087"},{"taxonomy":"author","embeddable":true,"href":"https:\/\/visionciudadana.com.mx\/oficial\/wp-json\/wp\/v2\/ppma_author?post=17087"}],"curies":[{"name":"wp","href":"https:\/\/api.w.org\/{rel}","templated":true}]}}