{"id":17083,"date":"2021-06-22T22:52:28","date_gmt":"2021-06-22T22:52:28","guid":{"rendered":"https:\/\/visionciudadana.com.mx\/chio\/2021\/06\/22\/dif-culiacan-entrega-donativo-al-hospital-pediatrico-de-sinaloa\/"},"modified":"2025-06-25T00:12:07","modified_gmt":"2025-06-25T00:12:07","slug":"dif-culiacan-entrega-donativo-al-hospital-pediatrico-de-sinaloa","status":"publish","type":"post","link":"https:\/\/visionciudadana.com.mx\/oficial\/2021\/06\/22\/dif-culiacan-entrega-donativo-al-hospital-pediatrico-de-sinaloa\/","title":{"rendered":"\u00a0DIF Culiac\u00e1n entrega donativo al Hospital Pedi\u00e1trico de Sinaloa"},"content":{"rendered":"<p><img fetchpriority=\"high\" decoding=\"async\" src=\"images\/2021\/junio21\/dif-entrega.jpg\" alt=\"dif entrega\" width=\"780\" height=\"420\" style=\"display: block; margin: 20px auto;\" \/><\/p>\n<p style=\"text-align: justify;\">&nbsp;<\/p>\n<p class=\"x_MsoNormal\" style=\"text-align: justify;\"><span style=\"font-size: 14pt; font-family: arial, helvetica, sans-serif;\">El Sistema para el Desarrollo Integral de la Familia (DIF Culiac\u00e1n) presidido por la Sra. Lupita L\u00f3pez de Estrada junto a la Directora General Lydia Peinado Aguirre y Enery Mej\u00eda Mon\u00e1rrez de Voluntariado, hicieron la entrega de donativos al Hospital Pedi\u00e1trico de Sinaloa.<\/span><\/p>\n<p style=\"text-align: justify;\">&nbsp;<\/p>\n<p class=\"x_MsoNormal\" style=\"text-align: justify;\"><span style=\"font-size: 14pt; font-family: arial, helvetica, sans-serif;\">Esto con el objetivo de apoyar a las familias que m\u00e1s lo requieren,&nbsp; dicho apoyo consisti\u00f3 en productos en especie recibidos por la Dra. Estela Robledo Conde, directora general de la instituci\u00f3n hospitalaria.<\/span><\/p>\n<p style=\"text-align: justify;\">&nbsp;<\/p>\n<p class=\"x_MsoNormal\" style=\"text-align: justify;\"><span style=\"font-size: 14pt; font-family: arial, helvetica, sans-serif;\">Fueron un total de 45 paquetes de pa\u00f1ales, 40 paquetes de toallas femeninas, toallas h\u00famedas, as\u00ed como biberones para coadyuvar en el proceso en el que se encuentran personas enfermas y a su vez apoyar a sus familiares.<\/span><\/p>\n<p style=\"text-align: justify;\">&nbsp;<\/p>\n<p class=\"x_MsoNormal\" style=\"text-align: justify;\"><span style=\"font-size: 14pt; font-family: arial, helvetica, sans-serif;\">Cabe mencionar que el Sistema DIF Culiac\u00e1n, hasta la fecha contin\u00faa brindando apoyo a los sectores m\u00e1s vulnerables, por lo que esta labor se suma a las que se han estado realizando, tal es el caso de la entrega de despensas que se llevan a colonias con alto grado de marginaci\u00f3n.<\/span><\/p>\n<p style=\"text-align: justify;\">&nbsp;<\/p>\n<p class=\"x_MsoNormal\" style=\"text-align: justify;\"><span style=\"font-size: 14pt; font-family: arial, helvetica, sans-serif;\">Asimismo, la dependencia municipal, dio a conocer que seguir\u00e1 otorgando apoyos a sectores y centros que lo requieran, ello en la b\u00fasqueda de lograr un mejor desarrollo y bienestar para las personas de escasos recursos.<\/span><\/p>\n<p style=\"text-align: justify;\">&nbsp;<\/p>\n<p style=\"text-align: justify;\">&nbsp;<\/p>\n<p style=\"text-align: justify;\"><span style=\"font-size: 14pt; font-family: arial, helvetica, sans-serif;\">REDACCI\u00d3N\/VISI\u00d3N CIUDADANA.<\/span><\/p>\n","protected":false},"excerpt":{"rendered":"<p>&nbsp; El Sistema para el Desarrollo Integral de la Familia (DIF Culiac\u00e1n) presidido por la Sra. Lupita L\u00f3pez de Estrada junto a la Directora General Lydia Peinado Aguirre y Enery Mej\u00eda Mon\u00e1rrez de Voluntariado, hicieron la entrega de donativos al Hospital Pedi\u00e1trico de Sinaloa. &nbsp; Esto con el objetivo de apoyar a las familias que [&hellip;]<\/p>\n","protected":false},"author":1,"featured_media":921,"comment_status":"closed","ping_status":"closed","sticky":false,"template":"","format":"standard","meta":{"footnotes":""},"categories":[24],"tags":[],"ppma_author":[31],"class_list":["post-17083","post","type-post","status-publish","format-standard","has-post-thumbnail","hentry","category-relevantes"],"aioseo_notices":[],"authors":[{"term_id":31,"user_id":1,"is_guest":0,"slug":"ivan3vino","display_name":"Iv\u00e1n Trevi\u00f1o","avatar_url":{"url":"https:\/\/visionciudadana.com.mx\/oficial\/wp-content\/uploads\/2025\/09\/columna-ivan-Trevino.png","url2x":"https:\/\/visionciudadana.com.mx\/oficial\/wp-content\/uploads\/2025\/09\/columna-ivan-Trevino.png"},"0":null,"1":"","2":"","3":"","4":"","5":"","6":"","7":"","8":""}],"_links":{"self":[{"href":"https:\/\/visionciudadana.com.mx\/oficial\/wp-json\/wp\/v2\/posts\/17083","targetHints":{"allow":["GET"]}}],"collection":[{"href":"https:\/\/visionciudadana.com.mx\/oficial\/wp-json\/wp\/v2\/posts"}],"about":[{"href":"https:\/\/visionciudadana.com.mx\/oficial\/wp-json\/wp\/v2\/types\/post"}],"author":[{"embeddable":true,"href":"https:\/\/visionciudadana.com.mx\/oficial\/wp-json\/wp\/v2\/users\/1"}],"replies":[{"embeddable":true,"href":"https:\/\/visionciudadana.com.mx\/oficial\/wp-json\/wp\/v2\/comments?post=17083"}],"version-history":[{"count":1,"href":"https:\/\/visionciudadana.com.mx\/oficial\/wp-json\/wp\/v2\/posts\/17083\/revisions"}],"predecessor-version":[{"id":30921,"href":"https:\/\/visionciudadana.com.mx\/oficial\/wp-json\/wp\/v2\/posts\/17083\/revisions\/30921"}],"wp:featuredmedia":[{"embeddable":true,"href":"https:\/\/visionciudadana.com.mx\/oficial\/wp-json\/wp\/v2\/media\/921"}],"wp:attachment":[{"href":"https:\/\/visionciudadana.com.mx\/oficial\/wp-json\/wp\/v2\/media?parent=17083"}],"wp:term":[{"taxonomy":"category","embeddable":true,"href":"https:\/\/visionciudadana.com.mx\/oficial\/wp-json\/wp\/v2\/categories?post=17083"},{"taxonomy":"post_tag","embeddable":true,"href":"https:\/\/visionciudadana.com.mx\/oficial\/wp-json\/wp\/v2\/tags?post=17083"},{"taxonomy":"author","embeddable":true,"href":"https:\/\/visionciudadana.com.mx\/oficial\/wp-json\/wp\/v2\/ppma_author?post=17083"}],"curies":[{"name":"wp","href":"https:\/\/api.w.org\/{rel}","templated":true}]}}