{"id":17077,"date":"2021-06-21T19:37:06","date_gmt":"2021-06-21T19:37:06","guid":{"rendered":"https:\/\/visionciudadana.com.mx\/chio\/2021\/06\/21\/reportan-orden-y-tranquilidad-en-panteones-este-dia-del-padre\/"},"modified":"2025-06-25T00:12:08","modified_gmt":"2025-06-25T00:12:08","slug":"reportan-orden-y-tranquilidad-en-panteones-este-dia-del-padre","status":"publish","type":"post","link":"https:\/\/visionciudadana.com.mx\/oficial\/2021\/06\/21\/reportan-orden-y-tranquilidad-en-panteones-este-dia-del-padre\/","title":{"rendered":"Reportan orden y tranquilidad en panteones este D\u00eda del Padre"},"content":{"rendered":"<p><img fetchpriority=\"high\" decoding=\"async\" src=\"images\/2021\/junio21\/reportan-orden.jpg\" alt=\"reportan orden\" width=\"780\" height=\"420\" style=\"display: block; margin: 20px auto;\" \/><\/p>\n<p class=\"x_MsoNormal\" align=\"center\"><b><span lang=\"ES\"><\/span><\/b><\/p>\n<p class=\"x_MsoNormal\" style=\"text-align: justify;\"><span style=\"font-size: 14pt; font-family: arial, helvetica, sans-serif;\"><span lang=\"ES\">Con una asistencia general de entre el 40 y 50 por ciento, se desarrollaron con orden y tranquilidad las festividades con motivo del D\u00eda del Padre en los camposantos de la capital, as\u00ed lo inform\u00f3 el jefe del Departamento de Panteones, Carlos Danilo Burgos Garc\u00eda.<\/span><\/span><\/p>\n<p class=\"x_MsoNormal\" style=\"text-align: justify;\"><span lang=\"ES\" style=\"font-size: 14pt; font-family: arial, helvetica, sans-serif;\"><\/span><\/p>\n<p class=\"x_MsoNormal\" style=\"text-align: justify;\"><span lang=\"ES\" style=\"font-size: 14pt; font-family: arial, helvetica, sans-serif;\">El funcionario municipal detall\u00f3 que durante el pasado domingo se registr\u00f3 una baja afluencia de visitantes a los panteones municipales, lo que permiti\u00f3 llevar un mejor orden y control en los protocolos de supervisi\u00f3n para el cumplimiento de las medidas de sanidad e higiene emitidos por el Sector Salud para prevenir riesgos de contagio por Covid-19.<\/span><\/p>\n<p class=\"x_MsoNormal\" style=\"text-align: justify;\"><span lang=\"ES\" style=\"font-size: 14pt; font-family: arial, helvetica, sans-serif;\"><\/span><\/p>\n<p class=\"x_MsoNormal\" style=\"text-align: justify;\"><span lang=\"ES\" style=\"font-size: 14pt; font-family: arial, helvetica, sans-serif;\">Dio a conocer que en cada uno de los panteones se instalaron filtros sanitarios en los accesos para verificar que las personas atendieran las disposiciones de salud, entre ellas el uso del cubrebocas, desinfecci\u00f3n de manos, toma de temperatura y respeto de la sana distancia.<\/span><\/p>\n<p class=\"x_MsoNormal\" style=\"text-align: justify;\"><span lang=\"ES\" style=\"font-size: 14pt; font-family: arial, helvetica, sans-serif;\"><\/span><\/p>\n<p class=\"x_MsoNormal\" style=\"text-align: justify;\"><span lang=\"ES\" style=\"font-size: 14pt; font-family: arial, helvetica, sans-serif;\">Y de la misma forma que se procedi\u00f3 el pasado 10 de mayo cuando se celebr\u00f3 el D\u00eda de las Madres, se prohibi\u00f3 el acceso a personas mayores de 60 a\u00f1os, embarazadas y ni\u00f1os menores de 12 a\u00f1os, debido a que son consideradas como personas vulnerables y de alto riesgo.<\/span><\/p>\n<p class=\"x_MsoNormal\" style=\"text-align: justify;\"><span lang=\"ES\" style=\"font-size: 14pt; font-family: arial, helvetica, sans-serif;\"><\/span><\/p>\n<p class=\"x_MsoNormal\" style=\"text-align: justify;\"><span lang=\"ES\" style=\"font-size: 14pt; font-family: arial, helvetica, sans-serif;\">Indic\u00f3 que nuevamente se restringi\u00f3 el ingreso a grupos musicales, bebidas alcoh\u00f3licas y reducci\u00f3n de horario de visita; asimismo se ordenaron los puntos de ventas y ambulantaje al exterior de los camposantos, lo cual evit\u00f3 aglomeraciones.<\/span><\/p>\n<p class=\"x_MsoNormal\" style=\"text-align: justify;\"><span lang=\"ES\" style=\"font-size: 14pt; font-family: arial, helvetica, sans-serif;\"><\/span><\/p>\n<p class=\"x_MsoNormal\" style=\"text-align: justify;\"><span lang=\"ES\" style=\"font-size: 14pt; font-family: arial, helvetica, sans-serif;\">Finalmente, mencion\u00f3 que gracias a que varios ciudadanos atendieron el llamado de acudir d\u00edas antes a visitar a sus difuntos, se logr\u00f3 reducir la afluencia de personas el domingo.<\/span><\/p>\n<p style=\"text-align: justify;\">&nbsp;<\/p>\n<p style=\"text-align: justify;\">&nbsp;<\/p>\n<p style=\"text-align: justify;\"><span style=\"font-size: 14pt; font-family: arial, helvetica, sans-serif;\">REDACCI\u00d3N\/VISI\u00d3NCIUDADANA.<\/span><\/p>\n","protected":false},"excerpt":{"rendered":"<p>Con una asistencia general de entre el 40 y 50 por ciento, se desarrollaron con orden y tranquilidad las festividades con motivo del D\u00eda del Padre en los camposantos de la capital, as\u00ed lo inform\u00f3 el jefe del Departamento de Panteones, Carlos Danilo Burgos Garc\u00eda. El funcionario municipal detall\u00f3 que durante el pasado domingo se [&hellip;]<\/p>\n","protected":false},"author":1,"featured_media":914,"comment_status":"closed","ping_status":"closed","sticky":false,"template":"","format":"standard","meta":{"footnotes":""},"categories":[24],"tags":[],"ppma_author":[31],"class_list":["post-17077","post","type-post","status-publish","format-standard","has-post-thumbnail","hentry","category-relevantes"],"aioseo_notices":[],"authors":[{"term_id":31,"user_id":1,"is_guest":0,"slug":"ivan3vino","display_name":"Iv\u00e1n Trevi\u00f1o","avatar_url":{"url":"https:\/\/visionciudadana.com.mx\/oficial\/wp-content\/uploads\/2025\/09\/columna-ivan-Trevino.png","url2x":"https:\/\/visionciudadana.com.mx\/oficial\/wp-content\/uploads\/2025\/09\/columna-ivan-Trevino.png"},"0":null,"1":"","2":"","3":"","4":"","5":"","6":"","7":"","8":""}],"_links":{"self":[{"href":"https:\/\/visionciudadana.com.mx\/oficial\/wp-json\/wp\/v2\/posts\/17077","targetHints":{"allow":["GET"]}}],"collection":[{"href":"https:\/\/visionciudadana.com.mx\/oficial\/wp-json\/wp\/v2\/posts"}],"about":[{"href":"https:\/\/visionciudadana.com.mx\/oficial\/wp-json\/wp\/v2\/types\/post"}],"author":[{"embeddable":true,"href":"https:\/\/visionciudadana.com.mx\/oficial\/wp-json\/wp\/v2\/users\/1"}],"replies":[{"embeddable":true,"href":"https:\/\/visionciudadana.com.mx\/oficial\/wp-json\/wp\/v2\/comments?post=17077"}],"version-history":[{"count":1,"href":"https:\/\/visionciudadana.com.mx\/oficial\/wp-json\/wp\/v2\/posts\/17077\/revisions"}],"predecessor-version":[{"id":30922,"href":"https:\/\/visionciudadana.com.mx\/oficial\/wp-json\/wp\/v2\/posts\/17077\/revisions\/30922"}],"wp:featuredmedia":[{"embeddable":true,"href":"https:\/\/visionciudadana.com.mx\/oficial\/wp-json\/wp\/v2\/posts\/914"}],"wp:attachment":[{"href":"https:\/\/visionciudadana.com.mx\/oficial\/wp-json\/wp\/v2\/media?parent=17077"}],"wp:term":[{"taxonomy":"category","embeddable":true,"href":"https:\/\/visionciudadana.com.mx\/oficial\/wp-json\/wp\/v2\/categories?post=17077"},{"taxonomy":"post_tag","embeddable":true,"href":"https:\/\/visionciudadana.com.mx\/oficial\/wp-json\/wp\/v2\/tags?post=17077"},{"taxonomy":"author","embeddable":true,"href":"https:\/\/visionciudadana.com.mx\/oficial\/wp-json\/wp\/v2\/ppma_author?post=17077"}],"curies":[{"name":"wp","href":"https:\/\/api.w.org\/{rel}","templated":true}]}}