{"id":17076,"date":"2021-06-21T19:31:48","date_gmt":"2021-06-21T19:31:48","guid":{"rendered":"https:\/\/visionciudadana.com.mx\/chio\/2021\/06\/21\/salen-mas-de-51-mil-vacunas-de-ultracongeladores-de-la-uas-para-los-municipios-de-guasave-y-ahome\/"},"modified":"2025-06-25T00:12:08","modified_gmt":"2025-06-25T00:12:08","slug":"salen-mas-de-51-mil-vacunas-de-ultracongeladores-de-la-uas-para-los-municipios-de-guasave-y-ahome","status":"publish","type":"post","link":"https:\/\/visionciudadana.com.mx\/oficial\/2021\/06\/21\/salen-mas-de-51-mil-vacunas-de-ultracongeladores-de-la-uas-para-los-municipios-de-guasave-y-ahome\/","title":{"rendered":"Salen m\u00e1s de51 mil vacunas de ultracongeladores de la UAS para los municipios de Guasave y Ahome"},"content":{"rendered":"<p><img fetchpriority=\"high\" decoding=\"async\" src=\"images\/2021\/junio21\/salen.jpg\" alt=\"salen\" width=\"780\" height=\"420\" style=\"display: block; margin: 20px auto;\" \/><\/p>\n<p>&nbsp;<\/p>\n<p class=\"x_MsoNormal\" style=\"text-align: justify;\"><span style=\"font-size: 14pt; font-family: arial, helvetica, sans-serif;\">Un total de 51 mil 744 mil dosis de la vacuna&nbsp;<i>Pfizer<\/i>&nbsp;salieron de los ultracongeladores de la Facultad de Ciencias Qu\u00edmico Biol\u00f3gicas de la Universidad Aut\u00f3noma de Sinaloa (UAS) para los municipios de Guasave y Ahome, mismas que ser\u00e1n aplicadas como segunda dosis a adultos de 50 a 59 a\u00f1os a partir de este lunes 21 de junio, inform\u00f3 el doctor Gerardo Alapizco Castro<\/span><\/p>\n<p style=\"text-align: justify;\">&nbsp;<\/p>\n<p class=\"x_MsoNormal\" style=\"text-align: justify;\"><span style=\"font-size: 14pt; font-family: arial, helvetica, sans-serif;\">Como Secretario General de la instituci\u00f3n y representante universitario dentro del Comando de Vacunaci\u00f3n, el doctor Alapizco Castro manifest\u00f3 que el rector de la UAS, Dr. Jes\u00fas Madue\u00f1a Molina ha sido muy emp\u00e1tico y ha instruido para tener todas las condiciones para colaborar en lo requerido.<\/span><\/p>\n<p style=\"text-align: justify;\">&nbsp;<\/p>\n<p class=\"x_MsoNormal\" style=\"text-align: justify;\"><span style=\"font-size: 14pt; font-family: arial, helvetica, sans-serif;\">\u201cEl capital humano que tiene la UAS es muy valioso, toda el \u00e1rea de la salud ha sido un trabajo muy intenso tener jornadas de m\u00e1s de 800 brigadistas universitarios en los diferentes centros de vacunaci\u00f3n y precisamente en la jornada de esta semana que est\u00e1 por iniciar, donde adem\u00e1s de&nbsp;<i>Pfizer<\/i>&nbsp;se aplicar\u00e1 AstraZeneca y estar\u00e1n 450 brigadistas universitarios, y el rector Jes\u00fas Madue\u00f1a ha estado muy al pendiente de todo este trabajo y que sigamos sin escatimar esfuerzos\u201d, destac\u00f3.<\/span><\/p>\n<p style=\"text-align: justify;\">&nbsp;<\/p>\n<p class=\"x_MsoNormal\" style=\"text-align: justify;\"><span style=\"font-size: 14pt; font-family: arial, helvetica, sans-serif;\">Asimismo, record\u00f3 que en los ultracongeladores que ha dispuesto la Universidad se han resguardado m\u00e1s de 500 mil dosis desde enero del 2021, y la poblaci\u00f3n vacunada es de m\u00e1s de 100 mil sinaloenses que ya tienen por lo menos la primera dosis, y adultos mayores de 60 a\u00f1os que ya tienen las dos dosis.<\/span><\/p>\n<p style=\"text-align: justify;\">&nbsp;<\/p>\n<p class=\"x_MsoNormal\" style=\"text-align: justify;\"><span style=\"font-size: 14pt; font-family: arial, helvetica, sans-serif;\">Respecto al protocolo establecido desde hace 6 meses que inici\u00f3 la Jornada Nacional de Vacunaci\u00f3n, explic\u00f3 que el Comando est\u00e1 integrado por la delegada del IMSS, la doctora Tania Clarissa Medina L\u00f3pez; el secretario de Salud en Sinaloa, doctor Efr\u00e9n Encinas Torres; el delegado de los programas federales de Bienestar, Jaime Montes, as\u00ed como el delegado del ISSSTE, Marcial Silva, la Guardia Nacional y la Universidad Aut\u00f3noma de Sinaloa.<\/span><\/p>\n<p style=\"text-align: justify;\">&nbsp;<\/p>\n<p class=\"x_MsoNormal\" style=\"text-align: justify;\"><span style=\"font-size: 14pt; font-family: arial, helvetica, sans-serif;\">\u201cEste comando se encarga de recibir la vacuna al llegar al aeropuerto de la capital del estado o v\u00eda terrestre, son trasladados en lo inmediato a las instalaciones de la UAS, y cuando se requiere en los diferentes municipios, entonces sale la vacuna, de alguna forma ya se tiene un n\u00famero determinado a quienes se va a vacunar y son las dosis que salen, cuando se requiere de&nbsp;<i>Pfizer<\/i>\u201d, explic\u00f3.<\/span><\/p>\n<p style=\"text-align: justify;\">&nbsp;<\/p>\n<p class=\"x_MsoNormal\" style=\"text-align: justify;\"><span style=\"font-size: 14pt; font-family: arial, helvetica, sans-serif;\">El Dr. Gerardo Alapizco reiter\u00f3 el llamado a la poblaci\u00f3n universitaria y sociedad en general a no bajar la guardia, a seguir con las medidas sanitarias como son el uso del cubrebocas, gel alcoholado, lavado de manos, as\u00ed como mantener la sana distancia.&nbsp;&nbsp;<\/span><\/p>\n<p style=\"text-align: justify;\">&nbsp;<\/p>\n<p style=\"text-align: justify;\">&nbsp;<\/p>\n<p style=\"text-align: justify;\"><span style=\"font-size: 14pt; font-family: arial, helvetica, sans-serif;\">REDACCI\u00d3N\/VISI\u00d3N CIUDADANA.<\/span><\/p>\n<div style=\"text-align: justify;\"><span style=\"font-size: 14pt; font-family: arial, helvetica, sans-serif;\"><\/span><\/div>\n","protected":false},"excerpt":{"rendered":"<p>&nbsp; Un total de 51 mil 744 mil dosis de la vacuna&nbsp;Pfizer&nbsp;salieron de los ultracongeladores de la Facultad de Ciencias Qu\u00edmico Biol\u00f3gicas de la Universidad Aut\u00f3noma de Sinaloa (UAS) para los municipios de Guasave y Ahome, mismas que ser\u00e1n aplicadas como segunda dosis a adultos de 50 a 59 a\u00f1os a partir de este lunes [&hellip;]<\/p>\n","protected":false},"author":1,"featured_media":912,"comment_status":"closed","ping_status":"closed","sticky":false,"template":"","format":"standard","meta":{"footnotes":""},"categories":[24],"tags":[],"ppma_author":[31],"class_list":["post-17076","post","type-post","status-publish","format-standard","has-post-thumbnail","hentry","category-relevantes"],"aioseo_notices":[],"authors":[{"term_id":31,"user_id":1,"is_guest":0,"slug":"ivan3vino","display_name":"Iv\u00e1n Trevi\u00f1o","avatar_url":{"url":"https:\/\/visionciudadana.com.mx\/oficial\/wp-content\/uploads\/2025\/09\/columna-ivan-Trevino.png","url2x":"https:\/\/visionciudadana.com.mx\/oficial\/wp-content\/uploads\/2025\/09\/columna-ivan-Trevino.png"},"0":null,"1":"","2":"","3":"","4":"","5":"","6":"","7":"","8":""}],"_links":{"self":[{"href":"https:\/\/visionciudadana.com.mx\/oficial\/wp-json\/wp\/v2\/posts\/17076","targetHints":{"allow":["GET"]}}],"collection":[{"href":"https:\/\/visionciudadana.com.mx\/oficial\/wp-json\/wp\/v2\/posts"}],"about":[{"href":"https:\/\/visionciudadana.com.mx\/oficial\/wp-json\/wp\/v2\/types\/post"}],"author":[{"embeddable":true,"href":"https:\/\/visionciudadana.com.mx\/oficial\/wp-json\/wp\/v2\/users\/1"}],"replies":[{"embeddable":true,"href":"https:\/\/visionciudadana.com.mx\/oficial\/wp-json\/wp\/v2\/comments?post=17076"}],"version-history":[{"count":1,"href":"https:\/\/visionciudadana.com.mx\/oficial\/wp-json\/wp\/v2\/posts\/17076\/revisions"}],"predecessor-version":[{"id":30923,"href":"https:\/\/visionciudadana.com.mx\/oficial\/wp-json\/wp\/v2\/posts\/17076\/revisions\/30923"}],"wp:featuredmedia":[{"embeddable":true,"href":"https:\/\/visionciudadana.com.mx\/oficial\/wp-json\/wp\/v2\/posts\/912"}],"wp:attachment":[{"href":"https:\/\/visionciudadana.com.mx\/oficial\/wp-json\/wp\/v2\/media?parent=17076"}],"wp:term":[{"taxonomy":"category","embeddable":true,"href":"https:\/\/visionciudadana.com.mx\/oficial\/wp-json\/wp\/v2\/categories?post=17076"},{"taxonomy":"post_tag","embeddable":true,"href":"https:\/\/visionciudadana.com.mx\/oficial\/wp-json\/wp\/v2\/tags?post=17076"},{"taxonomy":"author","embeddable":true,"href":"https:\/\/visionciudadana.com.mx\/oficial\/wp-json\/wp\/v2\/ppma_author?post=17076"}],"curies":[{"name":"wp","href":"https:\/\/api.w.org\/{rel}","templated":true}]}}