{"id":17074,"date":"2021-06-21T19:13:01","date_gmt":"2021-06-21T19:13:01","guid":{"rendered":"https:\/\/visionciudadana.com.mx\/chio\/2021\/06\/21\/la-ss-ha-realizado-mas-de-6-millones-de-acciones-de-promocion-de-la-salud-ante-contingencia-covid\/"},"modified":"2025-06-25T00:12:08","modified_gmt":"2025-06-25T00:12:08","slug":"la-ss-ha-realizado-mas-de-6-millones-de-acciones-de-promocion-de-la-salud-ante-contingencia-covid","status":"publish","type":"post","link":"https:\/\/visionciudadana.com.mx\/oficial\/2021\/06\/21\/la-ss-ha-realizado-mas-de-6-millones-de-acciones-de-promocion-de-la-salud-ante-contingencia-covid\/","title":{"rendered":"La SS ha realizado m\u00e1s de 6 millones de acciones de promoci\u00f3n de la salud ante Contingencia Covid"},"content":{"rendered":"<p>&nbsp;<\/p>\n<p><img fetchpriority=\"high\" decoding=\"async\" src=\"images\/2021\/junio21\/ha-realizado.jpg\" alt=\"ha realizado\" width=\"780\" height=\"420\" style=\"display: block; margin: 20px auto;\" \/><\/p>\n<p class=\"x_MsoNormal\" style=\"text-align: justify;\"><span style=\"font-size: 14pt; font-family: arial, helvetica, sans-serif;\">Desde el d\u00eda 1 del primer caso de COVID \u2013 19 detectado en Sinaloa, la Secretar\u00eda de Salud ha trabajado arduamente contra el COVID y la tarea continua de manera intensa a lo largo y ancho de todo el estado, pues lamentablemente la pandemia a\u00fan no termina y no es momento de bajar la guardia, afirmo la Dra. Perla Janeth Liz\u00e1rraga Rodr\u00edguez, Subdirectora de Prevenci\u00f3n y Promoci\u00f3n de la Salud.<\/span><\/p>\n<p style=\"text-align: justify;\">&nbsp;<\/p>\n<p class=\"x_MsoNormal\" style=\"text-align: justify;\"><span style=\"font-size: 14pt; font-family: arial, helvetica, sans-serif;\">Detall\u00f3 que, durante esta pandemia el \u00e1rea de promoci\u00f3n de la salud se ha dado a la tarea de lanzar una campa\u00f1a de prevenci\u00f3n extremando medidas preventivas para promocionar el lavado de manos, uso de cubre boca y sana distancia.<\/span><\/p>\n<p style=\"text-align: justify;\">&nbsp;<\/p>\n<p class=\"x_MsoNormal\" style=\"text-align: justify;\"><span style=\"font-size: 14pt; font-family: arial, helvetica, sans-serif;\">Agreg\u00f3 que tan solo en lo que va de este a\u00f1o, personal de la Secretar\u00eda de Salud ha realizado poco m\u00e1s de 6 millones 330 mil 471 acciones de promoci\u00f3n de la salud, donde se han realizado acciones estrat\u00e9gicas en recorridos casa por casa, y la visita a instituciones gubernamentales, comercio, aeropuertos, puertos y central de autobuses, entre otras, con la finalidad de reforzar la informaci\u00f3n y capacitar sobre la prevenci\u00f3n contra COVID -19.<\/span><\/p>\n<p style=\"text-align: justify;\">&nbsp;<\/p>\n<p class=\"x_MsoNormal\" style=\"text-align: justify;\"><span style=\"font-size: 14pt; font-family: arial, helvetica, sans-serif;\">\u201cA\u00fan permanecemos desde que inicio la pandemia y hasta la fecha no hemos dejado de trabajar en la prevenci\u00f3n y promoci\u00f3n de la salud as\u00ed es que les recordamos lo m\u00e1s importante es el autocuidado, cuidarte para que a trav\u00e9s de tu cuidado tengas un impacto en las dem\u00e1s personas, no te quedes con la informaci\u00f3n que te hemos dado, siempre comp\u00e1rtela, porque seguramente estar\u00e1s salvando una vida\u201d, puntualiz\u00f3.<\/span><\/p>\n<p style=\"text-align: justify;\">&nbsp;<\/p>\n<p class=\"x_MsoNormal\" style=\"text-align: justify;\"><span style=\"font-size: 14pt; font-family: arial, helvetica, sans-serif;\">Record\u00f3 que aunque las medidas para prevenir el COVID \u2013 19 ya son muy conocidas y muy sencillas, es de gran importancia recordarle a la poblaci\u00f3n que estas mismas deben de mantenerse para contener los casos de contagio.<\/span><\/p>\n<p style=\"text-align: justify;\">&nbsp;<\/p>\n<p class=\"x_MsoNormal\" style=\"text-align: justify;\"><span style=\"font-size: 14pt; font-family: arial, helvetica, sans-serif;\">Es por ello que se continuar\u00e1 de manera intensa con jornadas de promoci\u00f3n de sana distancia, estar por lo menos de 1.5 a dos metros separados de metro a una persona. Lavarse las manos constantemente, y si no tienes la posibilidad de lavarte las manos usar gel a base de alcohol. Tratar de no tocarte la cara con las manos sucias ni introducirlo a las mucosas de tu cuerpo como son, ojos nariz y boca.<\/span><\/p>\n<p style=\"text-align: justify;\">&nbsp;<\/p>\n<p class=\"x_MsoNormal\" style=\"text-align: justify;\"><span style=\"font-size: 14pt; font-family: arial, helvetica, sans-serif;\">Portar el cubre bocas, es muy importante cubrir tu nariz y boca cuando estas conviviendo, en la calle o en tus labores, ya que ello ayuda a disminuir contagio de cualquier enfermedad respiratoria adem\u00e1s de COVID-19.<\/span><\/p>\n<p style=\"text-align: justify;\">&nbsp;<\/p>\n<p style=\"text-align: justify;\">&nbsp;<\/p>\n<p style=\"text-align: justify;\"><span style=\"font-size: 14pt; font-family: arial, helvetica, sans-serif;\">REDACCI\u00d3N\/VISI\u00d3N CIUDADANA.<\/span><\/p>\n","protected":false},"excerpt":{"rendered":"<p>&nbsp; Desde el d\u00eda 1 del primer caso de COVID \u2013 19 detectado en Sinaloa, la Secretar\u00eda de Salud ha trabajado arduamente contra el COVID y la tarea continua de manera intensa a lo largo y ancho de todo el estado, pues lamentablemente la pandemia a\u00fan no termina y no es momento de bajar la [&hellip;]<\/p>\n","protected":false},"author":1,"featured_media":908,"comment_status":"closed","ping_status":"closed","sticky":false,"template":"","format":"standard","meta":{"footnotes":""},"categories":[24],"tags":[],"ppma_author":[31],"class_list":["post-17074","post","type-post","status-publish","format-standard","has-post-thumbnail","hentry","category-relevantes"],"aioseo_notices":[],"authors":[{"term_id":31,"user_id":1,"is_guest":0,"slug":"ivan3vino","display_name":"Iv\u00e1n Trevi\u00f1o","avatar_url":{"url":"https:\/\/visionciudadana.com.mx\/oficial\/wp-content\/uploads\/2025\/09\/columna-ivan-Trevino.png","url2x":"https:\/\/visionciudadana.com.mx\/oficial\/wp-content\/uploads\/2025\/09\/columna-ivan-Trevino.png"},"0":null,"1":"","2":"","3":"","4":"","5":"","6":"","7":"","8":""}],"_links":{"self":[{"href":"https:\/\/visionciudadana.com.mx\/oficial\/wp-json\/wp\/v2\/posts\/17074","targetHints":{"allow":["GET"]}}],"collection":[{"href":"https:\/\/visionciudadana.com.mx\/oficial\/wp-json\/wp\/v2\/posts"}],"about":[{"href":"https:\/\/visionciudadana.com.mx\/oficial\/wp-json\/wp\/v2\/types\/post"}],"author":[{"embeddable":true,"href":"https:\/\/visionciudadana.com.mx\/oficial\/wp-json\/wp\/v2\/users\/1"}],"replies":[{"embeddable":true,"href":"https:\/\/visionciudadana.com.mx\/oficial\/wp-json\/wp\/v2\/comments?post=17074"}],"version-history":[{"count":1,"href":"https:\/\/visionciudadana.com.mx\/oficial\/wp-json\/wp\/v2\/posts\/17074\/revisions"}],"predecessor-version":[{"id":30925,"href":"https:\/\/visionciudadana.com.mx\/oficial\/wp-json\/wp\/v2\/posts\/17074\/revisions\/30925"}],"wp:featuredmedia":[{"embeddable":true,"href":"https:\/\/visionciudadana.com.mx\/oficial\/wp-json\/wp\/v2\/posts\/908"}],"wp:attachment":[{"href":"https:\/\/visionciudadana.com.mx\/oficial\/wp-json\/wp\/v2\/media?parent=17074"}],"wp:term":[{"taxonomy":"category","embeddable":true,"href":"https:\/\/visionciudadana.com.mx\/oficial\/wp-json\/wp\/v2\/categories?post=17074"},{"taxonomy":"post_tag","embeddable":true,"href":"https:\/\/visionciudadana.com.mx\/oficial\/wp-json\/wp\/v2\/tags?post=17074"},{"taxonomy":"author","embeddable":true,"href":"https:\/\/visionciudadana.com.mx\/oficial\/wp-json\/wp\/v2\/ppma_author?post=17074"}],"curies":[{"name":"wp","href":"https:\/\/api.w.org\/{rel}","templated":true}]}}