{"id":17073,"date":"2021-06-21T19:02:27","date_gmt":"2021-06-21T19:02:27","guid":{"rendered":"https:\/\/visionciudadana.com.mx\/chio\/2021\/06\/21\/gobierno-de-ruben-rocha-moya-abrira-la-cartera-de-inversion-y-generara-confianza-a-empresarios\/"},"modified":"2025-06-25T00:12:08","modified_gmt":"2025-06-25T00:12:08","slug":"gobierno-de-ruben-rocha-moya-abrira-la-cartera-de-inversion-y-generara-confianza-a-empresarios","status":"publish","type":"post","link":"https:\/\/visionciudadana.com.mx\/oficial\/2021\/06\/21\/gobierno-de-ruben-rocha-moya-abrira-la-cartera-de-inversion-y-generara-confianza-a-empresarios\/","title":{"rendered":"Gobierno de Rub\u00e9n Rocha Moya abrir\u00e1 la cartera de inversi\u00f3n y generar\u00e1 confianza a empresarios"},"content":{"rendered":"<p>&nbsp;<\/p>\n<p><img fetchpriority=\"high\" decoding=\"async\" src=\"images\/2021\/junio21\/rocha-abrir\u00e1.jpg\" alt=\"rocha abrir\u00e1\" width=\"780\" height=\"420\" style=\"display: block; margin: 20px auto;\" \/><\/p>\n<p class=\"x_MsoNormal\" style=\"text-align: justify;\"><span style=\"font-size: 14pt; font-family: arial, helvetica, sans-serif;\"> El gobernador electo Rub\u00e9n Rocha Moya puntualiz\u00f3 que Sinaloa es un estado con muchas potencialidades y, por ello, a partir del 1 de noviembre, cuando asuma la gubernatura, se abrir\u00e1 la cartera de inversi\u00f3n gener\u00e1ndole confianza a los empresarios.<\/span><\/p>\n<p style=\"text-align: justify;\">&nbsp;<\/p>\n<p class=\"x_MsoNormal\" style=\"text-align: justify;\"><span style=\"font-size: 14pt; font-family: arial, helvetica, sans-serif;\">\u201cHay que abrir la cartera de inversi\u00f3n, necesitamos generarles confianza a los empresarios, yo he platicado mucho con ellos; tienen cierta desconfianza a los gobiernos morenistas, algunos concluyen err\u00e1ticamente que somos adversarios de los empresarios, eso no es cierto; yo les he dicho muy claramente, yo los quiero convocar, trabajar de la mano con ellos para que se animen a invertir y mi gobierno va a proteger su inversi\u00f3n, es la tarea del gobierno\u201d, afirm\u00f3 en entrevista con un medio nacional.<\/span><\/p>\n<p style=\"text-align: justify;\">&nbsp;<\/p>\n<p class=\"x_MsoNormal\" style=\"text-align: justify;\"><span style=\"font-size: 14pt; font-family: arial, helvetica, sans-serif;\">Se\u00f1al\u00f3 que como gobernador recibir\u00e1 un estado con muchas potencialidades y \u00e1reas de oportunidades para el desarrollo important\u00edsimas, pues Sinaloa es productor primario de alimentos por excelencia y se requiere agregarle valor a esa producci\u00f3n mediante la industrializaci\u00f3n, para aumentar su riqueza de tal forma que permita atender las grandes necesidades de las y los sinaloenses.<\/span><\/p>\n<p style=\"text-align: justify;\">&nbsp;<\/p>\n<p class=\"x_MsoNormal\" style=\"text-align: justify;\"><span style=\"font-size: 14pt; font-family: arial, helvetica, sans-serif;\">\u201cPor su ubicaci\u00f3n geoestrat\u00e9gica, Sinaloa tiene muchas oportunidades, nosotros consideramos que puede ser un estado distribuidor de mercanc\u00edas hacia el sudeste asi\u00e1tico por la Cuenca del Pac\u00edfico; y al norte, que son nuestros socios comerciales y que es el mercado m\u00e1s grande del mundo: Norteam\u00e9rica\u201d, destac\u00f3.<\/span><\/p>\n<p style=\"text-align: justify;\">&nbsp;<\/p>\n<p class=\"x_MsoNormal\" style=\"text-align: justify;\"><span style=\"font-size: 14pt; font-family: arial, helvetica, sans-serif;\">\u201cLo podemos hacer una vez que concluyamos troncales carreteros que est\u00e1n ah\u00ed todav\u00eda algunos en proceso y otros ya concluidos; que tengamos la posibilidad de conectar los dos extremos de Sinaloa con el tren que se proyecta de Durango a Mazatl\u00e1n y que podamos modernizar los puertos para que tengamos realmente puertos de altura que reciban embarcaciones de gran calado para poder hacer esa condici\u00f3n de distribuidores\u201d.<\/span><\/p>\n<p style=\"text-align: justify;\">&nbsp;<\/p>\n<p class=\"x_MsoNormal\" style=\"text-align: justify;\"><span style=\"font-size: 14pt; font-family: arial, helvetica, sans-serif;\">Rocha Moya agreg\u00f3 que las oportunidades de desarrollo de Sinaloa se potenciar\u00e1n a\u00fan m\u00e1s, ya que junto con los gobernadores electos de Morena de Baja California, Baja California Sur, Sonora y Nayarit trazar\u00e1n una agenda regional para detonar programas comunes en \u00e1reas como turismo, agricultura, ganader\u00eda y pesca, y para ello tienen prevista una reuni\u00f3n este mes de junio.<\/span><\/p>\n<p style=\"text-align: justify;\">&nbsp;<\/p>\n<p class=\"x_MsoNormal\" style=\"text-align: justify;\"><span style=\"font-size: 14pt; font-family: arial, helvetica, sans-serif;\">A pregunta expresa, resalt\u00f3 que su gobierno tambi\u00e9n abrir\u00e1 la cobertura universitaria, toda vez que en Sinaloa apenas 39 de cada 100 j\u00f3venes en edad de asistir a la universidad lo hacen, a diferencia de pa\u00edses como Jap\u00f3n y Finlandia, donde el 100 por ciento de los j\u00f3venes ingresan a las instituciones de educaci\u00f3n superior.<\/span><\/p>\n<p style=\"text-align: justify;\">&nbsp;<\/p>\n<p class=\"x_MsoNormal\" style=\"text-align: justify;\"><span style=\"font-size: 14pt; font-family: arial, helvetica, sans-serif;\">El gobernador electo asent\u00f3 que a la par de la ampliaci\u00f3n de la cobertura en educaci\u00f3n superior, se ampliar\u00e1n las becas para los estudiantes de este nivel y el apoyo a las instituciones de educaci\u00f3n superior, diversificando las oportunidades para los j\u00f3venes.<\/span><\/p>\n<p style=\"text-align: justify;\">&nbsp;<\/p>\n<p style=\"text-align: justify;\">&nbsp;<\/p>\n<p style=\"text-align: justify;\"><span style=\"font-size: 14pt; font-family: arial, helvetica, sans-serif;\">REDACCI\u00d3N\/VISI\u00d3N CIUDADANA.<\/span><\/p>\n","protected":false},"excerpt":{"rendered":"<p>&nbsp; El gobernador electo Rub\u00e9n Rocha Moya puntualiz\u00f3 que Sinaloa es un estado con muchas potencialidades y, por ello, a partir del 1 de noviembre, cuando asuma la gubernatura, se abrir\u00e1 la cartera de inversi\u00f3n gener\u00e1ndole confianza a los empresarios. &nbsp; \u201cHay que abrir la cartera de inversi\u00f3n, necesitamos generarles confianza a los empresarios, yo [&hellip;]<\/p>\n","protected":false},"author":1,"featured_media":906,"comment_status":"closed","ping_status":"closed","sticky":false,"template":"","format":"standard","meta":{"footnotes":""},"categories":[24],"tags":[],"ppma_author":[31],"class_list":["post-17073","post","type-post","status-publish","format-standard","has-post-thumbnail","hentry","category-relevantes"],"aioseo_notices":[],"authors":[{"term_id":31,"user_id":1,"is_guest":0,"slug":"ivan3vino","display_name":"Iv\u00e1n Trevi\u00f1o","avatar_url":{"url":"https:\/\/visionciudadana.com.mx\/oficial\/wp-content\/uploads\/2025\/09\/columna-ivan-Trevino.png","url2x":"https:\/\/visionciudadana.com.mx\/oficial\/wp-content\/uploads\/2025\/09\/columna-ivan-Trevino.png"},"0":null,"1":"","2":"","3":"","4":"","5":"","6":"","7":"","8":""}],"_links":{"self":[{"href":"https:\/\/visionciudadana.com.mx\/oficial\/wp-json\/wp\/v2\/posts\/17073","targetHints":{"allow":["GET"]}}],"collection":[{"href":"https:\/\/visionciudadana.com.mx\/oficial\/wp-json\/wp\/v2\/posts"}],"about":[{"href":"https:\/\/visionciudadana.com.mx\/oficial\/wp-json\/wp\/v2\/types\/post"}],"author":[{"embeddable":true,"href":"https:\/\/visionciudadana.com.mx\/oficial\/wp-json\/wp\/v2\/users\/1"}],"replies":[{"embeddable":true,"href":"https:\/\/visionciudadana.com.mx\/oficial\/wp-json\/wp\/v2\/comments?post=17073"}],"version-history":[{"count":1,"href":"https:\/\/visionciudadana.com.mx\/oficial\/wp-json\/wp\/v2\/posts\/17073\/revisions"}],"predecessor-version":[{"id":30926,"href":"https:\/\/visionciudadana.com.mx\/oficial\/wp-json\/wp\/v2\/posts\/17073\/revisions\/30926"}],"wp:featuredmedia":[{"embeddable":true,"href":"https:\/\/visionciudadana.com.mx\/oficial\/wp-json\/wp\/v2\/posts\/906"}],"wp:attachment":[{"href":"https:\/\/visionciudadana.com.mx\/oficial\/wp-json\/wp\/v2\/media?parent=17073"}],"wp:term":[{"taxonomy":"category","embeddable":true,"href":"https:\/\/visionciudadana.com.mx\/oficial\/wp-json\/wp\/v2\/categories?post=17073"},{"taxonomy":"post_tag","embeddable":true,"href":"https:\/\/visionciudadana.com.mx\/oficial\/wp-json\/wp\/v2\/tags?post=17073"},{"taxonomy":"author","embeddable":true,"href":"https:\/\/visionciudadana.com.mx\/oficial\/wp-json\/wp\/v2\/ppma_author?post=17073"}],"curies":[{"name":"wp","href":"https:\/\/api.w.org\/{rel}","templated":true}]}}