{"id":17070,"date":"2021-06-17T22:47:33","date_gmt":"2021-06-17T22:47:33","guid":{"rendered":"https:\/\/visionciudadana.com.mx\/chio\/2021\/06\/17\/inaugura-aeromar-el-vuelo-guadalajara-mazatlan-la-paz-en-su-segunda-etapa\/"},"modified":"2025-06-25T00:12:09","modified_gmt":"2025-06-25T00:12:09","slug":"inaugura-aeromar-el-vuelo-guadalajara-mazatlan-la-paz-en-su-segunda-etapa","status":"publish","type":"post","link":"https:\/\/visionciudadana.com.mx\/oficial\/2021\/06\/17\/inaugura-aeromar-el-vuelo-guadalajara-mazatlan-la-paz-en-su-segunda-etapa\/","title":{"rendered":"Inaugura Aeromar el vuelo Guadalajara-Mazatl\u00e1n-La Paz, en su segunda etapa"},"content":{"rendered":"<p>&nbsp;<\/p>\n<p><img fetchpriority=\"high\" decoding=\"async\" src=\"images\/2021\/junio21\/aeromar.jpg\" alt=\"aeromar\" width=\"780\" height=\"420\" style=\"display: block; margin: 20px auto;\" \/><\/p>\n<p class=\"x_MsoNormal\" style=\"text-align: justify;\"><span style=\"font-size: 14pt; font-family: arial, helvetica, sans-serif;\">La empresa a\u00e9rea Aeromar inaugur\u00f3 hoy la ruta Guadalajara-Mazatl\u00e1n- La Paz, la cual empezar\u00e1 a disponer de tres frecuencias a la semana, en este caso, los d\u00edas jueves, s\u00e1bados y domingos.<\/span><\/p>\n<p style=\"text-align: justify;\">&nbsp;<\/p>\n<p class=\"x_MsoNormal\" style=\"text-align: justify;\"><span style=\"font-size: 14pt; font-family: arial, helvetica, sans-serif;\">Al participar en la ceremonia inaugural del vuelo en el Aeropuerto Internacional de Mazatl\u00e1n y ofrecer una conferencia de prensa, el subsecretario de Inversi\u00f3n, Planeaci\u00f3n y Operaci\u00f3n Tur\u00edstica, Juan Jos\u00e9 Ruiz, en representaci\u00f3n del Secretario de Turismo \u00d3scar P\u00e9rez Barros, se\u00f1al\u00f3 que se trata de un nuevo vuelo que llega a Mazatl\u00e1n, el cual \u201cviene a complementar el esfuerzo que hacemos para tener una mayor conectividad\u201d.<\/span><\/p>\n<p style=\"text-align: justify;\">&nbsp;<\/p>\n<p class=\"x_MsoNormal\" style=\"text-align: justify;\"><span style=\"font-size: 14pt; font-family: arial, helvetica, sans-serif;\">Asimismo, coment\u00f3 que se trabaja de la mano con los socios comerciales para traer nuevos vuelos, destacando que este operar\u00e1 los d\u00edas jueves, s\u00e1bados y domingos con los siguientes horarios:<\/span><\/p>\n<p style=\"text-align: justify;\">&nbsp;<\/p>\n<p class=\"x_MsoNormal\" style=\"text-align: justify;\"><span style=\"font-size: 14pt; font-family: arial, helvetica, sans-serif;\">Llegar\u00e1 a Mazatl\u00e1n a las 11:25 horas y saldr\u00e1 a La Paz, BCS, a las 11:50; de La Paz a Mazatl\u00e1n arribar\u00e1 a las 15:15 y continuar\u00e1 a Guadalajara a las 15:40 horas.<\/span><\/p>\n<p style=\"text-align: justify;\">&nbsp;<\/p>\n<p class=\"x_MsoNormal\" style=\"text-align: justify;\"><span style=\"font-size: 14pt; font-family: arial, helvetica, sans-serif;\">A\u00f1adi\u00f3 que ser\u00e1n dos aeronaves diferentes las que operar\u00e1n con capacidades de 48 y 70 asientos.<\/span><\/p>\n<p style=\"text-align: justify;\">&nbsp;<\/p>\n<p class=\"x_MsoNormal\" style=\"text-align: justify;\"><span style=\"font-size: 14pt; font-family: arial, helvetica, sans-serif;\">Por su parte, el gerente de Mercadotecnia de la aerol\u00ednea, Cristian Vaca, mencion\u00f3 que \u201cestamos contentos de regresar a&nbsp; Mazatl\u00e1n; Aeromar siempre ha estado comprometido con la conectividad regional y estamos seguros que esta va a ser un \u00e9xito total, y a\u00f1adi\u00f3 que contin\u00faan con la implementaci\u00f3n de protocolos de sanidad como el uso obligatorio de cubrebocas, la sanitizaci\u00f3n de espacios comunes, filtros sanitarios, dispensadores de gel antibacterial y respetar la sana distancia.<\/span><\/p>\n<p style=\"text-align: justify;\">&nbsp;<\/p>\n<p class=\"x_MsoNormal\" style=\"text-align: justify;\"><span style=\"font-size: 14pt; font-family: arial, helvetica, sans-serif;\">A su vez, el administrador del aeropuerto, V\u00edctor Ram\u00edrez, precis\u00f3 que el aeropuerto de Mazatl\u00e1n se ha mantenido y \u201cvisualizamos que tendremos una buena temporada, tomando en cuenta que traemos una buena recuperaci\u00f3n de pasajeros con respecto al 2019, que fue hist\u00f3rico al superar el mill\u00f3n de pasajeros\u201d.<\/span><\/p>\n<p style=\"text-align: justify;\">&nbsp;<\/p>\n<p style=\"text-align: justify;\"><span style=\"font-size: 14pt; font-family: arial, helvetica, sans-serif;\">REDACCI\u00d3N\/VISI\u00d3N CIUDADANA.<\/span><\/p>\n","protected":false},"excerpt":{"rendered":"<p>&nbsp; La empresa a\u00e9rea Aeromar inaugur\u00f3 hoy la ruta Guadalajara-Mazatl\u00e1n- La Paz, la cual empezar\u00e1 a disponer de tres frecuencias a la semana, en este caso, los d\u00edas jueves, s\u00e1bados y domingos. &nbsp; Al participar en la ceremonia inaugural del vuelo en el Aeropuerto Internacional de Mazatl\u00e1n y ofrecer una conferencia de prensa, el subsecretario [&hellip;]<\/p>\n","protected":false},"author":1,"featured_media":900,"comment_status":"closed","ping_status":"closed","sticky":false,"template":"","format":"standard","meta":{"footnotes":""},"categories":[24],"tags":[],"ppma_author":[31],"class_list":["post-17070","post","type-post","status-publish","format-standard","has-post-thumbnail","hentry","category-relevantes"],"aioseo_notices":[],"authors":[{"term_id":31,"user_id":1,"is_guest":0,"slug":"ivan3vino","display_name":"Iv\u00e1n Trevi\u00f1o","avatar_url":{"url":"https:\/\/visionciudadana.com.mx\/oficial\/wp-content\/uploads\/2025\/09\/columna-ivan-Trevino.png","url2x":"https:\/\/visionciudadana.com.mx\/oficial\/wp-content\/uploads\/2025\/09\/columna-ivan-Trevino.png"},"0":null,"1":"","2":"","3":"","4":"","5":"","6":"","7":"","8":""}],"_links":{"self":[{"href":"https:\/\/visionciudadana.com.mx\/oficial\/wp-json\/wp\/v2\/posts\/17070","targetHints":{"allow":["GET"]}}],"collection":[{"href":"https:\/\/visionciudadana.com.mx\/oficial\/wp-json\/wp\/v2\/posts"}],"about":[{"href":"https:\/\/visionciudadana.com.mx\/oficial\/wp-json\/wp\/v2\/types\/post"}],"author":[{"embeddable":true,"href":"https:\/\/visionciudadana.com.mx\/oficial\/wp-json\/wp\/v2\/users\/1"}],"replies":[{"embeddable":true,"href":"https:\/\/visionciudadana.com.mx\/oficial\/wp-json\/wp\/v2\/comments?post=17070"}],"version-history":[{"count":1,"href":"https:\/\/visionciudadana.com.mx\/oficial\/wp-json\/wp\/v2\/posts\/17070\/revisions"}],"predecessor-version":[{"id":30929,"href":"https:\/\/visionciudadana.com.mx\/oficial\/wp-json\/wp\/v2\/posts\/17070\/revisions\/30929"}],"wp:featuredmedia":[{"embeddable":true,"href":"https:\/\/visionciudadana.com.mx\/oficial\/wp-json\/wp\/v2\/posts\/900"}],"wp:attachment":[{"href":"https:\/\/visionciudadana.com.mx\/oficial\/wp-json\/wp\/v2\/media?parent=17070"}],"wp:term":[{"taxonomy":"category","embeddable":true,"href":"https:\/\/visionciudadana.com.mx\/oficial\/wp-json\/wp\/v2\/categories?post=17070"},{"taxonomy":"post_tag","embeddable":true,"href":"https:\/\/visionciudadana.com.mx\/oficial\/wp-json\/wp\/v2\/tags?post=17070"},{"taxonomy":"author","embeddable":true,"href":"https:\/\/visionciudadana.com.mx\/oficial\/wp-json\/wp\/v2\/ppma_author?post=17070"}],"curies":[{"name":"wp","href":"https:\/\/api.w.org\/{rel}","templated":true}]}}