{"id":17065,"date":"2021-06-17T21:22:33","date_gmt":"2021-06-17T21:22:33","guid":{"rendered":"https:\/\/visionciudadana.com.mx\/chio\/2021\/06\/17\/los-senalamientos-que-a-nivel-nacional-se-hacen-en-contra-de-ruben-rocha-moya-solo-buscan-desprestigiar-y-deslegitimar-su-triunfo\/"},"modified":"2025-06-25T00:12:09","modified_gmt":"2025-06-25T00:12:09","slug":"los-senalamientos-que-a-nivel-nacional-se-hacen-en-contra-de-ruben-rocha-moya-solo-buscan-desprestigiar-y-deslegitimar-su-triunfo","status":"publish","type":"post","link":"https:\/\/visionciudadana.com.mx\/oficial\/2021\/06\/17\/los-senalamientos-que-a-nivel-nacional-se-hacen-en-contra-de-ruben-rocha-moya-solo-buscan-desprestigiar-y-deslegitimar-su-triunfo\/","title":{"rendered":"Los se\u00f1alamientos que a nivel nacional se hacen en contra de Rub\u00e9n Rocha Moya solo buscan desprestigiar y deslegitimar su triunfo."},"content":{"rendered":"<div><img fetchpriority=\"high\" decoding=\"async\" src=\"images\/2021\/junio21\/pas-y-roha.jpg\" alt=\"pas y roha\" width=\"780\" height=\"420\" style=\"display: block; margin: 20px auto;\" \/><\/div>\n<div style=\"text-align: justify;\"><span style=\"font-size: 14pt; font-family: arial, helvetica, sans-serif;\">H\u00e9ctor Melesio Cu\u00e9n Ojeda afirma que los resultados del proceso de elecci\u00f3n del 6 de junio se definieron cuando se acordaron las candidaturas comunes entre PAS y MORENA, as\u00ed lo expres\u00f3: Pr\u00e1cticamente tom\u00f3 una definici\u00f3n cuando se firm\u00f3 lo que es la alianza de candidatura com\u00fan de lo que es el mejor partido nacional, el m\u00e1s fuerte que es el partido MORENA y el mejor partido regional que existe en M\u00e9xico, donde hay 62 partidos regionales y aqu\u00ed en Sinaloa solamente hay uno que se llama Partido Sinaloense y que desde el 2013 ha sido el mejor en todo M\u00e9xico\u201d.<\/span><\/div>\n<div style=\"text-align: justify;\"><span style=\"font-size: 14pt; font-family: arial, helvetica, sans-serif;\"><\/span><br \/><span style=\"font-size: 14pt; font-family: arial, helvetica, sans-serif;\">Ante los se\u00f1alamientos que el candidato perdedor est\u00e1 haciendo hoy a nivel nacional contra el Dr. Rub\u00e9n Rocha Moya, solo se trata de desprestigiar y deslegitimar al doctor, lo cual no se vale.<\/span><\/div>\n<div style=\"text-align: justify;\">\n<p><span style=\"font-size: 14pt; font-family: arial, helvetica, sans-serif;\">Yo lo acompa\u00f1e durante toda la campa\u00f1a, m\u00e1s de 300 eventos p\u00fablicos y en ning\u00fan momento se cuestion\u00f3 su trayectoria, por ello el PAS decidi\u00f3 apoyar su candidatura en funci\u00f3n de su hoja de servicio intachable. As\u00ed lo expres\u00f3 Cu\u00e9n Ojeda,<\/span><\/div>\n<div style=\"text-align: justify;\"><span style=\"font-size: 14pt; font-family: arial, helvetica, sans-serif;\"><\/span><br \/><span style=\"font-size: 14pt; font-family: arial, helvetica, sans-serif;\">En relaci\u00f3n a lo que hemos dicho de que el PAS co-gobernar\u00e1 en Sinaloa es muy f\u00e1cil entenderlo: \u201cNosotros en los 6 municipios que ganamos como PAS vamos a cogobernar con MORENA, ellos van a estar en los gabinetes nuestros porque as\u00ed lo dice el convenio que firmamos, mismo que habla de inclusi\u00f3n\u201d.<\/span><\/div>\n<div style=\"text-align: justify;\">\n<p><span style=\"font-size: 14pt; font-family: arial, helvetica, sans-serif;\">Tambi\u00e9n especific\u00f3 que \u201ccuando se habla de cogobernar hay mucha gente maledicente que lo ven como que nosotros nos vamos a involucrar en el gobierno del Dr. Rub\u00e9n Rocha Moya y lo ven para mal\u201d.<\/span><\/div>\n<div style=\"text-align: justify;\"><span style=\"font-size: 14pt; font-family: arial, helvetica, sans-serif;\"><\/span><br \/><span style=\"font-size: 14pt; font-family: arial, helvetica, sans-serif;\">Cu\u00e9n Ojeda explica de manera muy clara que cogobernar es asumir responsabilidad, y desde ese punto de vista el PAS har\u00e1 suya esa obligaci\u00f3n con los 8 diputados locales y las 6 presidencias municipales que gan\u00f3, no es otra cosa.<\/span><\/div>\n<div style=\"text-align: justify;\">\n<p><span style=\"font-size: 14pt; font-family: arial, helvetica, sans-serif;\">Es decir, que tenemos mucha claridad en lo que queremos para Sinaloa bajo el concepto de planeaci\u00f3n estrat\u00e9gica, como es la visi\u00f3n que tiene el Dr. Rub\u00e9n Rocha Moya para muchos a\u00f1os por delante. &nbsp;&nbsp;<\/span><\/div>\n<div style=\"text-align: justify;\"><span style=\"font-size: 14pt; font-family: arial, helvetica, sans-serif;\"><\/span><br \/><span style=\"font-size: 14pt; font-family: arial, helvetica, sans-serif;\">Finalmente, Cu\u00e9n Ojeda expres\u00f3 que \u201cno vamos a exigir nada como Partido Sinaloense, de entrada, lo pongo sobre la mesa, libertad plena al Dr. Rub\u00e9n Rocha Moya para cualquier situaci\u00f3n que \u00e9l crea conveniente\u201d.<\/span><\/div>\n<div style=\"text-align: justify;\">&nbsp;<\/div>\n<div style=\"text-align: justify;\">&nbsp;<\/div>\n<div style=\"text-align: justify;\"><span style=\"font-size: 14pt; font-family: arial, helvetica, sans-serif;\">REDACCI\u00d3N\/VISI\u00d3N CIUDADANA.<\/span><\/div>\n","protected":false},"excerpt":{"rendered":"<p>H\u00e9ctor Melesio Cu\u00e9n Ojeda afirma que los resultados del proceso de elecci\u00f3n del 6 de junio se definieron cuando se acordaron las candidaturas comunes entre PAS y MORENA, as\u00ed lo expres\u00f3: Pr\u00e1cticamente tom\u00f3 una definici\u00f3n cuando se firm\u00f3 lo que es la alianza de candidatura com\u00fan de lo que es el mejor partido nacional, el [&hellip;]<\/p>\n","protected":false},"author":1,"featured_media":891,"comment_status":"closed","ping_status":"closed","sticky":false,"template":"","format":"standard","meta":{"footnotes":""},"categories":[24],"tags":[],"ppma_author":[31],"class_list":["post-17065","post","type-post","status-publish","format-standard","has-post-thumbnail","hentry","category-relevantes"],"aioseo_notices":[],"authors":[{"term_id":31,"user_id":1,"is_guest":0,"slug":"ivan3vino","display_name":"Iv\u00e1n Trevi\u00f1o","avatar_url":{"url":"https:\/\/visionciudadana.com.mx\/oficial\/wp-content\/uploads\/2025\/09\/columna-ivan-Trevino.png","url2x":"https:\/\/visionciudadana.com.mx\/oficial\/wp-content\/uploads\/2025\/09\/columna-ivan-Trevino.png"},"0":null,"1":"","2":"","3":"","4":"","5":"","6":"","7":"","8":""}],"_links":{"self":[{"href":"https:\/\/visionciudadana.com.mx\/oficial\/wp-json\/wp\/v2\/posts\/17065","targetHints":{"allow":["GET"]}}],"collection":[{"href":"https:\/\/visionciudadana.com.mx\/oficial\/wp-json\/wp\/v2\/posts"}],"about":[{"href":"https:\/\/visionciudadana.com.mx\/oficial\/wp-json\/wp\/v2\/types\/post"}],"author":[{"embeddable":true,"href":"https:\/\/visionciudadana.com.mx\/oficial\/wp-json\/wp\/v2\/users\/1"}],"replies":[{"embeddable":true,"href":"https:\/\/visionciudadana.com.mx\/oficial\/wp-json\/wp\/v2\/comments?post=17065"}],"version-history":[{"count":1,"href":"https:\/\/visionciudadana.com.mx\/oficial\/wp-json\/wp\/v2\/posts\/17065\/revisions"}],"predecessor-version":[{"id":30934,"href":"https:\/\/visionciudadana.com.mx\/oficial\/wp-json\/wp\/v2\/posts\/17065\/revisions\/30934"}],"wp:featuredmedia":[{"embeddable":true,"href":"https:\/\/visionciudadana.com.mx\/oficial\/wp-json\/wp\/v2\/posts\/891"}],"wp:attachment":[{"href":"https:\/\/visionciudadana.com.mx\/oficial\/wp-json\/wp\/v2\/media?parent=17065"}],"wp:term":[{"taxonomy":"category","embeddable":true,"href":"https:\/\/visionciudadana.com.mx\/oficial\/wp-json\/wp\/v2\/categories?post=17065"},{"taxonomy":"post_tag","embeddable":true,"href":"https:\/\/visionciudadana.com.mx\/oficial\/wp-json\/wp\/v2\/tags?post=17065"},{"taxonomy":"author","embeddable":true,"href":"https:\/\/visionciudadana.com.mx\/oficial\/wp-json\/wp\/v2\/ppma_author?post=17065"}],"curies":[{"name":"wp","href":"https:\/\/api.w.org\/{rel}","templated":true}]}}