{"id":17064,"date":"2021-06-17T20:35:55","date_gmt":"2021-06-17T20:35:55","guid":{"rendered":"https:\/\/visionciudadana.com.mx\/chio\/2021\/06\/17\/sinaloa-mantendra-semaforo-amarillo-del-21-de-junio-al-4-de-julio-ss\/"},"modified":"2025-06-25T00:12:10","modified_gmt":"2025-06-25T00:12:10","slug":"sinaloa-mantendra-semaforo-amarillo-del-21-de-junio-al-4-de-julio-ss","status":"publish","type":"post","link":"https:\/\/visionciudadana.com.mx\/oficial\/2021\/06\/17\/sinaloa-mantendra-semaforo-amarillo-del-21-de-junio-al-4-de-julio-ss\/","title":{"rendered":"Sinaloa mantendr\u00e1 sem\u00e1foro amarillo del 21 de junio al 4 de julio: SS"},"content":{"rendered":"<p>&nbsp;<\/p>\n<p><img fetchpriority=\"high\" decoding=\"async\" src=\"images\/2021\/junio21\/sinaloa_mantendr\u00e1.PNG\" alt=\"sinaloa mantendr\u00e1\" width=\"534\" height=\"486\" style=\"display: block; margin: 20px auto;\" \/><\/p>\n<p style=\"text-align: justify;\"><span style=\"font-size: 14pt; font-family: arial, helvetica, sans-serif;\">El estado de Sinaloa se mantendr\u00e1 en color amarillo en su sem\u00e1foro epidemiol\u00f3gico por COVID -19 del 21 de junio al 04 de julio, as\u00ed lo dio a conocer el Secretario de Salud de Sinaloa, Dr. Efr\u00e9n Encinas Torres, quien record\u00f3 que el color del sem\u00e1foro lo establece la federaci\u00f3n de acuerdo a los indicadores que cada estado arroja como lo son el n\u00famero de casos activos, ocupaci\u00f3n hospitalaria en camas Covid y el \u00edndice de mortandad.<\/span><\/p>\n<p style=\"text-align: justify;\">&nbsp;<\/p>\n<p style=\"text-align: justify;\"><span style=\"font-size: 14pt; font-family: arial, helvetica, sans-serif;\">El responsable de la Salud en la entidad, reiter\u00f3 que el color del sem\u00e1foro epidemiol\u00f3gico es marcado por la federaci\u00f3n, y al mantenernos en amarillo recalc\u00f3 que la poblaci\u00f3n en general incluyendo poblaci\u00f3n ya vacunada debe de reforzar las medidas y protocolos sanitarios ya establecidos, de igual forma inform\u00f3 que se continua con el reforzamiento de acciones de prevenci\u00f3n y promoci\u00f3n de la salud contra el COVID-19 a lo largo y ancho del estado.<\/span><\/p>\n<p style=\"text-align: justify;\">&nbsp;<\/p>\n<p style=\"text-align: justify;\"><span style=\"font-size: 14pt; font-family: arial, helvetica, sans-serif;\">\u201cEl color \u00fanicamente habla de casos activos, nosotros de alguna manera el llamado a la poblaci\u00f3n es extremen precauciones todos, refuercen medidas sanitarias y los protocolos, el esquema de vacunaci\u00f3n estamos promoviendo a trav\u00e9s del comando estatal traer lo m\u00e1s pronto posible vacunas para poblaci\u00f3n de 40 a\u00f1os en adelante, porque, porque es la mayor etapa de movilidad de personas adultos y j\u00f3venes que tambi\u00e9n muchos pueden ser asintom\u00e1ticos, estamos buscando ese camino\u201d, mencion\u00f3.<\/span><\/p>\n<p style=\"text-align: justify;\">&nbsp;<\/p>\n<p style=\"text-align: justify;\"><span style=\"font-size: 14pt; font-family: arial, helvetica, sans-serif;\">Refrend\u00f3 que la mejor medida y la m\u00e1s sencilla para evitar ser contagiado o contagiar a nuestros seres queridos ser\u00e1 el autocuidado a trav\u00e9s del tri\u00e1ngulo de la vida; uso de cubre boca, sana distancia y lavado continuo de manos.<\/span><\/p>\n<p style=\"text-align: justify;\">&nbsp;<\/p>\n<p style=\"text-align: justify;\"><span style=\"font-size: 14pt; font-family: arial, helvetica, sans-serif;\">Finalmente llam\u00f3 a la poblaci\u00f3n sinaloense a celebrar este d\u00eda del padre el pr\u00f3ximo domingo 20 de junio de manera familiar y tranquila sin olvidar la importancia de los protocolos ya mencionados, pues denot\u00f3 que el amor y el cari\u00f1o tambi\u00e9n se demuestra a trav\u00e9s de los cuidados y esquemas de prevenci\u00f3n, que se festeje en espacios cortos.<\/span><\/p>\n<p style=\"text-align: justify;\">&nbsp;<\/p>\n<p style=\"text-align: justify;\"><span style=\"font-size: 14pt; font-family: arial, helvetica, sans-serif;\">Recomend\u00f3 que extremen las precauciones evitar aglomeraciones, si pueden hacer festejos o reconocimientos peque\u00f1os en familia es mejor y no ma\u00f1ana o pasado que haya algo que lamentar<\/span><\/p>\n<p style=\"text-align: justify;\">&nbsp;<\/p>\n<p style=\"text-align: justify;\">&nbsp;<\/p>\n<p style=\"text-align: justify;\"><span style=\"font-size: 14pt; font-family: arial, helvetica, sans-serif;\">REDACCI\u00d3N\/VISI\u00d3N CIUDADANA.<\/span><\/p>\n","protected":false},"excerpt":{"rendered":"<p>&nbsp; El estado de Sinaloa se mantendr\u00e1 en color amarillo en su sem\u00e1foro epidemiol\u00f3gico por COVID -19 del 21 de junio al 04 de julio, as\u00ed lo dio a conocer el Secretario de Salud de Sinaloa, Dr. Efr\u00e9n Encinas Torres, quien record\u00f3 que el color del sem\u00e1foro lo establece la federaci\u00f3n de acuerdo a los [&hellip;]<\/p>\n","protected":false},"author":1,"featured_media":889,"comment_status":"closed","ping_status":"closed","sticky":false,"template":"","format":"standard","meta":{"footnotes":""},"categories":[24],"tags":[],"ppma_author":[31],"class_list":["post-17064","post","type-post","status-publish","format-standard","has-post-thumbnail","hentry","category-relevantes"],"aioseo_notices":[],"authors":[{"term_id":31,"user_id":1,"is_guest":0,"slug":"ivan3vino","display_name":"Iv\u00e1n Trevi\u00f1o","avatar_url":{"url":"https:\/\/visionciudadana.com.mx\/oficial\/wp-content\/uploads\/2025\/09\/columna-ivan-Trevino.png","url2x":"https:\/\/visionciudadana.com.mx\/oficial\/wp-content\/uploads\/2025\/09\/columna-ivan-Trevino.png"},"0":null,"1":"","2":"","3":"","4":"","5":"","6":"","7":"","8":""}],"_links":{"self":[{"href":"https:\/\/visionciudadana.com.mx\/oficial\/wp-json\/wp\/v2\/posts\/17064","targetHints":{"allow":["GET"]}}],"collection":[{"href":"https:\/\/visionciudadana.com.mx\/oficial\/wp-json\/wp\/v2\/posts"}],"about":[{"href":"https:\/\/visionciudadana.com.mx\/oficial\/wp-json\/wp\/v2\/types\/post"}],"author":[{"embeddable":true,"href":"https:\/\/visionciudadana.com.mx\/oficial\/wp-json\/wp\/v2\/users\/1"}],"replies":[{"embeddable":true,"href":"https:\/\/visionciudadana.com.mx\/oficial\/wp-json\/wp\/v2\/comments?post=17064"}],"version-history":[{"count":1,"href":"https:\/\/visionciudadana.com.mx\/oficial\/wp-json\/wp\/v2\/posts\/17064\/revisions"}],"predecessor-version":[{"id":30935,"href":"https:\/\/visionciudadana.com.mx\/oficial\/wp-json\/wp\/v2\/posts\/17064\/revisions\/30935"}],"wp:featuredmedia":[{"embeddable":true,"href":"https:\/\/visionciudadana.com.mx\/oficial\/wp-json\/wp\/v2\/posts\/889"}],"wp:attachment":[{"href":"https:\/\/visionciudadana.com.mx\/oficial\/wp-json\/wp\/v2\/media?parent=17064"}],"wp:term":[{"taxonomy":"category","embeddable":true,"href":"https:\/\/visionciudadana.com.mx\/oficial\/wp-json\/wp\/v2\/categories?post=17064"},{"taxonomy":"post_tag","embeddable":true,"href":"https:\/\/visionciudadana.com.mx\/oficial\/wp-json\/wp\/v2\/tags?post=17064"},{"taxonomy":"author","embeddable":true,"href":"https:\/\/visionciudadana.com.mx\/oficial\/wp-json\/wp\/v2\/ppma_author?post=17064"}],"curies":[{"name":"wp","href":"https:\/\/api.w.org\/{rel}","templated":true}]}}