{"id":17062,"date":"2021-06-17T20:25:49","date_gmt":"2021-06-17T20:25:49","guid":{"rendered":"https:\/\/visionciudadana.com.mx\/chio\/2021\/06\/17\/coepriss-inicia-operativo-de-vigilancia-y-fomento-sanitario-con-motivo-del-dia-del-padre\/"},"modified":"2025-06-25T00:12:10","modified_gmt":"2025-06-25T00:12:10","slug":"coepriss-inicia-operativo-de-vigilancia-y-fomento-sanitario-con-motivo-del-dia-del-padre","status":"publish","type":"post","link":"https:\/\/visionciudadana.com.mx\/oficial\/2021\/06\/17\/coepriss-inicia-operativo-de-vigilancia-y-fomento-sanitario-con-motivo-del-dia-del-padre\/","title":{"rendered":"Coepriss inicia operativo de vigilancia y fomento sanitario con motivo del D\u00eda del Padre"},"content":{"rendered":"<div>\n<p>&nbsp;<\/p>\n<p><img fetchpriority=\"high\" decoding=\"async\" src=\"images\/2021\/junio21\/coepriss.jpg\" alt=\"coepriss\" width=\"780\" height=\"420\" style=\"display: block; margin: 20px auto;\" \/><\/p>\n<p class=\"x_MsoNormal\"><span style=\"font-family: verdana, sans-serif; font-size: large;\">La Secretar\u00eda de Salud, a trav\u00e9s de la Comisi\u00f3n Estatal para la Protecci\u00f3n contra Riesgos Sanitarios de Sinaloa (Coepriss), ha puesto en marcha el operativo de vigilancia y fomento sanitario con motivo de la celebraci\u00f3n del D\u00eda del Padre el pr\u00f3ximo domingo 20 de junio.<\/span><\/p>\n<p>&nbsp;<\/p>\n<p class=\"x_MsoNormal\"><span style=\"font-family: verdana, sans-serif; font-size: large;\">El comisionado Jorge Alan Urbina Vidales explic\u00f3 que este operativo tiene el prop\u00f3sito de supervisar el cumplimiento de los protocolos sanitarios para prevenir el contagio del SARS-Cov-2, virus causante del COVID-19.<\/span><\/p>\n<p>&nbsp;<\/p>\n<p class=\"x_MsoNormal\"><span style=\"font-family: verdana, sans-serif; font-size: large;\">Sostuvo que se mantiene la coordinaci\u00f3n con el sector restaurantero que espera un repunte en sus ventas debido a la afluencia familiar pero con el cuidado de los protocolos sanitarios para garantizar la salud y el bienestar de sus comensales.<\/span><\/p>\n<p>&nbsp;<\/p>\n<p class=\"x_MsoNormal\"><span style=\"font-family: verdana, sans-serif; font-size: large;\">\u201cComprendemos que es un d\u00eda donde la poblaci\u00f3n sale para disfrutar con sus familiares esta fecha tan especial y un espacio tradicional de reuni\u00f3n son los restaurantes que han demostrado un buen manejo de los protocolos sanitarios debido a experiencias anteriores como el D\u00eda de la Madre y el D\u00eda del Ni\u00f1o y la Ni\u00f1a\u201d, coment\u00f3.<\/span><\/p>\n<p>&nbsp;<\/p>\n<p class=\"x_MsoNormal\"><span style=\"font-family: verdana, sans-serif; font-size: large;\">Inform\u00f3 que las autoridades sanitarias se han coordinado con los 18 Ayuntamientos de Sinaloa para la realizaci\u00f3n del operativo con la finalidad de que se respeten las medidas sanitarias y se eviten aglomeraciones de personas en establecimientos comerciales y en la v\u00eda p\u00fablica.<\/span><\/p>\n<p>&nbsp;<\/p>\n<p class=\"x_MsoNormal\"><span style=\"font-family: verdana, sans-serif; font-size: large;\">En esta celebraci\u00f3n, afirm\u00f3, existe confianza de que la poblaci\u00f3n act\u00fae con responsabilidad considerando los antecedentes de las \u00faltimas celebraciones en las que el comportamiento ha sido civilizado a pesar del aumento de la movilidad.<\/span><\/p>\n<p>&nbsp;<\/p>\n<p class=\"x_MsoNormal\"><span style=\"font-family: verdana, sans-serif; font-size: large;\">Subray\u00f3 que se vigilar\u00e1 el funcionamiento de los filtros sanitarios con toma de temperatura y disposici\u00f3n de gel antibacterial, uso obligatorio de cubrebocas, aforo limitado, respeto a la sana distancia, se\u00f1al\u00e9tica, tapete sanitizante y lavado de manos para disminuir los riesgos de transmisi\u00f3n del virus SARS-CoV-2.<\/span><\/p>\n<p>&nbsp;<\/p>\n<p class=\"x_MsoNormal\"><span style=\"font-family: verdana, sans-serif; font-size: large;\">Asever\u00f3 que las acciones se realizar\u00e1n por las brigadas sanitarias pero tendr\u00e1n el apoyo del Instituto Estatal de Protecci\u00f3n Civil y de las dependencias de Protecci\u00f3n Civil de los municipios.<\/span><\/p>\n<p>&nbsp;<\/p>\n<p class=\"x_MsoNormal\"><span style=\"font-family: verdana, sans-serif; font-size: large;\">Jorge Alan Urbina Vidales reconoci\u00f3 que en esta fecha aumenta el consumo y la movilidad de las familias lo que implica un riesgo y obliga al cumplimiento de los protocolos sanitarios por lo que el operativo se llevar\u00e1 a cabo del 17 al 21 de junio.<\/span><\/p>\n<p>&nbsp;<\/p>\n<p class=\"x_MsoNormal\"><span style=\"font-family: verdana, sans-serif; font-size: large;\">Destac\u00f3 la necesidad de que la ciudadan\u00eda siga aplicando de manera personal el tri\u00e1ngulo de la vida que consiste en uso de cubrebocas, sana distancia y lavado de manos o aplicaci\u00f3n de gel antibacterial.<\/span><\/p>\n<p>&nbsp;<\/p>\n<p class=\"x_MsoNormal\"><span style=\"font-family: verdana, sans-serif; font-size: large;\">Precis\u00f3 que tambi\u00e9n apoyar\u00e1n en el operativo la Secretar\u00eda de Seguridad P\u00fablica del Estado y las secretar\u00edas o direcciones de Seguridad P\u00fablica de los municipios, y los Inspectores de la Direcci\u00f3n y Vigilancia del Estado de Sinaloa, as\u00ed como de las dependencias de Inspecci\u00f3n y Vigilancia de los Ayuntamientos.<\/span><\/p>\n<p>&nbsp;<\/p>\n<p>&nbsp;<\/p>\n<p>REDACCI\u00d3N\/VISI\u00d3N CIUDADANA.<\/p>\n<\/div>\n<div><span style=\"font-family: verdana, sans-serif; font-size: large;\"><\/span><\/div>\n<div dir=\"ltr\">\n<div dir=\"ltr\">\n<div>\n<div dir=\"ltr\">\n<div>&nbsp;<\/div>\n<\/div>\n<\/div>\n<\/div>\n<\/div>\n","protected":false},"excerpt":{"rendered":"<p>&nbsp; La Secretar\u00eda de Salud, a trav\u00e9s de la Comisi\u00f3n Estatal para la Protecci\u00f3n contra Riesgos Sanitarios de Sinaloa (Coepriss), ha puesto en marcha el operativo de vigilancia y fomento sanitario con motivo de la celebraci\u00f3n del D\u00eda del Padre el pr\u00f3ximo domingo 20 de junio. &nbsp; El comisionado Jorge Alan Urbina Vidales explic\u00f3 que [&hellip;]<\/p>\n","protected":false},"author":1,"featured_media":885,"comment_status":"closed","ping_status":"closed","sticky":false,"template":"","format":"standard","meta":{"footnotes":""},"categories":[24],"tags":[],"ppma_author":[31],"class_list":["post-17062","post","type-post","status-publish","format-standard","has-post-thumbnail","hentry","category-relevantes"],"aioseo_notices":[],"authors":[{"term_id":31,"user_id":1,"is_guest":0,"slug":"ivan3vino","display_name":"Iv\u00e1n Trevi\u00f1o","avatar_url":{"url":"https:\/\/visionciudadana.com.mx\/oficial\/wp-content\/uploads\/2025\/09\/columna-ivan-Trevino.png","url2x":"https:\/\/visionciudadana.com.mx\/oficial\/wp-content\/uploads\/2025\/09\/columna-ivan-Trevino.png"},"0":null,"1":"","2":"","3":"","4":"","5":"","6":"","7":"","8":""}],"_links":{"self":[{"href":"https:\/\/visionciudadana.com.mx\/oficial\/wp-json\/wp\/v2\/posts\/17062","targetHints":{"allow":["GET"]}}],"collection":[{"href":"https:\/\/visionciudadana.com.mx\/oficial\/wp-json\/wp\/v2\/posts"}],"about":[{"href":"https:\/\/visionciudadana.com.mx\/oficial\/wp-json\/wp\/v2\/types\/post"}],"author":[{"embeddable":true,"href":"https:\/\/visionciudadana.com.mx\/oficial\/wp-json\/wp\/v2\/users\/1"}],"replies":[{"embeddable":true,"href":"https:\/\/visionciudadana.com.mx\/oficial\/wp-json\/wp\/v2\/comments?post=17062"}],"version-history":[{"count":1,"href":"https:\/\/visionciudadana.com.mx\/oficial\/wp-json\/wp\/v2\/posts\/17062\/revisions"}],"predecessor-version":[{"id":30937,"href":"https:\/\/visionciudadana.com.mx\/oficial\/wp-json\/wp\/v2\/posts\/17062\/revisions\/30937"}],"wp:featuredmedia":[{"embeddable":true,"href":"https:\/\/visionciudadana.com.mx\/oficial\/wp-json\/wp\/v2\/posts\/885"}],"wp:attachment":[{"href":"https:\/\/visionciudadana.com.mx\/oficial\/wp-json\/wp\/v2\/media?parent=17062"}],"wp:term":[{"taxonomy":"category","embeddable":true,"href":"https:\/\/visionciudadana.com.mx\/oficial\/wp-json\/wp\/v2\/categories?post=17062"},{"taxonomy":"post_tag","embeddable":true,"href":"https:\/\/visionciudadana.com.mx\/oficial\/wp-json\/wp\/v2\/tags?post=17062"},{"taxonomy":"author","embeddable":true,"href":"https:\/\/visionciudadana.com.mx\/oficial\/wp-json\/wp\/v2\/ppma_author?post=17062"}],"curies":[{"name":"wp","href":"https:\/\/api.w.org\/{rel}","templated":true}]}}