{"id":17061,"date":"2021-06-17T20:21:24","date_gmt":"2021-06-17T20:21:24","guid":{"rendered":"https:\/\/visionciudadana.com.mx\/chio\/2021\/06\/17\/compromete-rocha-moya-trabajar-para-poner-en-alto-el-nombre-de-sinaloa\/"},"modified":"2025-06-25T00:12:10","modified_gmt":"2025-06-25T00:12:10","slug":"compromete-rocha-moya-trabajar-para-poner-en-alto-el-nombre-de-sinaloa","status":"publish","type":"post","link":"https:\/\/visionciudadana.com.mx\/oficial\/2021\/06\/17\/compromete-rocha-moya-trabajar-para-poner-en-alto-el-nombre-de-sinaloa\/","title":{"rendered":"Compromete Rocha Moya trabajar para poner en alto el nombre de Sinaloa"},"content":{"rendered":"<p style=\"text-align: justify;\">&nbsp;<\/p>\n<p style=\"text-align: justify;\"><img fetchpriority=\"high\" decoding=\"async\" src=\"images\/2021\/junio21\/compromete.jpg\" alt=\"compromete\" width=\"780\" height=\"420\" style=\"display: block; margin: 20px auto;\" \/><\/p>\n<p id=\"geom_inter_1623961048901_92_20\" class=\"x_MsoNormal\" style=\"text-align: justify;\"><span style=\"font-size: 14pt; font-family: arial, helvetica, sans-serif;\"> El gobernador electo de Sinaloa, Rub\u00e9n Rocha Moya, asegur\u00f3 que durante su administraci\u00f3n, la cual iniciar\u00e1 a partir del 1 de noviembre, se trabajar\u00e1 para sacar a Sinaloa del estigma negativo a trav\u00e9s del fomento de la cultura, el deporte y la educaci\u00f3n y el desarrollo econ\u00f3mico.<\/span><\/p>\n<p style=\"text-align: justify;\">&nbsp;<\/p>\n<p id=\"geom_inter_1623961048902_29_21\" class=\"x_MsoNormal\" style=\"text-align: justify;\"><span style=\"font-size: 14pt; font-family: arial, helvetica, sans-serif;\">Dijo que en el cambio de narrativa que se busca para Sinaloa, la cultura tendr\u00e1 un papel preponderante: \u00abtenemos que trabajar en esa parte intangible que normalmente el gobernante no le tiene mucho inter\u00e9s, pero yo un&nbsp; soy acad\u00e9mico, fui rector de la Universidad, estoy ligado con el mundo cultural, pero por supuesto que necesitamos sacar a Sinaloa de esa imagen negativa que se tiene hist\u00f3ricamente, sacarlo a trav\u00e9s del fomento de la cultura, del deporte, de la educaci\u00f3n y la sana recreaci\u00f3n\u201d.<\/span><\/p>\n<p style=\"text-align: justify;\">&nbsp;<\/p>\n<p id=\"geom_inter_1623961056898_96_30\" class=\"x_MsoNormal\" style=\"text-align: justify;\"><span style=\"font-size: 14pt; font-family: arial, helvetica, sans-serif;\">\u201cNuestra vocaci\u00f3n natural es la agricultura, la ganader\u00eda y la pesca, nosotros somos productores de granos en gran escala, ah\u00ed vamos tambi\u00e9n a concentrarnos, en la industrializaci\u00f3n desde luego, y en&nbsp; brindar oportunidades a los que menos tienen\u201d, recalc\u00f3 durante una entrevista que concedi\u00f3 a un medio nacional desde la Ciudad de M\u00e9xico.<\/span><\/p>\n<p style=\"text-align: justify;\">&nbsp;<\/p>\n<p id=\"geom_inter_1623961056899_87_32\" class=\"x_MsoNormal\" style=\"text-align: justify;\"><span style=\"font-size: 14pt; font-family: arial, helvetica, sans-serif;\">Rocha Moya destac\u00f3 que se trabaja ya en un Plan de Seguridad Estatal acorde con la Estrategia Nacional en esta materia, que contribuir\u00e1 a generar la paz para todas las familias sinaloenses, el cual consta de dos ejes: prevenci\u00f3n y fortalecimiento de la fuerza p\u00fablica estatal capaz de combatir el crimen y, perseguir el delito.<\/span><\/p>\n<p style=\"text-align: justify;\">&nbsp;<\/p>\n<p id=\"geom_inter_1623961057931_17_34\" class=\"x_MsoNormal\" style=\"text-align: justify;\"><span style=\"font-size: 14pt; font-family: arial, helvetica, sans-serif;\">Con relaci\u00f3n a la dignificaci\u00f3n y especializaci\u00f3n del trabajo policiaco, detall\u00f3 que se mejorar\u00e1n sueldos, prestaciones y seguro de vida; y se crear\u00e1 la Universidad de las y los polic\u00edas para la formaci\u00f3n integral y de alto nivel de los cuerpos de seguridad que existen en el estado.<\/span><\/p>\n<p style=\"text-align: justify;\">&nbsp;<\/p>\n<p id=\"geom_inter_1623961057931_35_36\" class=\"x_MsoNormal\" style=\"text-align: justify;\"><span style=\"font-size: 14pt; font-family: arial, helvetica, sans-serif;\">\u201cQueremos crear la Universidad del polic\u00eda para darle estatus a la funci\u00f3n, al oficio y a la profesi\u00f3n del polic\u00eda, hay que revalorar todo esto para efecto de entrar en una nueva circunstancia de ataque a la delincuencia\u201d.<\/span><\/p>\n<p style=\"text-align: justify;\">&nbsp;<\/p>\n<p style=\"text-align: justify;\">&nbsp;<\/p>\n<p style=\"text-align: justify;\"><span style=\"font-size: 14pt; font-family: arial, helvetica, sans-serif;\">REDACCI\u00d3N\/VISI\u00d3N CIUDADANA.<\/span><\/p>\n","protected":false},"excerpt":{"rendered":"<p>&nbsp; El gobernador electo de Sinaloa, Rub\u00e9n Rocha Moya, asegur\u00f3 que durante su administraci\u00f3n, la cual iniciar\u00e1 a partir del 1 de noviembre, se trabajar\u00e1 para sacar a Sinaloa del estigma negativo a trav\u00e9s del fomento de la cultura, el deporte y la educaci\u00f3n y el desarrollo econ\u00f3mico. &nbsp; Dijo que en el cambio de [&hellip;]<\/p>\n","protected":false},"author":1,"featured_media":883,"comment_status":"closed","ping_status":"closed","sticky":false,"template":"","format":"standard","meta":{"footnotes":""},"categories":[24],"tags":[],"ppma_author":[31],"class_list":["post-17061","post","type-post","status-publish","format-standard","has-post-thumbnail","hentry","category-relevantes"],"aioseo_notices":[],"authors":[{"term_id":31,"user_id":1,"is_guest":0,"slug":"ivan3vino","display_name":"Iv\u00e1n Trevi\u00f1o","avatar_url":{"url":"https:\/\/visionciudadana.com.mx\/oficial\/wp-content\/uploads\/2025\/09\/columna-ivan-Trevino.png","url2x":"https:\/\/visionciudadana.com.mx\/oficial\/wp-content\/uploads\/2025\/09\/columna-ivan-Trevino.png"},"0":null,"1":"","2":"","3":"","4":"","5":"","6":"","7":"","8":""}],"_links":{"self":[{"href":"https:\/\/visionciudadana.com.mx\/oficial\/wp-json\/wp\/v2\/posts\/17061","targetHints":{"allow":["GET"]}}],"collection":[{"href":"https:\/\/visionciudadana.com.mx\/oficial\/wp-json\/wp\/v2\/posts"}],"about":[{"href":"https:\/\/visionciudadana.com.mx\/oficial\/wp-json\/wp\/v2\/types\/post"}],"author":[{"embeddable":true,"href":"https:\/\/visionciudadana.com.mx\/oficial\/wp-json\/wp\/v2\/users\/1"}],"replies":[{"embeddable":true,"href":"https:\/\/visionciudadana.com.mx\/oficial\/wp-json\/wp\/v2\/comments?post=17061"}],"version-history":[{"count":1,"href":"https:\/\/visionciudadana.com.mx\/oficial\/wp-json\/wp\/v2\/posts\/17061\/revisions"}],"predecessor-version":[{"id":30938,"href":"https:\/\/visionciudadana.com.mx\/oficial\/wp-json\/wp\/v2\/posts\/17061\/revisions\/30938"}],"wp:featuredmedia":[{"embeddable":true,"href":"https:\/\/visionciudadana.com.mx\/oficial\/wp-json\/wp\/v2\/posts\/883"}],"wp:attachment":[{"href":"https:\/\/visionciudadana.com.mx\/oficial\/wp-json\/wp\/v2\/media?parent=17061"}],"wp:term":[{"taxonomy":"category","embeddable":true,"href":"https:\/\/visionciudadana.com.mx\/oficial\/wp-json\/wp\/v2\/categories?post=17061"},{"taxonomy":"post_tag","embeddable":true,"href":"https:\/\/visionciudadana.com.mx\/oficial\/wp-json\/wp\/v2\/tags?post=17061"},{"taxonomy":"author","embeddable":true,"href":"https:\/\/visionciudadana.com.mx\/oficial\/wp-json\/wp\/v2\/ppma_author?post=17061"}],"curies":[{"name":"wp","href":"https:\/\/api.w.org\/{rel}","templated":true}]}}