{"id":17055,"date":"2021-06-16T22:59:11","date_gmt":"2021-06-16T22:59:11","guid":{"rendered":"https:\/\/visionciudadana.com.mx\/chio\/2021\/06\/16\/sergio-jacobo-gutierrez-nuevo-secretario-general-del-pri-en-sinaloa\/"},"modified":"2025-06-25T00:12:10","modified_gmt":"2025-06-25T00:12:10","slug":"sergio-jacobo-gutierrez-nuevo-secretario-general-del-pri-en-sinaloa","status":"publish","type":"post","link":"https:\/\/visionciudadana.com.mx\/oficial\/2021\/06\/16\/sergio-jacobo-gutierrez-nuevo-secretario-general-del-pri-en-sinaloa\/","title":{"rendered":"Sergio Jacobo Guti\u00e9rrez, nuevo Secretario General del PRI en Sinaloa"},"content":{"rendered":"<p>&nbsp;<\/p>\n<p><img fetchpriority=\"high\" decoding=\"async\" src=\"images\/2021\/junio21\/sergio-jacobo.jpg\" alt=\"sergio jacobo\" width=\"780\" height=\"420\" style=\"display: block; margin: 20px auto;\" \/><\/p>\n<p style=\"text-align: justify;\"><span style=\"font-size: 14pt; font-family: arial, helvetica, sans-serif;\">El diputado Sergio Jacobo Guti\u00e9rrez, asumi\u00f3 hoy la Secretar\u00eda General del Comit\u00e9 Directivo Estatal del PRI en Sinaloa.<\/span><\/p>\n<p style=\"text-align: justify;\">&nbsp;<\/p>\n<p style=\"text-align: justify;\"><span style=\"font-size: 14pt; font-family: arial, helvetica, sans-serif;\">El tambi\u00e9n coordinador del grupo parlamentario del PRI en el Congreso del Estado, recibi\u00f3 el nombramiento como Secretario de Organizaci\u00f3n del PRI y por prelaci\u00f3n asumi\u00f3 la Secretar\u00eda General del CDE del PRI.<\/span><\/p>\n<p style=\"text-align: justify;\">&nbsp;<\/p>\n<p style=\"text-align: justify;\"><span style=\"font-size: 14pt; font-family: arial, helvetica, sans-serif;\">Al asumir el cargo, Sergio Jacobo Guti\u00e9rrez se\u00f1al\u00f3 que en estos momentos dif\u00edciles que enfrenta el partido es importante empezar de inmediato la reconstrucci\u00f3n, aprovechando la fortaleza que demostr\u00f3 tener en las elecciones del 6 de junio.<\/span><\/p>\n<p style=\"text-align: justify;\">&nbsp;<\/p>\n<p style=\"text-align: justify;\"><span style=\"font-size: 14pt; font-family: arial, helvetica, sans-serif;\">Durante la toma de protesta dijo que \u201ctenemos en el PRI condiciones de competitividad en todos los municipios de Sinaloa, tenemos militancia, liderazgos y, sobre todo, tenemos las ganas de reconstruir al partido para prepararnos para el futuro. La democracia da oportunidades, nunca en una democracia hay vencedores definitivos, ni quienes son derrotados de manera absoluta y definitiva\u201d.<\/span><\/p>\n<p style=\"text-align: justify;\">&nbsp;<\/p>\n<p style=\"text-align: justify;\"><span style=\"font-size: 14pt; font-family: arial, helvetica, sans-serif;\">\u201cLa&nbsp; democracia da una nueva oportunidad y nosotros vamos a trabajar muy fuerte, haciendo equipo, para que el PRI se siga fortaleciendo, para que el PRI sea un partido m\u00e1s abierto, m\u00e1s ciudadanizado, para que pueda reposicionarse en el \u00e1nimo de los ciudadanos y podamos construir hacia el futuro las condiciones de competitividad que permita recuperar los espacios perdidos\u201d, a\u00f1adi\u00f3.<\/span><\/p>\n<p style=\"text-align: justify;\">&nbsp;<\/p>\n<p style=\"text-align: justify;\"><span style=\"font-size: 14pt; font-family: arial, helvetica, sans-serif;\">Por su parte, Cinthia Valenzuela Langarica, presidenta del Comit\u00e9 Directivo Estatal del PRI, manifest\u00f3&nbsp; su&nbsp; benepl\u00e1cito por incorporar a su equipo a un elemento de tanto prestigio por su trayectoria, resultados y preparaci\u00f3n como Sergio Jacobo Guti\u00e9rrez.<\/span><\/p>\n<p style=\"text-align: justify;\">&nbsp;<\/p>\n<p style=\"text-align: justify;\"><span style=\"font-size: 14pt; font-family: arial, helvetica, sans-serif;\">Destac\u00f3 que el PRI requiere, hoy m\u00e1s que nunca, avanzar de manera decidida en su reconstrucci\u00f3n,&nbsp; aprovechando el legado que ha acumulado y los grandes activos que mantiene, en el objetivo de reposicionarse de nuevo en el \u00e1nimo de la ciudadan\u00eda.<\/span><\/p>\n<p style=\"text-align: justify;\">&nbsp;<\/p>\n<p style=\"text-align: justify;\">&nbsp;<\/p>\n<p style=\"text-align: justify;\"><span style=\"font-size: 14pt; font-family: arial, helvetica, sans-serif;\">REDACCI\u00d3N\/VISI\u00d3N CIUDADANA.<\/span><\/p>\n<div style=\"text-align: justify;\"><span style=\"font-size: 14pt; font-family: arial, helvetica, sans-serif;\"><\/span><\/div>\n","protected":false},"excerpt":{"rendered":"<p>&nbsp; El diputado Sergio Jacobo Guti\u00e9rrez, asumi\u00f3 hoy la Secretar\u00eda General del Comit\u00e9 Directivo Estatal del PRI en Sinaloa. &nbsp; El tambi\u00e9n coordinador del grupo parlamentario del PRI en el Congreso del Estado, recibi\u00f3 el nombramiento como Secretario de Organizaci\u00f3n del PRI y por prelaci\u00f3n asumi\u00f3 la Secretar\u00eda General del CDE del PRI. &nbsp; Al [&hellip;]<\/p>\n","protected":false},"author":1,"featured_media":875,"comment_status":"closed","ping_status":"closed","sticky":false,"template":"","format":"standard","meta":{"footnotes":""},"categories":[24],"tags":[],"ppma_author":[31],"class_list":["post-17055","post","type-post","status-publish","format-standard","has-post-thumbnail","hentry","category-relevantes"],"aioseo_notices":[],"authors":[{"term_id":31,"user_id":1,"is_guest":0,"slug":"ivan3vino","display_name":"Iv\u00e1n Trevi\u00f1o","avatar_url":{"url":"https:\/\/visionciudadana.com.mx\/oficial\/wp-content\/uploads\/2025\/09\/columna-ivan-Trevino.png","url2x":"https:\/\/visionciudadana.com.mx\/oficial\/wp-content\/uploads\/2025\/09\/columna-ivan-Trevino.png"},"0":null,"1":"","2":"","3":"","4":"","5":"","6":"","7":"","8":""}],"_links":{"self":[{"href":"https:\/\/visionciudadana.com.mx\/oficial\/wp-json\/wp\/v2\/posts\/17055","targetHints":{"allow":["GET"]}}],"collection":[{"href":"https:\/\/visionciudadana.com.mx\/oficial\/wp-json\/wp\/v2\/posts"}],"about":[{"href":"https:\/\/visionciudadana.com.mx\/oficial\/wp-json\/wp\/v2\/types\/post"}],"author":[{"embeddable":true,"href":"https:\/\/visionciudadana.com.mx\/oficial\/wp-json\/wp\/v2\/users\/1"}],"replies":[{"embeddable":true,"href":"https:\/\/visionciudadana.com.mx\/oficial\/wp-json\/wp\/v2\/comments?post=17055"}],"version-history":[{"count":1,"href":"https:\/\/visionciudadana.com.mx\/oficial\/wp-json\/wp\/v2\/posts\/17055\/revisions"}],"predecessor-version":[{"id":30940,"href":"https:\/\/visionciudadana.com.mx\/oficial\/wp-json\/wp\/v2\/posts\/17055\/revisions\/30940"}],"wp:featuredmedia":[{"embeddable":true,"href":"https:\/\/visionciudadana.com.mx\/oficial\/wp-json\/wp\/v2\/media\/875"}],"wp:attachment":[{"href":"https:\/\/visionciudadana.com.mx\/oficial\/wp-json\/wp\/v2\/media?parent=17055"}],"wp:term":[{"taxonomy":"category","embeddable":true,"href":"https:\/\/visionciudadana.com.mx\/oficial\/wp-json\/wp\/v2\/categories?post=17055"},{"taxonomy":"post_tag","embeddable":true,"href":"https:\/\/visionciudadana.com.mx\/oficial\/wp-json\/wp\/v2\/tags?post=17055"},{"taxonomy":"author","embeddable":true,"href":"https:\/\/visionciudadana.com.mx\/oficial\/wp-json\/wp\/v2\/ppma_author?post=17055"}],"curies":[{"name":"wp","href":"https:\/\/api.w.org\/{rel}","templated":true}]}}