{"id":17054,"date":"2021-06-16T22:48:50","date_gmt":"2021-06-16T22:48:50","guid":{"rendered":"https:\/\/visionciudadana.com.mx\/chio\/2021\/06\/16\/arranca-programa-de-apoyo-a-familia-de-pescadores\/"},"modified":"2025-06-25T00:12:11","modified_gmt":"2025-06-25T00:12:11","slug":"arranca-programa-de-apoyo-a-familia-de-pescadores","status":"publish","type":"post","link":"https:\/\/visionciudadana.com.mx\/oficial\/2021\/06\/16\/arranca-programa-de-apoyo-a-familia-de-pescadores\/","title":{"rendered":"Arranca Programa de Apoyo a Familia de Pescadores"},"content":{"rendered":"<p><b><span lang=\"ES-TRAD\"><img fetchpriority=\"high\" decoding=\"async\" src=\"images\/2021\/junio21\/entregan-apoyo.jpg\" alt=\"entregan apoyo\" width=\"780\" height=\"420\" style=\"display: block; margin: 20px auto;\" \/><\/span><\/b><\/p>\n<p><b>&nbsp;<\/b><\/p>\n<p class=\"x_MsoNormal\" style=\"text-align: justify;\"><span lang=\"ES-TRAD\" style=\"font-size: 14pt; font-family: arial, helvetica, sans-serif;\">La presidenta del Sistema DIF Sinaloa, Rosy Fuentes de Ordaz por quinto a\u00f1o consecutivo dio arranque al programa de apoyo alimentario para familias de pescadores que viven en los 240 campos pesqueros del estado.<\/span><\/p>\n<p style=\"text-align: justify;\">&nbsp;<\/p>\n<p class=\"x_MsoNormal\" style=\"text-align: justify;\"><span lang=\"ES-TRAD\" style=\"font-size: 14pt; font-family: arial, helvetica, sans-serif;\">Con la presencia del secretario de pesca y acuacultura, Carlos No\u00e9 Contreras Mendoza, las presidentas de los Sistemas DIF Municipales, representantes de las cooperativas pesqueras y el director de DIF Sinaloa, Ulises Medrano la presidenta se\u00f1al\u00f3 que estas despensas ser\u00e1n distribuidas durante los meses de junio, julio y agosto.<\/span><\/p>\n<p style=\"text-align: justify;\">&nbsp;<\/p>\n<p class=\"x_MsoNormal\" style=\"text-align: justify;\"><span lang=\"ES-TRAD\" style=\"font-size: 14pt; font-family: arial, helvetica, sans-serif;\">El apoyo alimentario beneficiar\u00e1 a 25 mil familias y se distribuir\u00e1n un total de 75 mil despensas.<\/span><\/p>\n<p style=\"text-align: justify;\">&nbsp;<\/p>\n<p class=\"x_MsoNormal\" style=\"text-align: justify;\"><span lang=\"ES-TRAD\" style=\"font-size: 14pt; font-family: arial, helvetica, sans-serif;\">Rosy Fuentes se\u00f1al\u00f3, que DIF se ha preocupado por los pescadores y sus familias, por lo que a trav\u00e9s de los distintos programas buscan llevarles apoyos para su bienestar. Tambi\u00e9n destac\u00f3 la creaci\u00f3n de la Secretar\u00eda de Pesca y Acuacultura la cual fue creada en este gobierno y ha sido de gran beneficio para este sector.<\/span><\/p>\n<p style=\"text-align: justify;\">&nbsp;<\/p>\n<p class=\"x_MsoNormal\" style=\"text-align: justify;\"><span lang=\"ES-TRAD\" style=\"font-size: 14pt; font-family: arial, helvetica, sans-serif;\">\u201cS\u00e9 que ser\u00e1 un apoyo para su econom\u00eda, y ser\u00e1 de mucho beneficio, seguimos trabajando en los espacios de encuentro y desarrollo para que las mujeres sigan trabajando en los proyectos productivos\u201d.<\/span><\/p>\n<p style=\"text-align: justify;\">&nbsp;<\/p>\n<p class=\"x_MsoNormal\" style=\"text-align: justify;\"><span lang=\"ES-TRAD\" style=\"font-size: 14pt; font-family: arial, helvetica, sans-serif;\">Mencion\u00f3 que este programa se suma a los diversos apoyos para pescadores, como el que recientemente entreg\u00f3 el gobernador Quirino Ordaz Coppel de 500 motores marinos.<\/span><\/p>\n<p style=\"text-align: justify;\">&nbsp;<\/p>\n<p class=\"x_MsoNormal\" style=\"text-align: justify;\"><span lang=\"ES-TRAD\" style=\"font-size: 14pt; font-family: arial, helvetica, sans-serif;\">Por su parte, el secretario de pesca dijo que actualmente el sector pesquero atraviesa por una crisis debido a la veda, considerando como un acierto la entrega de estos apoyos para contribuir en la econom\u00eda familiar.<\/span><\/p>\n<p style=\"text-align: justify;\">&nbsp;<\/p>\n<p style=\"text-align: justify;\">&nbsp;<\/p>\n<p style=\"text-align: justify;\"><span style=\"font-size: 14pt; font-family: arial, helvetica, sans-serif;\">REDACCI\u00d3N\/VISI\u00d3N CIUDADANA.<\/span><\/p>\n","protected":false},"excerpt":{"rendered":"<p>&nbsp; La presidenta del Sistema DIF Sinaloa, Rosy Fuentes de Ordaz por quinto a\u00f1o consecutivo dio arranque al programa de apoyo alimentario para familias de pescadores que viven en los 240 campos pesqueros del estado. &nbsp; Con la presencia del secretario de pesca y acuacultura, Carlos No\u00e9 Contreras Mendoza, las presidentas de los Sistemas DIF [&hellip;]<\/p>\n","protected":false},"author":1,"featured_media":873,"comment_status":"closed","ping_status":"closed","sticky":false,"template":"","format":"standard","meta":{"footnotes":""},"categories":[24],"tags":[],"ppma_author":[31],"class_list":["post-17054","post","type-post","status-publish","format-standard","has-post-thumbnail","hentry","category-relevantes"],"aioseo_notices":[],"authors":[{"term_id":31,"user_id":1,"is_guest":0,"slug":"ivan3vino","display_name":"Iv\u00e1n Trevi\u00f1o","avatar_url":{"url":"https:\/\/visionciudadana.com.mx\/oficial\/wp-content\/uploads\/2025\/09\/columna-ivan-Trevino.png","url2x":"https:\/\/visionciudadana.com.mx\/oficial\/wp-content\/uploads\/2025\/09\/columna-ivan-Trevino.png"},"0":null,"1":"","2":"","3":"","4":"","5":"","6":"","7":"","8":""}],"_links":{"self":[{"href":"https:\/\/visionciudadana.com.mx\/oficial\/wp-json\/wp\/v2\/posts\/17054","targetHints":{"allow":["GET"]}}],"collection":[{"href":"https:\/\/visionciudadana.com.mx\/oficial\/wp-json\/wp\/v2\/posts"}],"about":[{"href":"https:\/\/visionciudadana.com.mx\/oficial\/wp-json\/wp\/v2\/types\/post"}],"author":[{"embeddable":true,"href":"https:\/\/visionciudadana.com.mx\/oficial\/wp-json\/wp\/v2\/users\/1"}],"replies":[{"embeddable":true,"href":"https:\/\/visionciudadana.com.mx\/oficial\/wp-json\/wp\/v2\/comments?post=17054"}],"version-history":[{"count":1,"href":"https:\/\/visionciudadana.com.mx\/oficial\/wp-json\/wp\/v2\/posts\/17054\/revisions"}],"predecessor-version":[{"id":30941,"href":"https:\/\/visionciudadana.com.mx\/oficial\/wp-json\/wp\/v2\/posts\/17054\/revisions\/30941"}],"wp:featuredmedia":[{"embeddable":true,"href":"https:\/\/visionciudadana.com.mx\/oficial\/wp-json\/wp\/v2\/media\/873"}],"wp:attachment":[{"href":"https:\/\/visionciudadana.com.mx\/oficial\/wp-json\/wp\/v2\/media?parent=17054"}],"wp:term":[{"taxonomy":"category","embeddable":true,"href":"https:\/\/visionciudadana.com.mx\/oficial\/wp-json\/wp\/v2\/categories?post=17054"},{"taxonomy":"post_tag","embeddable":true,"href":"https:\/\/visionciudadana.com.mx\/oficial\/wp-json\/wp\/v2\/tags?post=17054"},{"taxonomy":"author","embeddable":true,"href":"https:\/\/visionciudadana.com.mx\/oficial\/wp-json\/wp\/v2\/ppma_author?post=17054"}],"curies":[{"name":"wp","href":"https:\/\/api.w.org\/{rel}","templated":true}]}}