{"id":17053,"date":"2021-06-16T22:43:33","date_gmt":"2021-06-16T22:43:33","guid":{"rendered":"https:\/\/visionciudadana.com.mx\/chio\/2021\/06\/16\/arranca-programa-de-descacharrizacion-en-salvador-alvarado\/"},"modified":"2025-06-25T00:12:11","modified_gmt":"2025-06-25T00:12:11","slug":"arranca-programa-de-descacharrizacion-en-salvador-alvarado","status":"publish","type":"post","link":"https:\/\/visionciudadana.com.mx\/oficial\/2021\/06\/16\/arranca-programa-de-descacharrizacion-en-salvador-alvarado\/","title":{"rendered":"Arranca programa de descacharrizaci\u00f3n en Salvador Alvarado"},"content":{"rendered":"<p><img fetchpriority=\"high\" decoding=\"async\" src=\"images\/2021\/junio21\/salvador-alvarado.jpg\" alt=\"salvador alvarado\" width=\"780\" height=\"420\" style=\"display: block; margin: 20px auto;\" \/><\/p>\n<p class=\"x_MsoNormal\" style=\"text-align: justify;\"><span style=\"font-size: 14pt; font-family: arial, helvetica, sans-serif;\">En las pr\u00f3ximas cinco semanas se estar\u00e1n atendiendo las colonias donde se tienen detectados focos rojos de las enfermedades transmitidas por el mosquito Aedes Aegypti<\/span><\/p>\n<p style=\"text-align: justify;\">&nbsp;<\/p>\n<p class=\"x_MsoNormal\" style=\"text-align: justify;\"><span style=\"font-size: 14pt; font-family: arial, helvetica, sans-serif;\">Guam\u00fachil, Salvador Alvarado, Sinaloa.- El gobierno de Salvador Alvarado, que encabeza la presidenta municipal, Pier Angely Camacho de Ortiz, en coordinaci\u00f3n con la Jurisdicci\u00f3n Sanitaria n\u00famero 3, reactiv\u00f3 este mi\u00e9rcoles el programa de descacharrizaci\u00f3n, con el fin de disminuir la proliferaci\u00f3n del mosquito transmisor del dengue, zika y chinkungunya.<\/span><\/p>\n<p style=\"text-align: justify;\">&nbsp;<\/p>\n<p class=\"x_MsoNormal\" style=\"text-align: justify;\"><span style=\"font-size: 14pt; font-family: arial, helvetica, sans-serif;\">El banderazo de inicio se realiz\u00f3 en la colonia San Pedro, donde la alcaldesa dio a conocer que son 15 colonias las que se tienen detectadas con m\u00e1s incidencia de estas enfermedades, por lo que se estar\u00e1n atendiendo con este programa, por lo que hizo el llamado a la ciudadan\u00eda a colaborar y sacar sus cacharros el d\u00eda que les toque.<\/span><\/p>\n<p style=\"text-align: justify;\">&nbsp;<\/p>\n<p class=\"x_MsoNormal\" style=\"text-align: justify;\"><span style=\"font-size: 14pt; font-family: arial, helvetica, sans-serif;\">Precis\u00f3 que de manera anticipada se les estar\u00e1 avisando a los habitantes de las colonias que van a atender, mediante perifoneo y difusi\u00f3n en medios de comunicaci\u00f3n, as\u00ed como las redes sociales del ayuntamiento.<\/span><\/p>\n<p style=\"text-align: justify;\">&nbsp;<\/p>\n<p class=\"x_MsoNormal\" style=\"text-align: justify;\"><span style=\"font-size: 14pt; font-family: arial, helvetica, sans-serif;\">Por su parte, el m\u00e9dico municipal, Edgar Neftal\u00ed Cruz Mel\u00e9ndrez, agradeci\u00f3 la colaboraci\u00f3n de la Jurisdicci\u00f3n Sanitaria n\u00famero 3, ya que es esta dependencia la que tiene los datos de las zonas donde se requiere mayor atenci\u00f3n, por esa raz\u00f3n fue que iniciaron en la colonia San Pedro, una de las colonias que ha registrado mayores casos de contagios.<\/span><\/p>\n<p style=\"text-align: justify;\">&nbsp;<\/p>\n<p class=\"x_MsoNormal\" style=\"text-align: justify;\"><span style=\"font-size: 14pt; font-family: arial, helvetica, sans-serif;\">Agreg\u00f3 que tambi\u00e9n estar\u00e1n recibiendo el apoyo de la Direcci\u00f3n de Obras y Servicios P\u00fablicos, para recoger los cacharros, por lo que hizo un llamado a la ciudadan\u00eda a colaborar y sumarse a este programa, que estar\u00e1 activo las pr\u00f3ximas cinco semanas en diferentes puntos del municipio; adem\u00e1s le pidi\u00f3 a la gente que limpie sus patios de manera peri\u00f3dica para evitar la acumulaci\u00f3n de objetos que puedan ser criaderos del mosquito.<\/span><\/p>\n<p style=\"text-align: justify;\">&nbsp;<\/p>\n<p style=\"text-align: justify;\">&nbsp;<\/p>\n<p style=\"text-align: justify;\"><span style=\"font-size: 14pt; font-family: arial, helvetica, sans-serif;\">REDACCI\u00d3N\/VISI\u00d3N CIUDADANA.<\/span><\/p>\n","protected":false},"excerpt":{"rendered":"<p>En las pr\u00f3ximas cinco semanas se estar\u00e1n atendiendo las colonias donde se tienen detectados focos rojos de las enfermedades transmitidas por el mosquito Aedes Aegypti &nbsp; Guam\u00fachil, Salvador Alvarado, Sinaloa.- El gobierno de Salvador Alvarado, que encabeza la presidenta municipal, Pier Angely Camacho de Ortiz, en coordinaci\u00f3n con la Jurisdicci\u00f3n Sanitaria n\u00famero 3, reactiv\u00f3 este [&hellip;]<\/p>\n","protected":false},"author":1,"featured_media":871,"comment_status":"closed","ping_status":"closed","sticky":false,"template":"","format":"standard","meta":{"footnotes":""},"categories":[13],"tags":[],"ppma_author":[31],"class_list":["post-17053","post","type-post","status-publish","format-standard","has-post-thumbnail","hentry","category-locales"],"aioseo_notices":[],"authors":[{"term_id":31,"user_id":1,"is_guest":0,"slug":"ivan3vino","display_name":"Iv\u00e1n Trevi\u00f1o","avatar_url":{"url":"https:\/\/visionciudadana.com.mx\/oficial\/wp-content\/uploads\/2025\/09\/columna-ivan-Trevino.png","url2x":"https:\/\/visionciudadana.com.mx\/oficial\/wp-content\/uploads\/2025\/09\/columna-ivan-Trevino.png"},"0":null,"1":"","2":"","3":"","4":"","5":"","6":"","7":"","8":""}],"_links":{"self":[{"href":"https:\/\/visionciudadana.com.mx\/oficial\/wp-json\/wp\/v2\/posts\/17053","targetHints":{"allow":["GET"]}}],"collection":[{"href":"https:\/\/visionciudadana.com.mx\/oficial\/wp-json\/wp\/v2\/posts"}],"about":[{"href":"https:\/\/visionciudadana.com.mx\/oficial\/wp-json\/wp\/v2\/types\/post"}],"author":[{"embeddable":true,"href":"https:\/\/visionciudadana.com.mx\/oficial\/wp-json\/wp\/v2\/users\/1"}],"replies":[{"embeddable":true,"href":"https:\/\/visionciudadana.com.mx\/oficial\/wp-json\/wp\/v2\/comments?post=17053"}],"version-history":[{"count":1,"href":"https:\/\/visionciudadana.com.mx\/oficial\/wp-json\/wp\/v2\/posts\/17053\/revisions"}],"predecessor-version":[{"id":30942,"href":"https:\/\/visionciudadana.com.mx\/oficial\/wp-json\/wp\/v2\/posts\/17053\/revisions\/30942"}],"wp:featuredmedia":[{"embeddable":true,"href":"https:\/\/visionciudadana.com.mx\/oficial\/wp-json\/wp\/v2\/media\/871"}],"wp:attachment":[{"href":"https:\/\/visionciudadana.com.mx\/oficial\/wp-json\/wp\/v2\/media?parent=17053"}],"wp:term":[{"taxonomy":"category","embeddable":true,"href":"https:\/\/visionciudadana.com.mx\/oficial\/wp-json\/wp\/v2\/categories?post=17053"},{"taxonomy":"post_tag","embeddable":true,"href":"https:\/\/visionciudadana.com.mx\/oficial\/wp-json\/wp\/v2\/tags?post=17053"},{"taxonomy":"author","embeddable":true,"href":"https:\/\/visionciudadana.com.mx\/oficial\/wp-json\/wp\/v2\/ppma_author?post=17053"}],"curies":[{"name":"wp","href":"https:\/\/api.w.org\/{rel}","templated":true}]}}