{"id":17051,"date":"2021-06-16T22:05:50","date_gmt":"2021-06-16T22:05:50","guid":{"rendered":"https:\/\/visionciudadana.com.mx\/chio\/2021\/06\/16\/sera-ricardo-madrid-perez-proximo-coordinador-del-gppri-en-el-ccongreso-del-estado\/"},"modified":"2025-06-25T00:12:11","modified_gmt":"2025-06-25T00:12:11","slug":"sera-ricardo-madrid-perez-proximo-coordinador-del-gppri-en-el-ccongreso-del-estado","status":"publish","type":"post","link":"https:\/\/visionciudadana.com.mx\/oficial\/2021\/06\/16\/sera-ricardo-madrid-perez-proximo-coordinador-del-gppri-en-el-ccongreso-del-estado\/","title":{"rendered":"Ser\u00e1 Ricardo Madrid P\u00e9rez, pr\u00f3ximo coordinador del GPPRI en el Ccongreso del Estado"},"content":{"rendered":"<p><img fetchpriority=\"high\" decoding=\"async\" src=\"images\/2021\/junio21\/ricardo-madrids.jpg\" alt=\"ricardo madrids\" width=\"780\" height=\"420\" style=\"display: block; margin: 20px auto;\" \/><\/p>\n<p class=\"x_MsoNormal\" style=\"text-align: justify;\"><span style=\"font-size: 14pt; font-family: arial, helvetica, sans-serif;\">Los diputados del PRI de la pr\u00f3xima Legislatura, designaron a Ricardo Madrid P\u00e9rez, como coordinador del Grupo Parlamentario del PRI del Congreso del Estado de Sinaloa,&nbsp; en lo que ser\u00e1 la 64 legislatura, infom\u00f3 Cinthia Valenzuela, presidenta del Comit\u00e9 Directivo Estatal.<\/span><\/p>\n<p style=\"text-align: justify;\">&nbsp;<\/p>\n<p class=\"x_MsoNormal\" style=\"text-align: justify;\"><span style=\"font-size: 14pt; font-family: arial, helvetica, sans-serif;\">\u201cSeremos una bancada responsable, constructiva; impulsaremos y nos sumaremos a todas las iniciativas que sean a favor del desarrollo y el bienestar de los sinaloenses y haremos siempre una defensa de las agendas que definen nuestros principios como partido pol\u00edtico, todo en un marco de respeto y de los cauces institucionales\u201d<\/span><\/p>\n<p style=\"text-align: justify;\">&nbsp;<\/p>\n<p class=\"x_MsoNormal\" style=\"text-align: justify;\"><span style=\"font-size: 14pt; font-family: arial, helvetica, sans-serif;\">\u201cLa bancada del PRI estar\u00e1 conformada por mujeres y hombres de probada capacidad profesional y de un alto compromiso social y que nos hemos marcado el compromiso de trabajar en unidad y en una comunicaci\u00f3n permanente con la sociedad\u201d.<\/span><\/p>\n<p style=\"text-align: justify;\">&nbsp;<\/p>\n<p class=\"x_MsoNormal\" style=\"text-align: justify;\"><span style=\"font-size: 14pt; font-family: arial, helvetica, sans-serif;\">La actual presidenta del CDE, dijo que conoce la trayectoria y capacidad que ha tenido Ricardo Madrid como servidor p\u00fablico, y seguramente habr\u00e1 de conducir a este grupo parlamentario con un alto sentido de inclusi\u00f3n,&nbsp; pero sobre todo, trabajando en unidad y velando por los intereses de Sinaloa.<\/span><\/p>\n<p style=\"text-align: justify;\">&nbsp;<\/p>\n<p class=\"x_MsoNormal\" style=\"text-align: justify;\"><span style=\"font-size: 14pt; font-family: arial, helvetica, sans-serif;\">Los diputados del PRI atendiendo las formalidades estatutarias del partido, designaron en votaci\u00f3n un\u00e1nime a Madrid P\u00e9rez como coordinador del Grupo Parlamentario del PRI para la pr\u00f3xima legislatura.<\/span><\/p>\n<p style=\"text-align: justify;\">&nbsp;<\/p>\n<p class=\"x_MsoNormal\" style=\"text-align: justify;\"><span style=\"font-size: 14pt; font-family: arial, helvetica, sans-serif;\">Se reunieron las y los diputados Feliciano Valle Sandoval, Concepci\u00f3n Zazueta Castro, Ricardo Madrid P\u00e9rez, Cinthia Valenzuela Langarica, Sergio Mario Arredondo Salas, Deysi Judith Ayala Valenzuela, Luis Javier De La Rocha Zazueta y Gloria Himelda F\u00e9lix Niebla.<\/span><\/p>\n<p style=\"text-align: justify;\">&nbsp;<\/p>\n<p style=\"text-align: justify;\">&nbsp;<\/p>\n<p style=\"text-align: justify;\"><span style=\"font-size: 14pt; font-family: arial, helvetica, sans-serif;\">REDACCI\u00d3N\/VISI\u00d3N CIUDADANA.<\/span><\/p>\n","protected":false},"excerpt":{"rendered":"<p>Los diputados del PRI de la pr\u00f3xima Legislatura, designaron a Ricardo Madrid P\u00e9rez, como coordinador del Grupo Parlamentario del PRI del Congreso del Estado de Sinaloa,&nbsp; en lo que ser\u00e1 la 64 legislatura, infom\u00f3 Cinthia Valenzuela, presidenta del Comit\u00e9 Directivo Estatal. &nbsp; \u201cSeremos una bancada responsable, constructiva; impulsaremos y nos sumaremos a todas las iniciativas [&hellip;]<\/p>\n","protected":false},"author":1,"featured_media":867,"comment_status":"closed","ping_status":"closed","sticky":false,"template":"","format":"standard","meta":{"footnotes":""},"categories":[13],"tags":[],"ppma_author":[31],"class_list":["post-17051","post","type-post","status-publish","format-standard","has-post-thumbnail","hentry","category-locales"],"aioseo_notices":[],"authors":[{"term_id":31,"user_id":1,"is_guest":0,"slug":"ivan3vino","display_name":"Iv\u00e1n Trevi\u00f1o","avatar_url":{"url":"https:\/\/visionciudadana.com.mx\/oficial\/wp-content\/uploads\/2025\/09\/columna-ivan-Trevino.png","url2x":"https:\/\/visionciudadana.com.mx\/oficial\/wp-content\/uploads\/2025\/09\/columna-ivan-Trevino.png"},"0":null,"1":"","2":"","3":"","4":"","5":"","6":"","7":"","8":""}],"_links":{"self":[{"href":"https:\/\/visionciudadana.com.mx\/oficial\/wp-json\/wp\/v2\/posts\/17051","targetHints":{"allow":["GET"]}}],"collection":[{"href":"https:\/\/visionciudadana.com.mx\/oficial\/wp-json\/wp\/v2\/posts"}],"about":[{"href":"https:\/\/visionciudadana.com.mx\/oficial\/wp-json\/wp\/v2\/types\/post"}],"author":[{"embeddable":true,"href":"https:\/\/visionciudadana.com.mx\/oficial\/wp-json\/wp\/v2\/users\/1"}],"replies":[{"embeddable":true,"href":"https:\/\/visionciudadana.com.mx\/oficial\/wp-json\/wp\/v2\/comments?post=17051"}],"version-history":[{"count":1,"href":"https:\/\/visionciudadana.com.mx\/oficial\/wp-json\/wp\/v2\/posts\/17051\/revisions"}],"predecessor-version":[{"id":30944,"href":"https:\/\/visionciudadana.com.mx\/oficial\/wp-json\/wp\/v2\/posts\/17051\/revisions\/30944"}],"wp:featuredmedia":[{"embeddable":true,"href":"https:\/\/visionciudadana.com.mx\/oficial\/wp-json\/wp\/v2\/media\/867"}],"wp:attachment":[{"href":"https:\/\/visionciudadana.com.mx\/oficial\/wp-json\/wp\/v2\/media?parent=17051"}],"wp:term":[{"taxonomy":"category","embeddable":true,"href":"https:\/\/visionciudadana.com.mx\/oficial\/wp-json\/wp\/v2\/categories?post=17051"},{"taxonomy":"post_tag","embeddable":true,"href":"https:\/\/visionciudadana.com.mx\/oficial\/wp-json\/wp\/v2\/tags?post=17051"},{"taxonomy":"author","embeddable":true,"href":"https:\/\/visionciudadana.com.mx\/oficial\/wp-json\/wp\/v2\/ppma_author?post=17051"}],"curies":[{"name":"wp","href":"https:\/\/api.w.org\/{rel}","templated":true}]}}