{"id":17048,"date":"2021-06-16T21:49:20","date_gmt":"2021-06-16T21:49:20","guid":{"rendered":"https:\/\/visionciudadana.com.mx\/chio\/2021\/06\/16\/suman-esfuerzos-adecem-y-ceaip-con-convenio-de-colaboracion\/"},"modified":"2025-06-25T00:12:11","modified_gmt":"2025-06-25T00:12:11","slug":"suman-esfuerzos-adecem-y-ceaip-con-convenio-de-colaboracion","status":"publish","type":"post","link":"https:\/\/visionciudadana.com.mx\/oficial\/2021\/06\/16\/suman-esfuerzos-adecem-y-ceaip-con-convenio-de-colaboracion\/","title":{"rendered":"Suman esfuerzos ADECEM y CEAIP con convenio de colaboraci\u00f3n"},"content":{"rendered":"<p><img fetchpriority=\"high\" decoding=\"async\" src=\"images\/2021\/junio21\/suman-esfuerzos.jpg\" alt=\"suman esfuerzos\" width=\"780\" height=\"420\" style=\"display: block; margin: 20px auto;\" \/><\/p>\n<p>&nbsp;<\/p>\n<p class=\"x_ydp7fec39b5MsoNoSpacing\" style=\"text-align: justify;\"><span style=\"font-size: 14pt; font-family: arial, helvetica, sans-serif;\">La Alianza para el Desarrollo y Competitividad de las Empresas (ADECEM) firm\u00f3 convenio de colaboraci\u00f3n con la Comisi\u00f3n Estatal de Acceso a la Informaci\u00f3n P\u00fablica (CEAIP) con el objeto de impulsar programas de capacitaci\u00f3n y monitoreo desde el sector empresarial de diversos programas gubernamentales.<\/span><\/p>\n<p style=\"text-align: justify;\">&nbsp;<\/p>\n<p class=\"x_ydp7fec39b5MsoNoSpacing\" style=\"text-align: justify;\"><span style=\"font-size: 14pt; font-family: arial, helvetica, sans-serif;\">El presidente de ADECEM. Julio C\u00e9sar Silvas Inzunza, puntualiz\u00f3 que el convenio se enmarca en la pol\u00edtica de impulsar el Estado de Derecho a trav\u00e9s del fortalecimiento de los \u00d3rganos Aut\u00f3nomos Constitucionales, como es el caso de CEAIP,<\/span><\/p>\n<p style=\"text-align: justify;\">&nbsp;<\/p>\n<p class=\"x_ydp7fec39b5MsoNoSpacing\" style=\"text-align: justify;\"><span style=\"font-size: 14pt; font-family: arial, helvetica, sans-serif;\">Un reto de corto plazo, expuso, es contribuir con nuestro quehacer en la remediaci\u00f3n y regulaci\u00f3n de la actividad gubernamental.<\/span><\/p>\n<p style=\"text-align: justify;\">&nbsp;<\/p>\n<p class=\"x_ydp7fec39b5MsoNoSpacing\" style=\"text-align: justify;\"><span style=\"font-size: 14pt; font-family: arial, helvetica, sans-serif;\">Precis\u00f3 que con ello se refiere a situaciones en que empresarios son inspeccionados sin el procedimiento correcto.<\/span><\/p>\n<p style=\"text-align: justify;\">&nbsp;<\/p>\n<p class=\"x_ydp7fec39b5MsoNoSpacing\" style=\"text-align: justify;\"><span style=\"font-size: 14pt; font-family: arial, helvetica, sans-serif;\">Pero sobre todo, puntualiz\u00f3, no basta con que se repare un da\u00f1o, sino que ya no se sigan cometiendo da\u00f1os de manera recurrente.<\/span><\/p>\n<p style=\"text-align: justify;\">&nbsp;<\/p>\n<p class=\"x_ydp7fec39b5MsoNoSpacing\" style=\"text-align: justify;\"><span style=\"font-size: 14pt; font-family: arial, helvetica, sans-serif;\">Adem\u00e1s, consider\u00f3 que los aliados naturales de los \u00d3rganos Constitucionales Aut\u00f3nomos son las asociaciones civiles, como ADECEM.<\/span><\/p>\n<p style=\"text-align: justify;\">&nbsp;<\/p>\n<p class=\"x_ydp7fec39b5MsoNoSpacing\" style=\"text-align: justify;\"><span style=\"font-size: 14pt; font-family: arial, helvetica, sans-serif;\">El vicepresidente de ADECEM, Pedro Villarreal, resalt\u00f3 que para el sector empresarial es de vital importancia tener acceso a la informaci\u00f3n, pues la carencia de la misma les lleva a muchos empresarios a enfrentar situaciones adversas.<\/span><\/p>\n<p style=\"text-align: justify;\">&nbsp;<\/p>\n<p class=\"x_ydp7fec39b5MsoNoSpacing\" style=\"text-align: justify;\"><span style=\"font-size: 14pt; font-family: arial, helvetica, sans-serif;\">Por su parte, el presidente de la CEAIP, Jos\u00e9 Alfredo Beltr\u00e1n Estrada, se\u00f1al\u00f3 que&nbsp;&nbsp;con base en el convenio quienes forman parte de ADECEM pueden convertirse en actores desde el sector empresarial para detonar algunos monitoreos de programas sociales, de cr\u00e9ditos y de muchos otros.<\/span><\/p>\n<p style=\"text-align: justify;\">&nbsp;<\/p>\n<p class=\"x_ydp7fec39b5MsoNoSpacing\" style=\"text-align: justify;\"><span style=\"font-size: 14pt; font-family: arial, helvetica, sans-serif;\">\u201cHay muchos temas que debemos poner el acento para que ustedes con nuestro acompa\u00f1amiento podamos ser \u00fatiles a la sociedad\u201d, les expres\u00f3 a representantes de ADECEM.<\/span><\/p>\n<p style=\"text-align: justify;\">&nbsp;<\/p>\n<p class=\"x_ydp7fec39b5MsoNoSpacing\" style=\"text-align: justify;\"><span style=\"font-size: 14pt; font-family: arial, helvetica, sans-serif;\">Este convenio, resalt\u00f3, es muy importante, si\u00e9ntanse con la confianza de no dejarnos en paz para hacer los talleres, seminarios y otras acciones que puedan ayudar a visibilizar la importancia que reviste la existencia de la CEAIP<\/span><\/p>\n<p style=\"text-align: justify;\">&nbsp;<\/p>\n<p class=\"x_ydp7fec39b5MsoNoSpacing\" style=\"text-align: justify;\"><span style=\"font-size: 14pt; font-family: arial, helvetica, sans-serif;\">La comisionada Liliana Margarita Campuzano Vega resalt\u00f3 que en el apartado de protecci\u00f3n de datos tambi\u00e9n se tiene un \u00e1rea de oportunidad en la que la CEAIP puede apoyar y orientar mucho al sector empresarial, aunque aclar\u00f3 que con el convenio se abre un amplio abanico de temas en los que se puede trabajar.<\/span><\/p>\n<p style=\"text-align: justify;\">&nbsp;<\/p>\n<p class=\"x_ydp7fec39b5MsoNoSpacing\" style=\"text-align: justify;\"><span style=\"font-size: 14pt; font-family: arial, helvetica, sans-serif;\">El comisionado Jos\u00e9 Luis Moreno L\u00f3pez consider\u00f3 que el convenio permitir\u00e1 avanzar en hacer efectivo los derechos de acceso a la informaci\u00f3n y de transparencia.<\/span><\/p>\n<p style=\"text-align: justify;\">&nbsp;<\/p>\n<p class=\"x_ydp7fec39b5MsoNoSpacing\" style=\"text-align: justify;\"><span style=\"font-size: 14pt; font-family: arial, helvetica, sans-serif;\">Reconoci\u00f3 que la relaci\u00f3n de CEAIP con personas de la sociedad civil es muy importante.<\/span><\/p>\n<p style=\"text-align: justify;\">&nbsp;<\/p>\n<p style=\"text-align: justify;\">&nbsp;<\/p>\n<p style=\"text-align: justify;\"><span style=\"font-size: 14pt; font-family: arial, helvetica, sans-serif;\">REDACCI\u00d3N\/VISI\u00d3N CIUDADANA.<\/span><\/p>\n<div>&nbsp;<\/div>\n","protected":false},"excerpt":{"rendered":"<p>&nbsp; La Alianza para el Desarrollo y Competitividad de las Empresas (ADECEM) firm\u00f3 convenio de colaboraci\u00f3n con la Comisi\u00f3n Estatal de Acceso a la Informaci\u00f3n P\u00fablica (CEAIP) con el objeto de impulsar programas de capacitaci\u00f3n y monitoreo desde el sector empresarial de diversos programas gubernamentales. &nbsp; El presidente de ADECEM. Julio C\u00e9sar Silvas Inzunza, puntualiz\u00f3 [&hellip;]<\/p>\n","protected":false},"author":1,"featured_media":861,"comment_status":"closed","ping_status":"closed","sticky":false,"template":"","format":"standard","meta":{"footnotes":""},"categories":[13],"tags":[],"ppma_author":[31],"class_list":["post-17048","post","type-post","status-publish","format-standard","has-post-thumbnail","hentry","category-locales"],"aioseo_notices":[],"authors":[{"term_id":31,"user_id":1,"is_guest":0,"slug":"ivan3vino","display_name":"Iv\u00e1n Trevi\u00f1o","avatar_url":{"url":"https:\/\/visionciudadana.com.mx\/oficial\/wp-content\/uploads\/2025\/09\/columna-ivan-Trevino.png","url2x":"https:\/\/visionciudadana.com.mx\/oficial\/wp-content\/uploads\/2025\/09\/columna-ivan-Trevino.png"},"0":null,"1":"","2":"","3":"","4":"","5":"","6":"","7":"","8":""}],"_links":{"self":[{"href":"https:\/\/visionciudadana.com.mx\/oficial\/wp-json\/wp\/v2\/posts\/17048","targetHints":{"allow":["GET"]}}],"collection":[{"href":"https:\/\/visionciudadana.com.mx\/oficial\/wp-json\/wp\/v2\/posts"}],"about":[{"href":"https:\/\/visionciudadana.com.mx\/oficial\/wp-json\/wp\/v2\/types\/post"}],"author":[{"embeddable":true,"href":"https:\/\/visionciudadana.com.mx\/oficial\/wp-json\/wp\/v2\/users\/1"}],"replies":[{"embeddable":true,"href":"https:\/\/visionciudadana.com.mx\/oficial\/wp-json\/wp\/v2\/comments?post=17048"}],"version-history":[{"count":1,"href":"https:\/\/visionciudadana.com.mx\/oficial\/wp-json\/wp\/v2\/posts\/17048\/revisions"}],"predecessor-version":[{"id":30947,"href":"https:\/\/visionciudadana.com.mx\/oficial\/wp-json\/wp\/v2\/posts\/17048\/revisions\/30947"}],"wp:featuredmedia":[{"embeddable":true,"href":"https:\/\/visionciudadana.com.mx\/oficial\/wp-json\/wp\/v2\/media\/861"}],"wp:attachment":[{"href":"https:\/\/visionciudadana.com.mx\/oficial\/wp-json\/wp\/v2\/media?parent=17048"}],"wp:term":[{"taxonomy":"category","embeddable":true,"href":"https:\/\/visionciudadana.com.mx\/oficial\/wp-json\/wp\/v2\/categories?post=17048"},{"taxonomy":"post_tag","embeddable":true,"href":"https:\/\/visionciudadana.com.mx\/oficial\/wp-json\/wp\/v2\/tags?post=17048"},{"taxonomy":"author","embeddable":true,"href":"https:\/\/visionciudadana.com.mx\/oficial\/wp-json\/wp\/v2\/ppma_author?post=17048"}],"curies":[{"name":"wp","href":"https:\/\/api.w.org\/{rel}","templated":true}]}}