{"id":17046,"date":"2021-06-16T21:38:12","date_gmt":"2021-06-16T21:38:12","guid":{"rendered":"https:\/\/visionciudadana.com.mx\/chio\/2021\/06\/16\/firman-las-y-los-gobernadores-electos-de-morena-carta-compromiso-con-la-cuarta-transformacion\/"},"modified":"2025-06-25T00:12:12","modified_gmt":"2025-06-25T00:12:12","slug":"firman-las-y-los-gobernadores-electos-de-morena-carta-compromiso-con-la-cuarta-transformacion","status":"publish","type":"post","link":"https:\/\/visionciudadana.com.mx\/oficial\/2021\/06\/16\/firman-las-y-los-gobernadores-electos-de-morena-carta-compromiso-con-la-cuarta-transformacion\/","title":{"rendered":"Firman las y los gobernadores electos de\u00a0 MORENA carta compromiso con la Cuarta Transformaci\u00f3n"},"content":{"rendered":"<p><img fetchpriority=\"high\" decoding=\"async\" src=\"images\/2021\/junio21\/rocha_mo.PNG\" alt=\"rocha mo\" width=\"656\" height=\"440\" style=\"display: block; margin: 20px auto;\" \/><\/p>\n<div>&nbsp;<\/div>\n<div style=\"text-align: justify;\"><span style=\"font-size: 14pt; font-family: arial, helvetica, sans-serif;\">En el marco del \u201cEncuentro con Gobernadoras y Gobernadores Electos: Gobiernos de la Transformaci\u00f3n\u201d, el cual fue organizado por la dirigencia nacional del Movimiento de Regeneraci\u00f3n Nacional (MORENA), se llev\u00f3 a cabo la firma de la carta compromiso por la Cuarta Transformaci\u00f3n entre los ganadores de las gubernaturas del proceso electoral que culmin\u00f3 el 6 de junio.&nbsp;<\/span><\/div>\n<div style=\"text-align: justify;\">&nbsp;<\/div>\n<div style=\"text-align: justify;\"><span style=\"font-size: 14pt; font-family: arial, helvetica, sans-serif;\"><\/span><\/div>\n<div style=\"text-align: justify;\"><span style=\"font-size: 14pt; font-family: arial, helvetica, sans-serif;\">En el evento, al que asisti\u00f3 el gobernador electo de Sinaloa, Rub\u00e9n Rocha Moya, en el marco de una gira de trabajo que realiza por la capital del pa\u00eds, el dirigente nacional de MORENA, Mario Delgado Carillo, dijo que este documento es un compromiso con la cuarta transformaci\u00f3n y con el pueblo de M\u00e9xico.&nbsp;<\/span><\/div>\n<div style=\"text-align: justify;\">&nbsp;<\/div>\n<div style=\"text-align: justify;\"><span style=\"font-size: 14pt; font-family: arial, helvetica, sans-serif;\"><\/span><\/div>\n<div style=\"text-align: justify;\"><span style=\"font-size: 14pt; font-family: arial, helvetica, sans-serif;\">Delgado Carillo puntualiz\u00f3 el contenido de la carta, la cual se\u00f1ala lo siguiente: \u201cMe comprometo a regir mi conducta conforme a los principios \u00e9ticos y el programa de MORENA; me comprometo a no mentir, no robar y no traicionar; me comprometo a promover una aut\u00e9ntica democracia donde el pueblo mande; me comprometo a gobernar para todas y todos; fomentar\u00e9 que se reduzcan las desigualdades entre los que m\u00e1s tienen y quienes menos poseen, primero los pobres; luchar\u00e9 contra la violencia hacia las mujeres y contra cualquier forma de discriminaci\u00f3n por raz\u00f3n de g\u00e9nero, raza, origen, \u00e9tnico, religi\u00f3n, orientaci\u00f3n sexual, condici\u00f3n social, econ\u00f3mica pol\u00edtica o cultural; me comprometo a gobernar con austeridad republicana y erradicar la corrupci\u00f3n y los privilegios en los \u00e1mbitos de mi cargo\u201d.<\/span><\/div>\n<div style=\"text-align: justify;\">&nbsp;<\/div>\n<div style=\"text-align: justify;\"><span style=\"font-size: 14pt; font-family: arial, helvetica, sans-serif;\"><\/span><\/div>\n<div style=\"text-align: justify;\"><span style=\"font-size: 14pt; font-family: arial, helvetica, sans-serif;\">Agreg\u00f3 \u201cpromover\u00e9 una nueva forma de hacer pol\u00edtica y har\u00e9 de este ejercicio un imperativo \u00e9tico combatir el clientelismo, el nepotismo, el patrimonialismo, el corporativismo y todas aquellas pr\u00e1cticas que obstaculicen la democracia; no promover ni aplicar\u00e9 la represi\u00f3n como m\u00e9todo de Gobierno; me comprometo a apoyar la cuarta transformaci\u00f3n del pa\u00eds y la regeneraci\u00f3n de la vida p\u00fablica de la naci\u00f3n mexicana, el ejercicio del poder s\u00f3lo tiene sentido cuando se pone al servicio de los dem\u00e1s; me comprometo a mandar obedeciendo mi compromiso es servir al pueblo de M\u00e9xico, si no lo hiciera as\u00ed que el pueblo me lo demande\u201d.<\/span><\/div>\n<div style=\"text-align: justify;\">&nbsp;<\/div>\n<div style=\"text-align: justify;\"><span style=\"font-size: 14pt; font-family: arial, helvetica, sans-serif;\"><\/span><\/div>\n<div style=\"text-align: justify;\"><span style=\"font-size: 14pt; font-family: arial, helvetica, sans-serif;\">Por su parte, el gobernador electo de Sinaloa dijo que durante el encuentro con las y los gobernadores electos se analizaron las campa\u00f1as electorales de los distintos estados en los que se celebraron elecciones, adem\u00e1s de que se compartieron experiencias y propuestas para concretar la instalaci\u00f3n de la cuarta transformaci\u00f3n en la entidad.<\/span><\/div>\n<div style=\"text-align: justify;\">&nbsp;<\/div>\n<div style=\"text-align: justify;\"><span style=\"font-size: 14pt; font-family: arial, helvetica, sans-serif;\"><\/span><\/div>\n<div style=\"text-align: justify;\"><span style=\"font-size: 14pt; font-family: arial, helvetica, sans-serif;\">Rocha Moya mencion\u00f3 que otras de temas a tratar entre los asistentes al encuentro con las y los gobernadores es cumplir con los objetivos y realizar tareas durante la transici\u00f3n de Gobiernos de las entidades, donde se celebraron elecciones el pasado 6 de junio.<\/span><\/div>\n<div style=\"text-align: justify;\">&nbsp;<\/div>\n<div style=\"text-align: justify;\"><span style=\"font-size: 14pt; font-family: arial, helvetica, sans-serif;\"><\/span><\/div>\n<div style=\"text-align: justify;\"><span style=\"font-size: 14pt; font-family: arial, helvetica, sans-serif;\">Al encuentro acudieron las y los gobernadores electos de MORENA: De Baja California, Marina del Pilar; Baja California Sur, V\u00edctor Castro; Sonora, Alfonso Durazo; Nayarit, Miguel \u00c1ngel Navarro; Colima, Indira Vizca\u00edno; Guerrero, Evelyn Salgado; Michoac\u00e1n, Alfredo Bedolla; Zacatecas, David Monreal; Tlaxcala, Lorena Cu\u00e9llar.<\/span><\/div>\n<div style=\"text-align: justify;\">&nbsp;<\/div>\n<div style=\"text-align: justify;\"><span style=\"font-size: 14pt; font-family: arial, helvetica, sans-serif;\"><\/span><\/div>\n<div style=\"text-align: justify;\"><span style=\"font-size: 14pt; font-family: arial, helvetica, sans-serif;\">Adem\u00e1s, estuvieron presentes el presidente de la Junta de Coordinaci\u00f3n Pol\u00edtica (Jucopo) de la C\u00e1mara de Diputados, Ignacio Mier Velazco; el representante de MORENA ante el INE, el diputado Sergio Guti\u00e9rrez Luna; el secretario de elecciones de MORENA, el senador Alejandro Pe\u00f1a Villa; la secretaria general de Morena, Citlalli Hern\u00e1ndez e integrantes del Instituto de Formaci\u00f3n como Pedro Miguel y Rafael Baraja.<\/span><\/div>\n<div style=\"text-align: justify;\">&nbsp;<\/div>\n<div style=\"text-align: justify;\">&nbsp;<\/div>\n<div style=\"text-align: justify;\"><span style=\"font-size: 14pt; font-family: arial, helvetica, sans-serif;\">REDACCI\u00d3N\/VISI\u00d3N CIUDADANA.<\/span><\/div>\n","protected":false},"excerpt":{"rendered":"<p>&nbsp; En el marco del \u201cEncuentro con Gobernadoras y Gobernadores Electos: Gobiernos de la Transformaci\u00f3n\u201d, el cual fue organizado por la dirigencia nacional del Movimiento de Regeneraci\u00f3n Nacional (MORENA), se llev\u00f3 a cabo la firma de la carta compromiso por la Cuarta Transformaci\u00f3n entre los ganadores de las gubernaturas del proceso electoral que culmin\u00f3 el [&hellip;]<\/p>\n","protected":false},"author":1,"featured_media":857,"comment_status":"closed","ping_status":"closed","sticky":false,"template":"","format":"standard","meta":{"footnotes":""},"categories":[24],"tags":[],"ppma_author":[31],"class_list":["post-17046","post","type-post","status-publish","format-standard","has-post-thumbnail","hentry","category-relevantes"],"aioseo_notices":[],"authors":[{"term_id":31,"user_id":1,"is_guest":0,"slug":"ivan3vino","display_name":"Iv\u00e1n Trevi\u00f1o","avatar_url":{"url":"https:\/\/visionciudadana.com.mx\/oficial\/wp-content\/uploads\/2025\/09\/columna-ivan-Trevino.png","url2x":"https:\/\/visionciudadana.com.mx\/oficial\/wp-content\/uploads\/2025\/09\/columna-ivan-Trevino.png"},"0":null,"1":"","2":"","3":"","4":"","5":"","6":"","7":"","8":""}],"_links":{"self":[{"href":"https:\/\/visionciudadana.com.mx\/oficial\/wp-json\/wp\/v2\/posts\/17046","targetHints":{"allow":["GET"]}}],"collection":[{"href":"https:\/\/visionciudadana.com.mx\/oficial\/wp-json\/wp\/v2\/posts"}],"about":[{"href":"https:\/\/visionciudadana.com.mx\/oficial\/wp-json\/wp\/v2\/types\/post"}],"author":[{"embeddable":true,"href":"https:\/\/visionciudadana.com.mx\/oficial\/wp-json\/wp\/v2\/users\/1"}],"replies":[{"embeddable":true,"href":"https:\/\/visionciudadana.com.mx\/oficial\/wp-json\/wp\/v2\/comments?post=17046"}],"version-history":[{"count":1,"href":"https:\/\/visionciudadana.com.mx\/oficial\/wp-json\/wp\/v2\/posts\/17046\/revisions"}],"predecessor-version":[{"id":30949,"href":"https:\/\/visionciudadana.com.mx\/oficial\/wp-json\/wp\/v2\/posts\/17046\/revisions\/30949"}],"wp:featuredmedia":[{"embeddable":true,"href":"https:\/\/visionciudadana.com.mx\/oficial\/wp-json\/wp\/v2\/media\/857"}],"wp:attachment":[{"href":"https:\/\/visionciudadana.com.mx\/oficial\/wp-json\/wp\/v2\/media?parent=17046"}],"wp:term":[{"taxonomy":"category","embeddable":true,"href":"https:\/\/visionciudadana.com.mx\/oficial\/wp-json\/wp\/v2\/categories?post=17046"},{"taxonomy":"post_tag","embeddable":true,"href":"https:\/\/visionciudadana.com.mx\/oficial\/wp-json\/wp\/v2\/tags?post=17046"},{"taxonomy":"author","embeddable":true,"href":"https:\/\/visionciudadana.com.mx\/oficial\/wp-json\/wp\/v2\/ppma_author?post=17046"}],"curies":[{"name":"wp","href":"https:\/\/api.w.org\/{rel}","templated":true}]}}