{"id":17045,"date":"2021-06-16T21:32:36","date_gmt":"2021-06-16T21:32:36","guid":{"rendered":"https:\/\/visionciudadana.com.mx\/chio\/2021\/06\/16\/jesus-estrada-ferreiro-encabezara-carrera-del-dia-del-padre\/"},"modified":"2025-06-25T00:12:12","modified_gmt":"2025-06-25T00:12:12","slug":"jesus-estrada-ferreiro-encabezara-carrera-del-dia-del-padre","status":"publish","type":"post","link":"https:\/\/visionciudadana.com.mx\/oficial\/2021\/06\/16\/jesus-estrada-ferreiro-encabezara-carrera-del-dia-del-padre\/","title":{"rendered":"Jes\u00fas Estrada Ferreiro encabezar\u00e1 carrera del d\u00eda del padre"},"content":{"rendered":"<p>&nbsp;<\/p>\n<p><img fetchpriority=\"high\" decoding=\"async\" src=\"images\/2021\/junio21\/carrera-del-d\u00eda.jpg\" alt=\"carrera del d\u00eda\" width=\"780\" height=\"420\" style=\"display: block; margin: 20px auto;\" \/><\/p>\n<p style=\"text-align: justify;\"><span style=\"font-size: 14pt; font-family: arial, helvetica, sans-serif;\">El Presidente Municipal de Culiac\u00e1n, Lic. Jes\u00fas Estrada Ferreiro encabezar\u00e1 la carrera de 5 kil\u00f3metros \u00abMi H\u00e9roe Corre\u00bb que se llevar\u00e1 a cabo este domingo 20 de junio a las 7 de la ma\u00f1ana en el marco del D\u00eda del Padre.<\/span><\/p>\n<p style=\"text-align: justify;\">&nbsp;<\/p>\n<p class=\"x_MsoNormal\" style=\"text-align: justify;\"><span style=\"font-size: 14pt; font-family: arial, helvetica, sans-serif;\">El Instituto Municipal del Deporte y Cultura F\u00edsica y la Asociaci\u00f3n Estatal de Atletismo en Sinaloa reactivar\u00e1 el atletismo con lo que ser\u00e1 la primera fiesta en el asfalto, donde el invitado especial ser\u00e1n los Padres de Familia.<\/span><\/p>\n<p style=\"text-align: justify;\">&nbsp;<\/p>\n<p class=\"x_MsoNormal\" style=\"text-align: justify;\"><span style=\"font-size: 14pt; font-family: arial, helvetica, sans-serif;\">La cita para que corran todos los papas de Culiac\u00e1n, es este domingo 20 de junio en el marco del D\u00eda del Padre.<\/span><\/p>\n<p style=\"text-align: justify;\">&nbsp;<\/p>\n<p class=\"x_MsoNormal\" style=\"text-align: justify;\"><span style=\"font-size: 14pt; font-family: arial, helvetica, sans-serif;\">Iv\u00e1n Esparza Pacheco en representaci\u00f3n del director general del IMDEC, Carlos Octavio Lara Cebreros, felicit\u00f3 al Comit\u00e9 Organizador por rescatar esta fiesta atl\u00e9tica en honor de los jefes de familia, donde se involucra a toda la familia y que por ende se refuerzan los valores y una mejor salud para todos a trav\u00e9s de la pr\u00e1ctica deportiva.<\/span><\/p>\n<p style=\"text-align: justify;\">&nbsp;<\/p>\n<p class=\"x_MsoNormal\" style=\"text-align: justify;\"><span style=\"font-size: 14pt; font-family: arial, helvetica, sans-serif;\">Por lo pronto, est\u00e1 el compromiso del Alcalde, Lic. Jes\u00fas Estrada Ferreiro de encabezar esta carrera del D\u00eda del Padre como parte del respeto que se le tiene a este importante miembro de la familia, dijo.<\/span><\/p>\n<p style=\"text-align: justify;\">&nbsp;<\/p>\n<p class=\"x_MsoNormal\" style=\"text-align: justify;\"><span style=\"font-size: 14pt; font-family: arial, helvetica, sans-serif;\">Melesio Angulo, presidente de la Asociaci\u00f3n Estatal de Atletismo de Sinaloa inform\u00f3 que la Carrera de 5 kil\u00f3metros se llevar\u00e1 a cabo este domingo 20 de junio a las 07:00 horas de la ma\u00f1ana con salida y meta en boulevard, Diego Valadez frente a las instalaciones de Forum.<\/span><\/p>\n<p style=\"text-align: justify;\">&nbsp;<\/p>\n<p class=\"x_MsoNormal\" style=\"text-align: justify;\"><span style=\"font-size: 14pt; font-family: arial, helvetica, sans-serif;\">Acompa\u00f1ado del director general del Instituto Municipal del Deporte y la Cultura F\u00edsica, CP. Carlos Octavio Lara Cebreros y el presidente de la Asociaci\u00f3n Estatal de Atletismo en Sinaloa, Melesio Angulo, el Alcalde expres\u00f3 que el festejar a los jefes de familia con Deporte es una manera muy especial porque lleva impl\u00edcito que el practicar cualquier disciplina te brinda una mejor salud y refuerza los valores.<\/span><\/p>\n<p style=\"text-align: justify;\">&nbsp;<\/p>\n<p class=\"x_MsoNormal\" style=\"text-align: justify;\"><span style=\"font-size: 14pt; font-family: arial, helvetica, sans-serif;\">Inform\u00f3 que se premiar\u00e1 a los primeros cinco lugares de la rama varonil y femenil con 2000, 1500,1000, 800 y 600 pesos respectivamente.<\/span><\/p>\n<p style=\"text-align: justify;\">&nbsp;<\/p>\n<p class=\"x_MsoNormal\" style=\"text-align: justify;\"><span style=\"font-size: 14pt; font-family: arial, helvetica, sans-serif;\">Dijo que las inscripciones tendr\u00e1n un costo por participante de 250 pesos y que el registro lo pueden solicitar a&nbsp;<a href=\"mailto:sinaloa.@hotmail.com\" target=\"_blank\" rel=\"noopener noreferrer\" id=\"LPlnk974216\" data-auth=\"NotApplicable\" data-linkindex=\"0\"><\/a><a href=\"mailto:sinaloa.@hotmail.com\">sinaloa.@hotmail.com<\/a>&nbsp;y el cierre de registros ser\u00e1 el mi\u00e9rcoles 16 de junio a las 12:00 horas.<\/span><\/p>\n<p style=\"text-align: justify;\">&nbsp;<\/p>\n<p class=\"x_MsoNormal\" style=\"text-align: justify;\"><span style=\"font-size: 14pt; font-family: arial, helvetica, sans-serif;\">El pago de la inscripci\u00f3n se realizar\u00e1 en el banco Banamex en el n\u00famero de cuenta 7691950 de la sucursal 316 o clave interbancaria 002730031676919503 a nombre de la Asociaci\u00f3n Estatal de Atletismo<\/span><\/p>\n<p style=\"text-align: justify;\">&nbsp;<\/p>\n<p class=\"x_MsoNormal\" style=\"text-align: justify;\"><span style=\"font-size: 14pt; font-family: arial, helvetica, sans-serif;\">de Sinaloa y para mayores informes al n\u00famero de cel. 667 390 2994 y al 668 274 5600.<\/span><\/p>\n<p style=\"text-align: justify;\">&nbsp;<\/p>\n<p class=\"x_MsoNormal\" style=\"text-align: justify;\"><span style=\"font-size: 14pt; font-family: arial, helvetica, sans-serif;\">En lo que refiere al Operativo de Seguridad, P\u00e1nfilo D\u00edaz Ju\u00e1rez, director de Tr\u00e1nsito Municipal, dijo que participar\u00e1n 65 elementos viales, tres patrullas y una cuatrimoto que recorrer\u00e1n toda la ruta.<\/span><\/p>\n<p style=\"text-align: justify;\">&nbsp;<\/p>\n<p class=\"x_MsoNormal\" style=\"text-align: justify;\"><span style=\"font-size: 14pt; font-family: arial, helvetica, sans-serif;\">El evento atl\u00e9tico tambi\u00e9n ser\u00e1 salvaguardado por elementos de Protecci\u00f3n Civil, Cruz Roja Mexicana y la COEPRIS.<\/span><\/p>\n<p style=\"text-align: justify;\">&nbsp;<\/p>\n<p style=\"text-align: justify;\">&nbsp;<\/p>\n<p style=\"text-align: justify;\"><span style=\"font-size: 14pt; font-family: arial, helvetica, sans-serif;\">REDACCI\u00d3N\/VISI\u00d3N CIUDADANA.<\/span><\/p>\n","protected":false},"excerpt":{"rendered":"<p>&nbsp; El Presidente Municipal de Culiac\u00e1n, Lic. Jes\u00fas Estrada Ferreiro encabezar\u00e1 la carrera de 5 kil\u00f3metros \u00abMi H\u00e9roe Corre\u00bb que se llevar\u00e1 a cabo este domingo 20 de junio a las 7 de la ma\u00f1ana en el marco del D\u00eda del Padre. &nbsp; El Instituto Municipal del Deporte y Cultura F\u00edsica y la Asociaci\u00f3n Estatal [&hellip;]<\/p>\n","protected":false},"author":1,"featured_media":855,"comment_status":"closed","ping_status":"closed","sticky":false,"template":"","format":"standard","meta":{"footnotes":""},"categories":[24],"tags":[],"ppma_author":[31],"class_list":["post-17045","post","type-post","status-publish","format-standard","has-post-thumbnail","hentry","category-relevantes"],"aioseo_notices":[],"authors":[{"term_id":31,"user_id":1,"is_guest":0,"slug":"ivan3vino","display_name":"Iv\u00e1n Trevi\u00f1o","avatar_url":{"url":"https:\/\/visionciudadana.com.mx\/oficial\/wp-content\/uploads\/2025\/09\/columna-ivan-Trevino.png","url2x":"https:\/\/visionciudadana.com.mx\/oficial\/wp-content\/uploads\/2025\/09\/columna-ivan-Trevino.png"},"0":null,"1":"","2":"","3":"","4":"","5":"","6":"","7":"","8":""}],"_links":{"self":[{"href":"https:\/\/visionciudadana.com.mx\/oficial\/wp-json\/wp\/v2\/posts\/17045","targetHints":{"allow":["GET"]}}],"collection":[{"href":"https:\/\/visionciudadana.com.mx\/oficial\/wp-json\/wp\/v2\/posts"}],"about":[{"href":"https:\/\/visionciudadana.com.mx\/oficial\/wp-json\/wp\/v2\/types\/post"}],"author":[{"embeddable":true,"href":"https:\/\/visionciudadana.com.mx\/oficial\/wp-json\/wp\/v2\/users\/1"}],"replies":[{"embeddable":true,"href":"https:\/\/visionciudadana.com.mx\/oficial\/wp-json\/wp\/v2\/comments?post=17045"}],"version-history":[{"count":1,"href":"https:\/\/visionciudadana.com.mx\/oficial\/wp-json\/wp\/v2\/posts\/17045\/revisions"}],"predecessor-version":[{"id":30950,"href":"https:\/\/visionciudadana.com.mx\/oficial\/wp-json\/wp\/v2\/posts\/17045\/revisions\/30950"}],"wp:featuredmedia":[{"embeddable":true,"href":"https:\/\/visionciudadana.com.mx\/oficial\/wp-json\/wp\/v2\/media\/855"}],"wp:attachment":[{"href":"https:\/\/visionciudadana.com.mx\/oficial\/wp-json\/wp\/v2\/media?parent=17045"}],"wp:term":[{"taxonomy":"category","embeddable":true,"href":"https:\/\/visionciudadana.com.mx\/oficial\/wp-json\/wp\/v2\/categories?post=17045"},{"taxonomy":"post_tag","embeddable":true,"href":"https:\/\/visionciudadana.com.mx\/oficial\/wp-json\/wp\/v2\/tags?post=17045"},{"taxonomy":"author","embeddable":true,"href":"https:\/\/visionciudadana.com.mx\/oficial\/wp-json\/wp\/v2\/ppma_author?post=17045"}],"curies":[{"name":"wp","href":"https:\/\/api.w.org\/{rel}","templated":true}]}}