{"id":17037,"date":"2021-06-14T19:40:40","date_gmt":"2021-06-14T19:40:40","guid":{"rendered":"https:\/\/visionciudadana.com.mx\/chio\/2021\/06\/14\/museo-interactivo-sobre-las-adicciones-reanuda-actividades-tras-el-periodo-de-confinamiento\/"},"modified":"2025-06-25T00:12:12","modified_gmt":"2025-06-25T00:12:12","slug":"museo-interactivo-sobre-las-adicciones-reanuda-actividades-tras-el-periodo-de-confinamiento","status":"publish","type":"post","link":"https:\/\/visionciudadana.com.mx\/oficial\/2021\/06\/14\/museo-interactivo-sobre-las-adicciones-reanuda-actividades-tras-el-periodo-de-confinamiento\/","title":{"rendered":"Museo Interactivo sobre las Adicciones reanuda actividades tras el periodo de confinamiento"},"content":{"rendered":"<p><img fetchpriority=\"high\" decoding=\"async\" src=\"images\/2021\/junio21\/mia.jpg\" alt=\"mia\" width=\"780\" height=\"420\" style=\"display: block; margin: 20px auto;\" \/><\/p>\n<div>&nbsp;<\/div>\n<div style=\"text-align: justify;\"><span style=\"font-size: 14pt; font-family: arial, helvetica, sans-serif;\">El Museo Interactivo sobre las Adicciones reabre sus puertas a partir del d\u00eda de hoy, esto tras haber permanecido cerrado al p\u00fablico derivado del periodo de confinamiento ocasionado por la pandemia de Covid-19.<\/span><\/div>\n<div style=\"text-align: justify;\">&nbsp;<\/div>\n<div style=\"text-align: justify;\"><span style=\"font-size: 14pt; font-family: arial, helvetica, sans-serif;\"><\/span><\/div>\n<div style=\"text-align: justify;\"><span style=\"font-size: 14pt; font-family: arial, helvetica, sans-serif;\">Las actividades habituales del museo, es decir, los recorridos guiados, reactivar\u00e1n sus operaciones de lunes a viernes, atendiendo la siguiente din\u00e1mica:<\/span><\/div>\n<div style=\"text-align: justify;\"><span style=\"font-size: 14pt; font-family: arial, helvetica, sans-serif;\"><\/span><\/div>\n<div style=\"text-align: justify;\"><span style=\"font-size: 14pt; font-family: arial, helvetica, sans-serif;\">Bloque 1 &#8211; 10:00 a 11:30 h.<\/span><\/div>\n<div style=\"text-align: justify;\"><span style=\"font-size: 14pt; font-family: arial, helvetica, sans-serif;\">Bloque 2 &#8211; 12:00 a 13:30 h.<\/span><\/div>\n<div style=\"text-align: justify;\"><span style=\"font-size: 14pt; font-family: arial, helvetica, sans-serif;\">Bloque 3 &#8211; 14:00 a 15:30 h.&nbsp;<\/span><\/div>\n<div style=\"text-align: justify;\"><span style=\"font-size: 14pt; font-family: arial, helvetica, sans-serif;\">Bloque 4 &#8211; 16:00 a 17:30 h.&nbsp;<\/span><\/div>\n<div style=\"text-align: justify;\">&nbsp;<\/div>\n<div style=\"text-align: justify;\">&nbsp;<\/div>\n<div style=\"text-align: justify;\"><span style=\"font-size: 14pt; font-family: arial, helvetica, sans-serif;\">En estos horarios se podr\u00e1n reservar las visitas a MIA, esto a trav\u00e9s de las l\u00edneas telef\u00f3nicas (667) 2-57-99-86 y (667) 2-57-99-62, y con ello, mantener el orden y evitar las aglomeraciones.&nbsp;<\/span><\/div>\n<div style=\"text-align: justify;\">&nbsp;<\/div>\n<div style=\"text-align: justify;\"><span style=\"font-size: 14pt; font-family: arial, helvetica, sans-serif;\"><\/span><\/div>\n<div style=\"text-align: justify;\"><span style=\"font-size: 14pt; font-family: arial, helvetica, sans-serif;\">El museo cuenta con todos los protocolos y medidas sanitarias para la seguridad de los asistentes, pero es necesario que al arribar al recinto se utilice de manera obligatoria el cubrebocas y se atiendan las instrucciones de seguridad del personal a cargo.<\/span><\/div>\n<div style=\"text-align: justify;\"><span style=\"font-size: 14pt; font-family: arial, helvetica, sans-serif;\"><\/span><\/div>\n<div style=\"text-align: justify;\"><span style=\"font-size: 14pt; font-family: arial, helvetica, sans-serif;\"><\/span><\/div>\n<div style=\"text-align: justify;\"><span style=\"font-size: 14pt; font-family: arial, helvetica, sans-serif;\">Cabe resaltar que la experiencia MIA es multisensorial, y este museo es \u00fanico en el mundo en cuanto a tratar el tema de adicciones se refiere. MIA est\u00e1 de vuelta con la prevenci\u00f3n de las conductas y sustancias adictivas a trav\u00e9s del poder de la educaci\u00f3n.<\/span><\/div>\n<div style=\"text-align: justify;\">&nbsp;<\/div>\n<div style=\"text-align: justify;\">&nbsp;<\/div>\n<div style=\"text-align: justify;\">&nbsp;<\/div>\n<div style=\"text-align: justify;\"><span style=\"font-size: 14pt; font-family: arial, helvetica, sans-serif;\">REDACCI\u00d3N\/VISI\u00d3N CIUDADANA.<\/span><\/div>\n","protected":false},"excerpt":{"rendered":"<p>&nbsp; El Museo Interactivo sobre las Adicciones reabre sus puertas a partir del d\u00eda de hoy, esto tras haber permanecido cerrado al p\u00fablico derivado del periodo de confinamiento ocasionado por la pandemia de Covid-19. &nbsp; Las actividades habituales del museo, es decir, los recorridos guiados, reactivar\u00e1n sus operaciones de lunes a viernes, atendiendo la siguiente [&hellip;]<\/p>\n","protected":false},"author":1,"featured_media":843,"comment_status":"closed","ping_status":"closed","sticky":false,"template":"","format":"standard","meta":{"footnotes":""},"categories":[13],"tags":[],"ppma_author":[31],"class_list":["post-17037","post","type-post","status-publish","format-standard","has-post-thumbnail","hentry","category-locales"],"aioseo_notices":[],"authors":[{"term_id":31,"user_id":1,"is_guest":0,"slug":"ivan3vino","display_name":"Iv\u00e1n Trevi\u00f1o","avatar_url":{"url":"https:\/\/visionciudadana.com.mx\/oficial\/wp-content\/uploads\/2025\/09\/columna-ivan-Trevino.png","url2x":"https:\/\/visionciudadana.com.mx\/oficial\/wp-content\/uploads\/2025\/09\/columna-ivan-Trevino.png"},"0":null,"1":"","2":"","3":"","4":"","5":"","6":"","7":"","8":""}],"_links":{"self":[{"href":"https:\/\/visionciudadana.com.mx\/oficial\/wp-json\/wp\/v2\/posts\/17037","targetHints":{"allow":["GET"]}}],"collection":[{"href":"https:\/\/visionciudadana.com.mx\/oficial\/wp-json\/wp\/v2\/posts"}],"about":[{"href":"https:\/\/visionciudadana.com.mx\/oficial\/wp-json\/wp\/v2\/types\/post"}],"author":[{"embeddable":true,"href":"https:\/\/visionciudadana.com.mx\/oficial\/wp-json\/wp\/v2\/users\/1"}],"replies":[{"embeddable":true,"href":"https:\/\/visionciudadana.com.mx\/oficial\/wp-json\/wp\/v2\/comments?post=17037"}],"version-history":[{"count":1,"href":"https:\/\/visionciudadana.com.mx\/oficial\/wp-json\/wp\/v2\/posts\/17037\/revisions"}],"predecessor-version":[{"id":30954,"href":"https:\/\/visionciudadana.com.mx\/oficial\/wp-json\/wp\/v2\/posts\/17037\/revisions\/30954"}],"wp:featuredmedia":[{"embeddable":true,"href":"https:\/\/visionciudadana.com.mx\/oficial\/wp-json\/wp\/v2\/posts\/843"}],"wp:attachment":[{"href":"https:\/\/visionciudadana.com.mx\/oficial\/wp-json\/wp\/v2\/media?parent=17037"}],"wp:term":[{"taxonomy":"category","embeddable":true,"href":"https:\/\/visionciudadana.com.mx\/oficial\/wp-json\/wp\/v2\/categories?post=17037"},{"taxonomy":"post_tag","embeddable":true,"href":"https:\/\/visionciudadana.com.mx\/oficial\/wp-json\/wp\/v2\/tags?post=17037"},{"taxonomy":"author","embeddable":true,"href":"https:\/\/visionciudadana.com.mx\/oficial\/wp-json\/wp\/v2\/ppma_author?post=17037"}],"curies":[{"name":"wp","href":"https:\/\/api.w.org\/{rel}","templated":true}]}}