{"id":17036,"date":"2021-06-14T19:11:49","date_gmt":"2021-06-14T19:11:49","guid":{"rendered":"https:\/\/visionciudadana.com.mx\/chio\/2021\/06\/14\/llegan-50-mil-300-dosis-de-la-vacuna-pfizer-para-resguardo-en-ultracongeladores-de-la-uas\/"},"modified":"2025-06-25T00:12:13","modified_gmt":"2025-06-25T00:12:13","slug":"llegan-50-mil-300-dosis-de-la-vacuna-pfizer-para-resguardo-en-ultracongeladores-de-la-uas","status":"publish","type":"post","link":"https:\/\/visionciudadana.com.mx\/oficial\/2021\/06\/14\/llegan-50-mil-300-dosis-de-la-vacuna-pfizer-para-resguardo-en-ultracongeladores-de-la-uas\/","title":{"rendered":"Llegan 50 mil 300 dosis de la vacuna Pfizer para resguardo en ultracongeladores de la UAS"},"content":{"rendered":"<p style=\"text-align: justify;\"><span style=\"font-size: 14pt; font-family: arial, helvetica, sans-serif;\"><b><img fetchpriority=\"high\" decoding=\"async\" src=\"images\/2021\/junio21\/llegan-50-mil.jpg\" alt=\"llegan 50 mil\" width=\"780\" height=\"420\" style=\"display: block; margin: 20px auto;\" \/><\/b>Con el respaldo de la nueva administraci\u00f3n que encabeza el doctor Jes\u00fas Madue\u00f1a Molina, Rector de la casa de estudios sinaloense, llegan 50 mil 300 nuevas dosis de&nbsp;<i>Pfizer<\/i>&nbsp;a las instalaciones de la Facultad de Ciencias Qu\u00edmico Biol\u00f3gicas de la Universidad Aut\u00f3noma de Sinaloa (UAS), donde son debidamente resguardadas.<\/span><\/p>\n<p style=\"text-align: justify;\">&nbsp;<\/p>\n<p class=\"x_MsoNormal\" style=\"text-align: justify;\"><span style=\"font-size: 14pt; font-family: arial, helvetica, sans-serif;\">Gerardo Alapizco Castro, secretario general de UAS y miembro del Comando de Vacunaci\u00f3n, expres\u00f3 que la nueva administraci\u00f3n refrenda el apoyo total de continuar con esta noble labor que beneficia al pueblo sinaloense, por lo que, en los siguientes d\u00edas la vacuna saldr\u00e1 de su resguardo con destino al municipio de Ahome, para ser aplicada como segunda dosis a adultos mayores.<\/span><\/p>\n<p style=\"text-align: justify;\">&nbsp;<\/p>\n<p class=\"x_MsoNormal\" style=\"text-align: justify;\"><span style=\"font-size: 14pt; font-family: arial, helvetica, sans-serif;\">\u201cEl doctor Jes\u00fas Madue\u00f1a Molina, Rector de la UAS, ha dado una instrucci\u00f3n a su servidor que sigamos igual incluso con m\u00e1s ganas, el hecho de estar y formar parte de este Comando de Vacunaci\u00f3n, y \u00e9l ha instruido que sigamos apoyando con infraestructura y equipamiento, pero adem\u00e1s con el personal, con el recurso humano de las diferentes \u00e1reas de la salud\u201d, expuso.<\/span><\/p>\n<p style=\"text-align: justify;\">&nbsp;<\/p>\n<p class=\"x_MsoNormal\" style=\"text-align: justify;\"><span style=\"font-size: 14pt; font-family: arial, helvetica, sans-serif;\">Por su parte, el secretario de Salud del Estado de Sinaloa, Efr\u00e9n Encinas Torres, manifest\u00f3 que hasta al momento se ha tenido una coordinaci\u00f3n estrecha con la UAS, por lo que la nueva administraci\u00f3n encabezada por el doctor Madue\u00f1a Molina ratifica este ordenamiento para trabajar en conjunto y en sinergia para bien de la poblaci\u00f3n.<\/span><\/p>\n<p style=\"text-align: justify;\">&nbsp;<\/p>\n<p class=\"x_MsoNormal\" style=\"text-align: justify;\"><span style=\"font-size: 14pt; font-family: arial, helvetica, sans-serif;\">En relaci\u00f3n al biol\u00f3gico, dijo que gracias a los ultracongeladores de la casa de estudios sinaloense se han resguardado desde el principio y muy seguramente hasta que este proceso culmine, cubriendo todos los sectores en todos los municipios que integran Sinaloa.<\/span><\/p>\n<p style=\"text-align: justify;\">&nbsp;<\/p>\n<p class=\"x_MsoNormal\" style=\"text-align: justify;\"><span style=\"font-size: 14pt; font-family: arial, helvetica, sans-serif;\">\u201cHa sido la realidad, una coordinaci\u00f3n muy estrecha todo el comando estatal con la UAS, todo el sector salud, el Rector actual, el doctor Jes\u00fas Madue\u00f1a Molina ha sido muy preciso en la insistencia de trabajar coordinadamente como ha sido siempre\u201d, finaliz\u00f3.&nbsp;&nbsp;&nbsp;&nbsp;<\/span><\/p>\n<p style=\"text-align: justify;\">&nbsp;<\/p>\n<p style=\"text-align: justify;\">&nbsp;<\/p>\n<p style=\"text-align: justify;\"><span style=\"font-size: 14pt; font-family: arial, helvetica, sans-serif;\">REDACCI\u00d3N\/VISI\u00d3N CIUDADANA.<\/span><\/p>\n","protected":false},"excerpt":{"rendered":"<p>Con el respaldo de la nueva administraci\u00f3n que encabeza el doctor Jes\u00fas Madue\u00f1a Molina, Rector de la casa de estudios sinaloense, llegan 50 mil 300 nuevas dosis de&nbsp;Pfizer&nbsp;a las instalaciones de la Facultad de Ciencias Qu\u00edmico Biol\u00f3gicas de la Universidad Aut\u00f3noma de Sinaloa (UAS), donde son debidamente resguardadas. &nbsp; Gerardo Alapizco Castro, secretario general de [&hellip;]<\/p>\n","protected":false},"author":1,"featured_media":841,"comment_status":"closed","ping_status":"closed","sticky":false,"template":"","format":"standard","meta":{"footnotes":""},"categories":[13],"tags":[],"ppma_author":[31],"class_list":["post-17036","post","type-post","status-publish","format-standard","has-post-thumbnail","hentry","category-locales"],"aioseo_notices":[],"authors":[{"term_id":31,"user_id":1,"is_guest":0,"slug":"ivan3vino","display_name":"Iv\u00e1n Trevi\u00f1o","avatar_url":{"url":"https:\/\/visionciudadana.com.mx\/oficial\/wp-content\/uploads\/2025\/09\/columna-ivan-Trevino.png","url2x":"https:\/\/visionciudadana.com.mx\/oficial\/wp-content\/uploads\/2025\/09\/columna-ivan-Trevino.png"},"0":null,"1":"","2":"","3":"","4":"","5":"","6":"","7":"","8":""}],"_links":{"self":[{"href":"https:\/\/visionciudadana.com.mx\/oficial\/wp-json\/wp\/v2\/posts\/17036","targetHints":{"allow":["GET"]}}],"collection":[{"href":"https:\/\/visionciudadana.com.mx\/oficial\/wp-json\/wp\/v2\/posts"}],"about":[{"href":"https:\/\/visionciudadana.com.mx\/oficial\/wp-json\/wp\/v2\/types\/post"}],"author":[{"embeddable":true,"href":"https:\/\/visionciudadana.com.mx\/oficial\/wp-json\/wp\/v2\/users\/1"}],"replies":[{"embeddable":true,"href":"https:\/\/visionciudadana.com.mx\/oficial\/wp-json\/wp\/v2\/comments?post=17036"}],"version-history":[{"count":1,"href":"https:\/\/visionciudadana.com.mx\/oficial\/wp-json\/wp\/v2\/posts\/17036\/revisions"}],"predecessor-version":[{"id":30955,"href":"https:\/\/visionciudadana.com.mx\/oficial\/wp-json\/wp\/v2\/posts\/17036\/revisions\/30955"}],"wp:featuredmedia":[{"embeddable":true,"href":"https:\/\/visionciudadana.com.mx\/oficial\/wp-json\/wp\/v2\/posts\/841"}],"wp:attachment":[{"href":"https:\/\/visionciudadana.com.mx\/oficial\/wp-json\/wp\/v2\/media?parent=17036"}],"wp:term":[{"taxonomy":"category","embeddable":true,"href":"https:\/\/visionciudadana.com.mx\/oficial\/wp-json\/wp\/v2\/categories?post=17036"},{"taxonomy":"post_tag","embeddable":true,"href":"https:\/\/visionciudadana.com.mx\/oficial\/wp-json\/wp\/v2\/tags?post=17036"},{"taxonomy":"author","embeddable":true,"href":"https:\/\/visionciudadana.com.mx\/oficial\/wp-json\/wp\/v2\/ppma_author?post=17036"}],"curies":[{"name":"wp","href":"https:\/\/api.w.org\/{rel}","templated":true}]}}