{"id":17034,"date":"2021-06-14T18:49:15","date_gmt":"2021-06-14T18:49:15","guid":{"rendered":"https:\/\/visionciudadana.com.mx\/chio\/2021\/06\/14\/hay-tres-nuevos-casos-positivos-de-estudiantes-por-covid-en-la-cdmx\/"},"modified":"2025-06-25T00:12:13","modified_gmt":"2025-06-25T00:12:13","slug":"hay-tres-nuevos-casos-positivos-de-estudiantes-por-covid-en-la-cdmx","status":"publish","type":"post","link":"https:\/\/visionciudadana.com.mx\/oficial\/2021\/06\/14\/hay-tres-nuevos-casos-positivos-de-estudiantes-por-covid-en-la-cdmx\/","title":{"rendered":"Hay tres nuevos casos positivos de estudiantes por Covid en la CDMX"},"content":{"rendered":"<p>&nbsp;<\/p>\n<p><img fetchpriority=\"high\" decoding=\"async\" src=\"images\/2021\/junio21\/nuevos-casos.jpg\" alt=\"nuevos casos\" width=\"780\" height=\"420\" style=\"display: block; margin: 20px auto;\" \/><\/p>\n<p style=\"text-align: justify;\"><span style=\"font-size: 14pt; font-family: arial, helvetica, sans-serif;\">Esta semana se han sumado tres nuevos positivos al nuevo coronavirus entre la comunidad estudiantil de la capital del pa\u00eds, por lo que en el acumulado existen seis alumnos contagiados, afirm\u00f3 la Autoridad Educativa Federal en la Ciudad de M\u00e9xico (AEFCM).&nbsp;<\/span><\/p>\n<p style=\"text-align: justify;\">&nbsp;<\/p>\n<p style=\"text-align: justify;\"><span style=\"font-size: 14pt; font-family: arial, helvetica, sans-serif;\">De acuerdo con esa instancia, los contagios pertenecen a estudiantes de escuelas privadas de educaci\u00f3n b\u00e1sica, donde los dos primeros cursan segundo y quinto grado de primaria en el mismo plantel ubicado en la alcald\u00eda Coyoac\u00e1n, y el tercero en una alumna de segundo grado de primaria, de un colegio en la alcald\u00eda \u00c1lvaro Obreg\u00f3n.<\/span><\/p>\n<p style=\"text-align: justify;\">&nbsp;<\/p>\n<p style=\"text-align: justify;\"><span style=\"font-size: 14pt; font-family: arial, helvetica, sans-serif;\">Respecto a esos nuevos casos, los familiares de los educandos coyoacanenses notificaron a las autoridades del plantel que sus hijos presentaron s\u00edntomas relacionados a SARS-CoV-2, por lo que tras realizarse la prueba, ambos dieron positivo.<\/span><\/p>\n<p style=\"text-align: justify;\">&nbsp;<\/p>\n<p style=\"text-align: justify;\"><span style=\"font-size: 14pt; font-family: arial, helvetica, sans-serif;\">Mientras que para la alumna, su madre se comunic\u00f3 con las autoridades de la escuela para informarles que su hija ten\u00eda s\u00edntomas de resfriado, por lo que acudieron a realizarle el testeo de ant\u00edgeno, que tambi\u00e9n dio positivo.<\/span><\/p>\n<p style=\"text-align: justify;\">&nbsp;<\/p>\n<p style=\"text-align: justify;\"><span style=\"font-size: 14pt; font-family: arial, helvetica, sans-serif;\">La semana pasada, la AEFCM notific\u00f3 que tres contagios a la Covid en escuelas p\u00fablicas de las alcald\u00edas Gustavo A. Madero, Iztacalco y Tl\u00e1huac.&nbsp;<\/span><\/p>\n<p style=\"text-align: justify;\">&nbsp;<\/p>\n<p style=\"text-align: justify;\">&nbsp;<\/p>\n<p style=\"text-align: justify;\"><span style=\"font-size: 14pt; font-family: arial, helvetica, sans-serif;\">FUENTE: ddmx.com<\/span><\/p>\n","protected":false},"excerpt":{"rendered":"<p>&nbsp; Esta semana se han sumado tres nuevos positivos al nuevo coronavirus entre la comunidad estudiantil de la capital del pa\u00eds, por lo que en el acumulado existen seis alumnos contagiados, afirm\u00f3 la Autoridad Educativa Federal en la Ciudad de M\u00e9xico (AEFCM).&nbsp; &nbsp; De acuerdo con esa instancia, los contagios pertenecen a estudiantes de escuelas [&hellip;]<\/p>\n","protected":false},"author":1,"featured_media":837,"comment_status":"closed","ping_status":"closed","sticky":false,"template":"","format":"standard","meta":{"footnotes":""},"categories":[24],"tags":[],"ppma_author":[31],"class_list":["post-17034","post","type-post","status-publish","format-standard","has-post-thumbnail","hentry","category-relevantes"],"aioseo_notices":[],"authors":[{"term_id":31,"user_id":1,"is_guest":0,"slug":"ivan3vino","display_name":"Iv\u00e1n Trevi\u00f1o","avatar_url":{"url":"https:\/\/visionciudadana.com.mx\/oficial\/wp-content\/uploads\/2025\/09\/columna-ivan-Trevino.png","url2x":"https:\/\/visionciudadana.com.mx\/oficial\/wp-content\/uploads\/2025\/09\/columna-ivan-Trevino.png"},"0":null,"1":"","2":"","3":"","4":"","5":"","6":"","7":"","8":""}],"_links":{"self":[{"href":"https:\/\/visionciudadana.com.mx\/oficial\/wp-json\/wp\/v2\/posts\/17034","targetHints":{"allow":["GET"]}}],"collection":[{"href":"https:\/\/visionciudadana.com.mx\/oficial\/wp-json\/wp\/v2\/posts"}],"about":[{"href":"https:\/\/visionciudadana.com.mx\/oficial\/wp-json\/wp\/v2\/types\/post"}],"author":[{"embeddable":true,"href":"https:\/\/visionciudadana.com.mx\/oficial\/wp-json\/wp\/v2\/users\/1"}],"replies":[{"embeddable":true,"href":"https:\/\/visionciudadana.com.mx\/oficial\/wp-json\/wp\/v2\/comments?post=17034"}],"version-history":[{"count":1,"href":"https:\/\/visionciudadana.com.mx\/oficial\/wp-json\/wp\/v2\/posts\/17034\/revisions"}],"predecessor-version":[{"id":30957,"href":"https:\/\/visionciudadana.com.mx\/oficial\/wp-json\/wp\/v2\/posts\/17034\/revisions\/30957"}],"wp:featuredmedia":[{"embeddable":true,"href":"https:\/\/visionciudadana.com.mx\/oficial\/wp-json\/wp\/v2\/posts\/837"}],"wp:attachment":[{"href":"https:\/\/visionciudadana.com.mx\/oficial\/wp-json\/wp\/v2\/media?parent=17034"}],"wp:term":[{"taxonomy":"category","embeddable":true,"href":"https:\/\/visionciudadana.com.mx\/oficial\/wp-json\/wp\/v2\/categories?post=17034"},{"taxonomy":"post_tag","embeddable":true,"href":"https:\/\/visionciudadana.com.mx\/oficial\/wp-json\/wp\/v2\/tags?post=17034"},{"taxonomy":"author","embeddable":true,"href":"https:\/\/visionciudadana.com.mx\/oficial\/wp-json\/wp\/v2\/ppma_author?post=17034"}],"curies":[{"name":"wp","href":"https:\/\/api.w.org\/{rel}","templated":true}]}}