{"id":17033,"date":"2021-06-14T18:44:12","date_gmt":"2021-06-14T18:44:12","guid":{"rendered":"https:\/\/visionciudadana.com.mx\/chio\/2021\/06\/14\/ruben-rocha-moya-recibe-constancia-de-gobernador-electo-de-sinaloa\/"},"modified":"2025-06-25T00:12:13","modified_gmt":"2025-06-25T00:12:13","slug":"ruben-rocha-moya-recibe-constancia-de-gobernador-electo-de-sinaloa","status":"publish","type":"post","link":"https:\/\/visionciudadana.com.mx\/oficial\/2021\/06\/14\/ruben-rocha-moya-recibe-constancia-de-gobernador-electo-de-sinaloa\/","title":{"rendered":"Rub\u00e9n Rocha Moya recibe constancia de gobernador electo de Sinaloa"},"content":{"rendered":"<p style=\"text-align: justify;\"><img fetchpriority=\"high\" decoding=\"async\" src=\"images\/2021\/junio21\/constansa-mayoria.jpg\" alt=\"constansa mayoria\" width=\"780\" height=\"420\" style=\"display: block; margin: 20px auto;\" \/><br \/><span style=\"font-size: 14pt; font-family: arial, helvetica, sans-serif;\">Al recibir del Instituto Electoral del Estado de Sinaloa (IEES) la constancia de mayor\u00eda que lo acredita como gobernador electo de Sinaloa para el periodo 2021-2027, Rub\u00e9n Rocha Moya destac\u00f3 que gracias a la generosidad de las mujeres y hombres sinaloenses en el estado se registr\u00f3 una votaci\u00f3n r\u00e9cord, \u201cobtuvimos 624 mil 255 votos, es decir, un 56.6 por ciento, n\u00fameros nunca obtenidos en Sinaloa en los \u00faltimos 35 a\u00f1os, en la era de la pluralidad\u201d.<\/span><\/p>\n<p style=\"text-align: justify;\">\n<p><span style=\"font-size: 14pt; font-family: arial, helvetica, sans-serif;\">\u201cUstedes me han dado esa fortuna, es el porcentaje m\u00e1s alto de los 15 candidatos a gobernador en el pa\u00eds, eso m\u00e1s que sentirme con soberbia o prepotencia, me siento con mucho compromiso no podemos fallarles, tenemos que estar juntos para transformar a Sinaloa, tenemos que ser muy incluyentes\u201d, puntualiz\u00f3 el gobernador electo del estado, despu\u00e9s de que la presidenta del IEES, Karla Gabriela Zazueta Peraza, le entreg\u00f3 el documento.<\/span><\/p>\n<p style=\"text-align: justify;\">\n<p><span style=\"font-size: 14pt; font-family: arial, helvetica, sans-serif;\">En su mensaje dirigido al pueblo de Sinaloa, Rocha Moya lament\u00f3 que durante el pasado proceso electoral, el cual fue muy bien cuidado por el Instituto Estatal de Electoral de Sinaloa, se presentaron algunos casos violencia, \u201cen Sinaloa municipio, en el distrito 6 hubo mucha presi\u00f3n, acoso y amenazas, ah\u00ed no se pudo corregir el desaseo de las elecciones, reprobamos estos hechos y vamos a combatirlos como Gobierno\u201d.<\/span><\/p>\n<p style=\"text-align: justify;\">\n<p><span style=\"font-size: 14pt; font-family: arial, helvetica, sans-serif;\">De acuerdo con el c\u00f3mputo final, Rocha Moya obtuvo 624 mil 225 votos, que representan el 56.60 por ciento del total de sufragios emitidos, contra 358 mil 313, 32.49 por ciento, de su m\u00e1s cercano contendiente, es decir, gan\u00f3 con una ventaja de 265 mil 912 votos; resultado que lo confirma como el candidato con mayor respaldo electoral en todo el pa\u00eds.<\/span><\/p>\n<p style=\"text-align: justify;\">\n<p><span style=\"font-size: 14pt; font-family: arial, helvetica, sans-serif;\">Quien a partir del 1 de noviembre ser\u00e1 el Gobernador Constitucional de Sinaloa estuvo acompa\u00f1ado por sus hijos: Eneyda, Rub\u00e9n, Ricardo y Jos\u00e9 Jes\u00fas; as\u00ed como por el presidente estatal del PAS, H\u00e9ctor Melesio Cu\u00e9n Ojeda; el delegado del Comit\u00e9 Ejecutivo Nacional de Morena, Am\u00e9rico Villarreal Anaya; el presidente de la Junta de Coordinaci\u00f3n Pol\u00edtica (Jucopo) de la C\u00e1mara de Diputados, Ignacio Mier Velazco; as\u00ed como los presidentes municipales electos de Culiac\u00e1n, Mazatl\u00e1n, Ahome y Badiraguato.<\/span><\/p>\n<p style=\"text-align: justify;\">\n<p><span style=\"font-size: 14pt; font-family: arial, helvetica, sans-serif;\">El Instituto Electoral del Estado de Sinaloa a trav\u00e9s de su consejera presidenta Karla Gabriela Zazueta Peraza y el secretario ejecutivo Arturo Fajardo Mej\u00eda entreg\u00f3 la constancia de mayor\u00eda a Rub\u00e9n Rocha Moya que lo acredita como el candidato a gobernador constitucional del estado de Sinaloa, que obtuvo la mayor\u00eda de los votos en la jornada electoral celebrada el domingo 6 de junio de 2021.<\/span><\/p>\n<p style=\"text-align: justify;\">&nbsp;<\/p>\n<p style=\"text-align: justify;\">&nbsp;<\/p>\n<p style=\"text-align: justify;\"><span style=\"font-size: 14pt; font-family: arial, helvetica, sans-serif;\">REDACCI\u00d3N\/VISI\u00d3N CIUDADANA.<\/span><\/p>\n","protected":false},"excerpt":{"rendered":"<p>Al recibir del Instituto Electoral del Estado de Sinaloa (IEES) la constancia de mayor\u00eda que lo acredita como gobernador electo de Sinaloa para el periodo 2021-2027, Rub\u00e9n Rocha Moya destac\u00f3 que gracias a la generosidad de las mujeres y hombres sinaloenses en el estado se registr\u00f3 una votaci\u00f3n r\u00e9cord, \u201cobtuvimos 624 mil 255 votos, es [&hellip;]<\/p>\n","protected":false},"author":1,"featured_media":835,"comment_status":"closed","ping_status":"closed","sticky":false,"template":"","format":"standard","meta":{"footnotes":""},"categories":[24],"tags":[],"ppma_author":[31],"class_list":["post-17033","post","type-post","status-publish","format-standard","has-post-thumbnail","hentry","category-relevantes"],"aioseo_notices":[],"authors":[{"term_id":31,"user_id":1,"is_guest":0,"slug":"ivan3vino","display_name":"Iv\u00e1n Trevi\u00f1o","avatar_url":{"url":"https:\/\/visionciudadana.com.mx\/oficial\/wp-content\/uploads\/2025\/09\/columna-ivan-Trevino.png","url2x":"https:\/\/visionciudadana.com.mx\/oficial\/wp-content\/uploads\/2025\/09\/columna-ivan-Trevino.png"},"0":null,"1":"","2":"","3":"","4":"","5":"","6":"","7":"","8":""}],"_links":{"self":[{"href":"https:\/\/visionciudadana.com.mx\/oficial\/wp-json\/wp\/v2\/posts\/17033","targetHints":{"allow":["GET"]}}],"collection":[{"href":"https:\/\/visionciudadana.com.mx\/oficial\/wp-json\/wp\/v2\/posts"}],"about":[{"href":"https:\/\/visionciudadana.com.mx\/oficial\/wp-json\/wp\/v2\/types\/post"}],"author":[{"embeddable":true,"href":"https:\/\/visionciudadana.com.mx\/oficial\/wp-json\/wp\/v2\/users\/1"}],"replies":[{"embeddable":true,"href":"https:\/\/visionciudadana.com.mx\/oficial\/wp-json\/wp\/v2\/comments?post=17033"}],"version-history":[{"count":1,"href":"https:\/\/visionciudadana.com.mx\/oficial\/wp-json\/wp\/v2\/posts\/17033\/revisions"}],"predecessor-version":[{"id":30958,"href":"https:\/\/visionciudadana.com.mx\/oficial\/wp-json\/wp\/v2\/posts\/17033\/revisions\/30958"}],"wp:featuredmedia":[{"embeddable":true,"href":"https:\/\/visionciudadana.com.mx\/oficial\/wp-json\/wp\/v2\/posts\/835"}],"wp:attachment":[{"href":"https:\/\/visionciudadana.com.mx\/oficial\/wp-json\/wp\/v2\/media?parent=17033"}],"wp:term":[{"taxonomy":"category","embeddable":true,"href":"https:\/\/visionciudadana.com.mx\/oficial\/wp-json\/wp\/v2\/categories?post=17033"},{"taxonomy":"post_tag","embeddable":true,"href":"https:\/\/visionciudadana.com.mx\/oficial\/wp-json\/wp\/v2\/tags?post=17033"},{"taxonomy":"author","embeddable":true,"href":"https:\/\/visionciudadana.com.mx\/oficial\/wp-json\/wp\/v2\/ppma_author?post=17033"}],"curies":[{"name":"wp","href":"https:\/\/api.w.org\/{rel}","templated":true}]}}