{"id":17027,"date":"2021-06-10T22:51:26","date_gmt":"2021-06-10T22:51:26","guid":{"rendered":"https:\/\/visionciudadana.com.mx\/chio\/2021\/06\/10\/reitera-hector-melesio-cuen-que-el-pas-no-es-un-partido-electorero\/"},"modified":"2025-06-25T00:12:13","modified_gmt":"2025-06-25T00:12:13","slug":"reitera-hector-melesio-cuen-que-el-pas-no-es-un-partido-electorero","status":"publish","type":"post","link":"https:\/\/visionciudadana.com.mx\/oficial\/2021\/06\/10\/reitera-hector-melesio-cuen-que-el-pas-no-es-un-partido-electorero\/","title":{"rendered":"Reitera H\u00e9ctor Melesio Cu\u00e9n que el PAS no es un partido electorero"},"content":{"rendered":"<div><img fetchpriority=\"high\" decoding=\"async\" src=\"images\/2021\/junio21\/partido-sinaloense.jpg\" alt=\"partido sinaloense\" width=\"780\" height=\"420\" style=\"display: block; margin-left: auto; margin-right: auto;\" \/><\/div>\n<div>&nbsp;<\/div>\n<div style=\"text-align: justify;\"><span style=\"font-size: 14pt; font-family: arial, helvetica, sans-serif;\">El d\u00eda de ayer mi\u00e9rcoles 9 de junio, la diputada Ang\u00e9lica D\u00edaz Qui\u00f1onez, el Dr. V\u00edctor Antonio Corrales Burgue\u00f1o y un servidor como exrectores de la Universidad Aut\u00f3noma de Sinaloa y personas interesadas en la educaci\u00f3n, entregamos una iniciativa al Congreso del Estado denominada;&nbsp;Iniciativa con proyecto de Decreto por el que se expide la Ley de Educaci\u00f3n Superior del Estado de Sinaloa.<\/span><\/div>\n<div style=\"text-align: justify;\">\n<p><span style=\"font-size: 14pt; font-family: arial, helvetica, sans-serif;\">Se trata de una armonizaci\u00f3n con la Ley General de Educaci\u00f3n aprobada recientemente por el Congreso de la Uni\u00f3n, misma que fue coordinada por el Dr. Rub\u00e9n Rocha Moya en su responsabilidad de senador de la rep\u00fablica.<\/span><\/div>\n<div style=\"text-align: justify;\">\n<p><span style=\"font-size: 14pt; font-family: arial, helvetica, sans-serif;\">\u201cLa iniciativa tiene el objetivo de que Sinaloa tenga una Ley General de Educaci\u00f3n donde contempla de manera muy importante que para que los Congresos de los Estados modifiquen las Leyes Org\u00e1nicas de las Instituciones de Educaci\u00f3n Superior que poseen autonom\u00eda, est\u00e1n obligados a consultar a las comunidades que conforman las universidades. En esencia deja asegurada la autonom\u00eda universitaria\u201d, as\u00ed lo expres\u00f3 Cu\u00e9n Ojeda.<\/span><\/div>\n<div style=\"text-align: justify;\">\n<p><span style=\"font-size: 14pt; font-family: arial, helvetica, sans-serif;\">Esta armonizaci\u00f3n se plantea tener m\u00e1s cobertura y con mejor calidad acad\u00e9mica. Es importante resaltar que M\u00e9xico tiene un sistema educativo d\u00e9bil que trae como resultado un rezago en la educaci\u00f3n de los mexicanos, tan solo recordemos que de cada 100 j\u00f3venes que ingresan a una instituci\u00f3n egresan solo 32. Por ello es necesario fortalecer la educaci\u00f3n desde los niveles m\u00e1s b\u00e1sicos, e incluso el primero que comienza en el hogar, solo as\u00ed se reducir\u00e1 la brecha que existe en M\u00e9xico donde la pobreza y la extrema pobreza se manifiestan.<\/span><\/div>\n<div style=\"text-align: justify;\">\n<p><span style=\"font-size: 14pt; font-family: arial, helvetica, sans-serif;\">Esta actividad es parte del trabajo que retoma el PAS despu\u00e9s de una jornada electoral, porque s\u00f3lo as\u00ed demostramos lo que siempre hemos dicho; \u201cno somos un partido electorero\u201d.<\/span><\/div>\n<div style=\"text-align: justify;\">\n<p><span style=\"font-size: 14pt; font-family: arial, helvetica, sans-serif;\">Tambi\u00e9n nos prepararnos para cogobernar a Sinaloa, dado que tendremos m\u00ednimamente una bancada de 8 diputados en el Congreso, 6 presidencias municipales y presencia en los diferentes niveles de gobierno, todo ello para que el Dr. Rub\u00e9n Rocha Moya sea el mejor gobernador que ha tenido nuestro estado.<\/span><\/div>\n<div style=\"text-align: justify;\">&nbsp;<\/div>\n<div style=\"text-align: justify;\">&nbsp;<\/div>\n<div style=\"text-align: justify;\"><span style=\"font-size: 14pt; font-family: arial, helvetica, sans-serif;\">REDACCI\u00d3N\/VISI\u00d3N CIUDADANA.<\/span><\/div>\n","protected":false},"excerpt":{"rendered":"<p>&nbsp; El d\u00eda de ayer mi\u00e9rcoles 9 de junio, la diputada Ang\u00e9lica D\u00edaz Qui\u00f1onez, el Dr. V\u00edctor Antonio Corrales Burgue\u00f1o y un servidor como exrectores de la Universidad Aut\u00f3noma de Sinaloa y personas interesadas en la educaci\u00f3n, entregamos una iniciativa al Congreso del Estado denominada;&nbsp;Iniciativa con proyecto de Decreto por el que se expide la [&hellip;]<\/p>\n","protected":false},"author":1,"featured_media":828,"comment_status":"closed","ping_status":"closed","sticky":false,"template":"","format":"standard","meta":{"footnotes":""},"categories":[24],"tags":[],"ppma_author":[31],"class_list":["post-17027","post","type-post","status-publish","format-standard","has-post-thumbnail","hentry","category-relevantes"],"aioseo_notices":[],"authors":[{"term_id":31,"user_id":1,"is_guest":0,"slug":"ivan3vino","display_name":"Iv\u00e1n Trevi\u00f1o","avatar_url":{"url":"https:\/\/visionciudadana.com.mx\/oficial\/wp-content\/uploads\/2025\/09\/columna-ivan-Trevino.png","url2x":"https:\/\/visionciudadana.com.mx\/oficial\/wp-content\/uploads\/2025\/09\/columna-ivan-Trevino.png"},"0":null,"1":"","2":"","3":"","4":"","5":"","6":"","7":"","8":""}],"_links":{"self":[{"href":"https:\/\/visionciudadana.com.mx\/oficial\/wp-json\/wp\/v2\/posts\/17027","targetHints":{"allow":["GET"]}}],"collection":[{"href":"https:\/\/visionciudadana.com.mx\/oficial\/wp-json\/wp\/v2\/posts"}],"about":[{"href":"https:\/\/visionciudadana.com.mx\/oficial\/wp-json\/wp\/v2\/types\/post"}],"author":[{"embeddable":true,"href":"https:\/\/visionciudadana.com.mx\/oficial\/wp-json\/wp\/v2\/users\/1"}],"replies":[{"embeddable":true,"href":"https:\/\/visionciudadana.com.mx\/oficial\/wp-json\/wp\/v2\/comments?post=17027"}],"version-history":[{"count":1,"href":"https:\/\/visionciudadana.com.mx\/oficial\/wp-json\/wp\/v2\/posts\/17027\/revisions"}],"predecessor-version":[{"id":30959,"href":"https:\/\/visionciudadana.com.mx\/oficial\/wp-json\/wp\/v2\/posts\/17027\/revisions\/30959"}],"wp:featuredmedia":[{"embeddable":true,"href":"https:\/\/visionciudadana.com.mx\/oficial\/wp-json\/wp\/v2\/media\/828"}],"wp:attachment":[{"href":"https:\/\/visionciudadana.com.mx\/oficial\/wp-json\/wp\/v2\/media?parent=17027"}],"wp:term":[{"taxonomy":"category","embeddable":true,"href":"https:\/\/visionciudadana.com.mx\/oficial\/wp-json\/wp\/v2\/categories?post=17027"},{"taxonomy":"post_tag","embeddable":true,"href":"https:\/\/visionciudadana.com.mx\/oficial\/wp-json\/wp\/v2\/tags?post=17027"},{"taxonomy":"author","embeddable":true,"href":"https:\/\/visionciudadana.com.mx\/oficial\/wp-json\/wp\/v2\/ppma_author?post=17027"}],"curies":[{"name":"wp","href":"https:\/\/api.w.org\/{rel}","templated":true}]}}