{"id":17026,"date":"2021-06-10T22:46:45","date_gmt":"2021-06-10T22:46:45","guid":{"rendered":"https:\/\/visionciudadana.com.mx\/chio\/2021\/06\/10\/doctor-jesus-maduena-molina-rinde-protesta-como-rector-de-la-uas-para-el-periodo-2021-2025\/"},"modified":"2025-06-25T00:12:13","modified_gmt":"2025-06-25T00:12:13","slug":"doctor-jesus-maduena-molina-rinde-protesta-como-rector-de-la-uas-para-el-periodo-2021-2025","status":"publish","type":"post","link":"https:\/\/visionciudadana.com.mx\/oficial\/2021\/06\/10\/doctor-jesus-maduena-molina-rinde-protesta-como-rector-de-la-uas-para-el-periodo-2021-2025\/","title":{"rendered":"Doctor Jes\u00fas Madue\u00f1a Molina rinde protesta como Rector de la UAS para el periodo 2021-2025"},"content":{"rendered":"<p><img fetchpriority=\"high\" decoding=\"async\" src=\"images\/2021\/junio21\/doctor-jesus.jpg\" alt=\"doctor jesus\" width=\"780\" height=\"420\" style=\"display: block; margin: 20px auto;\" \/><\/p>\n<p class=\"x_MsoNormal\"><b><span lang=\"ES\"><\/span><\/b><\/p>\n<p class=\"x_MsoNormal\" style=\"text-align: justify;\"><span lang=\"ES\" style=\"font-size: 14pt; font-family: arial, helvetica, sans-serif;\">La defensa de la autonom\u00eda universitaria, mantener los niveles de cobertura, asegurar y elevar los est\u00e1ndares de calidad, pugnar por preservar la estabilidad laboral, fomentar la investigaci\u00f3n y el desarrollo tecnol\u00f3gico, son algunas de las principales premisas que plante\u00f3 el doctor Jes\u00fas Madue\u00f1a Molina al rendir protesta en Sesi\u00f3n Solemne del H. Consejo Universitario como Rector de la Universidad Aut\u00f3noma de Sinaloa (UAS) para el periodo 2021-2025.<\/span><\/p>\n<p class=\"x_MsoNormal\" style=\"text-align: justify;\"><span lang=\"ES\" style=\"font-size: 14pt; font-family: arial, helvetica, sans-serif;\"><\/span><\/p>\n<p class=\"x_MsoNormal\" style=\"text-align: justify;\"><span lang=\"ES\" style=\"font-size: 14pt; font-family: arial, helvetica, sans-serif;\">Ante el Gobernador del Estado de Sinaloa, licenciado Quirino Ordaz Coppel, como invitado especial, y de manera virtual ante la Directora General de Educaci\u00f3n Superior Universitaria de la SEP, Carmen Rodr\u00edguez Armenta, a Madue\u00f1a Molina le tom\u00f3 protesta el Rector saliente, doctor Juan Eulogio Guerra Liera, quien le coloc\u00f3 un pin con el escudo de la Universidad, le entreg\u00f3 la Ley Org\u00e1nica Universitaria y tambi\u00e9n el escudo de la instituci\u00f3n enmarcado conforme lo indica el protocolo de este evento.<\/span><\/p>\n<p class=\"x_MsoNormal\" style=\"text-align: justify;\"><span lang=\"ES\" style=\"font-size: 14pt; font-family: arial, helvetica, sans-serif;\"><\/span><\/p>\n<p class=\"x_MsoNormal\" style=\"text-align: justify;\"><span lang=\"ES\" style=\"font-size: 14pt; font-family: arial, helvetica, sans-serif;\">El reci\u00e9n inaugurado Auditorio de la Autonom\u00eda Universitaria, en el Campus Buelna, recibi\u00f3 a consejeros y funcionarios universitarios e invitados especiales, entre ellos rectores de universidades locales y de otros estados, exrectores, funcionarios p\u00fablicos, presidentes de organismos sociales y asociaciones de profesionistas, as\u00ed como al gobernador electo, licenciado Rub\u00e9n Rocha Moya y al presidente municipal electo de Culiac\u00e1n, licenciado Jes\u00fas Estrada Ferreiro.<\/span><\/p>\n<p class=\"x_MsoNormal\" style=\"text-align: justify;\"><span lang=\"ES\" style=\"font-size: 14pt; font-family: arial, helvetica, sans-serif;\"><\/span><\/p>\n<p class=\"x_MsoNormal\" style=\"text-align: justify;\"><span lang=\"ES\" style=\"font-size: 14pt; font-family: arial, helvetica, sans-serif;\">\u201cCon absoluto respeto, con vocaci\u00f3n de servicio y con un inagotable cari\u00f1o y compromiso hacia nuestra Alma M\u00e1ter, esta ma\u00f1ana asumo la muy honrosa responsabilidad como Rector de la Universidad Aut\u00f3noma de Sinaloa para el periodo 2021-2025; las primeras palabras que puedo expresar son de gratitud y reconocimiento, quiero agradecer la confianza de cada uno de los integrantes del H. Consejo Universitario al brindarme esta honorable misi\u00f3n en la cual habr\u00e9 de encauzar toda mi energ\u00eda, mi capacidad y mi tiempo\u201d, expres\u00f3 el ahora Rector de la Casa Rosalina, Madue\u00f1a Molina.<\/span><\/p>\n<p class=\"x_MsoNormal\" style=\"text-align: justify;\"><span lang=\"ES\" style=\"font-size: 14pt; font-family: arial, helvetica, sans-serif;\"><\/span><\/p>\n<p class=\"x_MsoNormal\" style=\"text-align: justify;\"><span lang=\"ES\" style=\"font-size: 14pt; font-family: arial, helvetica, sans-serif;\">Despu\u00e9s de hacer un reconocimiento al Rector saliente por colocar en los \u00faltimos 8 a\u00f1os a la UAS en un nuevo nivel de confianza social, de calidad acad\u00e9mica y posicionamiento nacional e internacional, se pronunci\u00f3 por promover la formaci\u00f3n de competencias, construir nuevos aprendizajes y aportaciones acad\u00e9micas.<\/span><\/p>\n<p class=\"x_MsoNormal\" style=\"text-align: justify;\"><span lang=\"ES\" style=\"font-size: 14pt; font-family: arial, helvetica, sans-serif;\"><\/span><\/p>\n<p class=\"x_MsoNormal\" style=\"text-align: justify;\"><span lang=\"ES\" style=\"font-size: 14pt; font-family: arial, helvetica, sans-serif;\">\u201cPor ser un bien p\u00fablico, la educaci\u00f3n superior debe desarrollarse libre de orientaciones, enfoques y perspectivas ideol\u00f3gicas, solo as\u00ed estar\u00e1 en condiciones de formar ciudadanos cr\u00edticos, libres en su pensamiento y en su actuar, solo as\u00ed ser\u00e1 universidad\u201d, plante\u00f3 Madue\u00f1a Molina.<\/span><\/p>\n<p class=\"x_MsoNormal\" style=\"text-align: justify;\"><span lang=\"ES\" style=\"font-size: 14pt; font-family: arial, helvetica, sans-serif;\"><\/span><\/p>\n<p class=\"x_MsoNormal\" style=\"text-align: justify;\"><span lang=\"ES\" style=\"font-size: 14pt; font-family: arial, helvetica, sans-serif;\">Se\u00f1al\u00f3 que se debe hacer un recuento de fortalezas y \u00e1reas de oportunidad para impulsar a la Universidad hacia nuevos horizontes, que la consolidaci\u00f3n lograda al d\u00eda de hoy exige mantener un ritmo de trabajo, que es pertinente prever escenarios de riesgo y de oportunidades y cit\u00f3 como retos que se tienen el financiamiento a la educaci\u00f3n p\u00fablica, los problemas estructurales, la plantilla no reconocida, la defensa de la jubilaci\u00f3n din\u00e1mica, mantener la cobertura y diversificaci\u00f3n de oferta educativa, la generaci\u00f3n de conocimiento y apoyo a la investigaci\u00f3n, sostener la acreditaci\u00f3n de programas educativos y certificaci\u00f3n de procesos.<\/span><\/p>\n<p class=\"x_MsoNormal\" style=\"text-align: justify;\"><span lang=\"ES\" style=\"font-size: 14pt; font-family: arial, helvetica, sans-serif;\"><\/span><\/p>\n<p class=\"x_MsoNormal\" style=\"text-align: justify;\"><span lang=\"ES\" style=\"font-size: 14pt; font-family: arial, helvetica, sans-serif;\">Precis\u00f3 que su Plan de Desarrollo Institucional&nbsp;<i>Con Visi\u00f3n de Futuro 2025&nbsp;<\/i>se compone de 6 Ejes: Formaci\u00f3n acad\u00e9mica en la era digital, Investigaci\u00f3n y posgrado, Extensi\u00f3n Universitaria y difusi\u00f3n cultural, Gesti\u00f3n y administraci\u00f3n de calidad, Vinculaci\u00f3n institucional y compromiso social y Transparencia, acceso a la informaci\u00f3n y rendici\u00f3n de cuentas, el cual dijo ser\u00e1 construido de manera colaborativa.<\/span><\/p>\n<p class=\"x_MsoNormal\" style=\"text-align: justify;\"><span lang=\"ES\" style=\"font-size: 14pt; font-family: arial, helvetica, sans-serif;\"><\/span><\/p>\n<p class=\"x_MsoNormal\" style=\"text-align: justify;\"><span lang=\"ES\" style=\"font-size: 14pt; font-family: arial, helvetica, sans-serif;\">Ante los consejeros universitarios y la sociedad en general se comprometi\u00f3 a redoblar esfuerzos en materia cultural para multiplicar los eventos que se realizan, a imprimir un nuevo dinamismo a la activaci\u00f3n f\u00edsica y al deporte de alto rendimiento, a que la internacionalizaci\u00f3n siga siendo un sello distintivo de la Universidad, a llevar a la instituci\u00f3n a un nuevo nivel de liderazgo internacional y reiter\u00f3 el compromiso con la Agenda Global 2030 de las Naciones Unidas.<\/span><\/p>\n<p class=\"x_MsoNormal\" style=\"text-align: justify;\"><span lang=\"ES\" style=\"font-size: 14pt; font-family: arial, helvetica, sans-serif;\"><\/span><\/p>\n<p class=\"x_MsoNormal\" style=\"text-align: justify;\"><span lang=\"ES\" style=\"font-size: 14pt; font-family: arial, helvetica, sans-serif;\">Agreg\u00f3 que la UAS se ha prodigado a la hora de prevenir y combatir el COVID-19 por lo que acentu\u00f3 que la colaboraci\u00f3n con las autoridades estatales y federales \u201chabr\u00e1 de continuar todo el tiempo que sea necesario, siempre con la misma m\u00edstica de servicio y calidez\u201d y estableci\u00f3 que se tiene que actuar con cautela al momento de decidir cu\u00e1ndo regresar a las clases presenciales, para lo cual se realizar\u00e1 un estudio sobre las condiciones en cada unidad acad\u00e9mica para adaptar protocolos y garantizar un regreso seguro a las aulas.<\/span><\/p>\n<p class=\"x_MsoNormal\" style=\"text-align: justify;\"><span lang=\"ES\" style=\"font-size: 14pt; font-family: arial, helvetica, sans-serif;\"><\/span><\/p>\n<p class=\"x_MsoNormal\" style=\"text-align: justify;\"><span lang=\"ES\" style=\"font-size: 14pt; font-family: arial, helvetica, sans-serif;\">De igual forma el Rector Madue\u00f1a solicit\u00f3 a las unidades acad\u00e9micas de todos los colegios por \u00e1reas del conocimiento informen sobre las opciones de Educaci\u00f3n Continua que ofrecen y que donde sea necesario se generen los seminarios, diplomados y actividades para el cierre de carreras que requieren pr\u00e1cticas.<\/span><\/p>\n<p class=\"x_MsoNormal\" style=\"text-align: justify;\"><span lang=\"ES\" style=\"font-size: 14pt; font-family: arial, helvetica, sans-serif;\"><\/span><\/p>\n<p class=\"x_MsoNormal\" style=\"text-align: justify;\"><span lang=\"ES\" style=\"font-size: 14pt; font-family: arial, helvetica, sans-serif;\">Indic\u00f3 que sus compromisos son concretos y son la defensa irrestricta de la autonom\u00eda universitaria, lo cual se har\u00e1 con argumentos, indicadores y buenas pr\u00e1cticas de transparencia; brindar atenci\u00f3n permanente a las unidades acad\u00e9micas; se har\u00e1 todo lo posible para mantener los niveles de cobertura y elevar los est\u00e1ndares de calidad acad\u00e9mica; pugnar por preservar la estabilidad laboral y asegurar el ingreso de los trabajadores, ser\u00e1 respetuoso de sus derechos y del Sindicato; fomentar la investigaci\u00f3n y el desarrollo tecnol\u00f3gico&nbsp; donde los investigadores ser\u00e1n dignos de apoyo y comprensi\u00f3n, seguir nutriendo el esp\u00edritu rosalino, el cuidado del medio ambiente, fomentar la vinculaci\u00f3n y mantener el compromiso social de la instituci\u00f3n.<\/span><\/p>\n<p class=\"x_MsoNormal\" style=\"text-align: justify;\"><span lang=\"ES\" style=\"font-size: 14pt; font-family: arial, helvetica, sans-serif;\"><\/span><\/p>\n<p class=\"x_MsoNormal\" style=\"text-align: justify;\"><span lang=\"ES\" style=\"font-size: 14pt; font-family: arial, helvetica, sans-serif;\">En su discurso se refiri\u00f3 al Gobernador Quirino Ordaz Coppel para expresarle que la Casa Rosalina es patrimonio de los sinaloenses y como tal, estar\u00e1 al servicio de los j\u00f3venes, de la sociedad y de los sectores productivos y se pronunci\u00f3 por seguir haciendo equipo con su gobierno.<\/span><\/p>\n<p class=\"x_MsoNormal\" style=\"text-align: justify;\"><span lang=\"ES\" style=\"font-size: 14pt; font-family: arial, helvetica, sans-serif;\"><\/span><\/p>\n<p class=\"x_MsoNormal\" style=\"text-align: justify;\"><span lang=\"ES\" style=\"font-size: 14pt; font-family: arial, helvetica, sans-serif;\">\u201cA las autoridades que habr\u00e1n de emerger del proceso electoral vivido hace dos d\u00edas: diputados federales y locales, presidentes municipales y Gobernador del Estado, les hacemos patente la disposici\u00f3n de la comunidad rosalina y de un servidor, de trabajar muy de cerca para construir juntos un futuro de prosperidad para Sinaloa; sepan que en la UAS tienen un aliado a la hora de impulsar el desarrollo de la entidad\u201d, manifest\u00f3.<\/span><\/p>\n<p class=\"x_MsoNormal\" style=\"text-align: justify;\"><span lang=\"ES\" style=\"font-size: 14pt; font-family: arial, helvetica, sans-serif;\"><\/span><\/p>\n<p class=\"x_MsoNormal\" style=\"text-align: justify;\"><span lang=\"ES\" style=\"font-size: 14pt; font-family: arial, helvetica, sans-serif;\">De igual forma el Rector Madue\u00f1a Molina se dirigi\u00f3 al Gobernador Electo, Rub\u00e9n Rocha Moya, para decirle que la Universidad estar\u00e1 atenta de las necesidades de Sinaloa y de los sinaloenses para apoyar su desarrollo \u201csumando esfuerzos con usted y su gobierno (\u2026) porque nos une la misma pasi\u00f3n por la educaci\u00f3n, s\u00e9 que podremos hacer un excelente equipo en beneficio de las actuales y futuras generaciones, siempre en un marco de respeto y estrecha coordinaci\u00f3n, para estos fines cuenta con la solidaridad de los universitarios doctor Rub\u00e9n Rocha Moya, querido maestro Allendista\u201d.<\/span><\/p>\n<p class=\"x_MsoNormal\" style=\"text-align: justify;\"><span lang=\"ES\" style=\"font-size: 14pt; font-family: arial, helvetica, sans-serif;\"><\/span><\/p>\n<p class=\"x_MsoNormal\" style=\"text-align: justify;\"><span lang=\"ES\" style=\"font-size: 14pt; font-family: arial, helvetica, sans-serif;\">De manera especial refrend\u00f3 la suma de esfuerzos, y el seguir trabajando juntos con las instituciones de educaci\u00f3n superior de todo el pa\u00eds, con ANUIES y con los diversos organismos de cooperaci\u00f3n acad\u00e9mica nacionales e internacionales.<\/span><\/p>\n<p class=\"x_MsoNormal\" style=\"text-align: justify;\"><span lang=\"ES\" style=\"font-size: 14pt; font-family: arial, helvetica, sans-serif;\"><\/span><\/p>\n<p class=\"x_MsoNormal\" style=\"text-align: justify;\"><span lang=\"ES\" style=\"font-size: 14pt; font-family: arial, helvetica, sans-serif;\">Por \u00faltimo, a los consejeros universitarios los convoc\u00f3 a luchar siempre unidos por defender a su Universidad.<\/span><\/p>\n<p class=\"x_MsoNormal\" style=\"text-align: justify;\"><span lang=\"ES\" style=\"font-size: 14pt; font-family: arial, helvetica, sans-serif;\"><\/span><\/p>\n<p class=\"x_MsoNormal\" style=\"text-align: justify;\"><span lang=\"ES\" style=\"font-size: 14pt; font-family: arial, helvetica, sans-serif;\">\u201cEstamos hoy aqu\u00ed sobre bases acad\u00e9micas e institucionales muy s\u00f3lidas, dispuestos a emprender nuevas acciones y conquistar nuevas metas de cara al futuro; estamos hoy aqu\u00ed no para temerle a la incertidumbre de los pr\u00f3ximos meses y a\u00f1os, sino para enfrentarla con la determinaci\u00f3n que nos han heredado nuestros antecesores, estamos hoy aqu\u00ed no para huir de los problemas o minimizarlos, sino para atenderlos con la unidad e inteligencia que caracteriza a los universitarios\u201d, asegur\u00f3.<\/span><\/p>\n<p class=\"x_MsoNormal\" style=\"text-align: justify;\"><span lang=\"ES\" style=\"font-size: 14pt; font-family: arial, helvetica, sans-serif;\"><\/span><\/p>\n<p class=\"x_MsoNormal\" style=\"text-align: justify;\"><span lang=\"ES\" style=\"font-size: 14pt; font-family: arial, helvetica, sans-serif;\">Por su parte el Gobernador del Estado, Quirino Ordaz Coppel, en entrevista al final del evento se dijo contento porque la Universidad est\u00e1 en las mejores manos y asegur\u00f3 que el Rector Madue\u00f1a quiere mucho a la instituci\u00f3n, har\u00e1 un gran papel al frente de ella y la llevar\u00e1 a un posicionamiento internacional mayor al que ya tiene.<\/span><\/p>\n<p style=\"text-align: justify;\">&nbsp;<\/p>\n<p class=\"x_MsoNormal\" style=\"text-align: justify;\"><span lang=\"ES\" style=\"font-size: 14pt; font-family: arial, helvetica, sans-serif;\">Tambi\u00e9n el Rector saliente, doctor Juan Eulogio Guerra Liera, expres\u00f3 que el doctor Jes\u00fas Madue\u00f1a Molina le va a responder a la Universidad ya que tiene la experiencia y conocimiento y opin\u00f3 que \u201clos tiempos mejores para la Universidad est\u00e1n por venir\u201d con la nueva administraci\u00f3n.<\/span><\/p>\n<p style=\"text-align: justify;\">&nbsp;<\/p>\n<p style=\"text-align: justify;\">&nbsp;<\/p>\n<p style=\"text-align: justify;\"><span style=\"font-size: 14pt; font-family: arial, helvetica, sans-serif;\">REDACCI\u00d3N\/VISI\u00d3N CIUDADANA.<\/span><\/p>\n<div style=\"text-align: justify;\"><span style=\"font-size: 14pt; font-family: arial, helvetica, sans-serif;\"><\/span><\/div>\n","protected":false},"excerpt":{"rendered":"<p>La defensa de la autonom\u00eda universitaria, mantener los niveles de cobertura, asegurar y elevar los est\u00e1ndares de calidad, pugnar por preservar la estabilidad laboral, fomentar la investigaci\u00f3n y el desarrollo tecnol\u00f3gico, son algunas de las principales premisas que plante\u00f3 el doctor Jes\u00fas Madue\u00f1a Molina al rendir protesta en Sesi\u00f3n Solemne del H. Consejo Universitario como [&hellip;]<\/p>\n","protected":false},"author":1,"featured_media":826,"comment_status":"closed","ping_status":"closed","sticky":false,"template":"","format":"standard","meta":{"footnotes":""},"categories":[13],"tags":[],"ppma_author":[31],"class_list":["post-17026","post","type-post","status-publish","format-standard","has-post-thumbnail","hentry","category-locales"],"aioseo_notices":[],"authors":[{"term_id":31,"user_id":1,"is_guest":0,"slug":"ivan3vino","display_name":"Iv\u00e1n Trevi\u00f1o","avatar_url":{"url":"https:\/\/visionciudadana.com.mx\/oficial\/wp-content\/uploads\/2025\/09\/columna-ivan-Trevino.png","url2x":"https:\/\/visionciudadana.com.mx\/oficial\/wp-content\/uploads\/2025\/09\/columna-ivan-Trevino.png"},"0":null,"1":"","2":"","3":"","4":"","5":"","6":"","7":"","8":""}],"_links":{"self":[{"href":"https:\/\/visionciudadana.com.mx\/oficial\/wp-json\/wp\/v2\/posts\/17026","targetHints":{"allow":["GET"]}}],"collection":[{"href":"https:\/\/visionciudadana.com.mx\/oficial\/wp-json\/wp\/v2\/posts"}],"about":[{"href":"https:\/\/visionciudadana.com.mx\/oficial\/wp-json\/wp\/v2\/types\/post"}],"author":[{"embeddable":true,"href":"https:\/\/visionciudadana.com.mx\/oficial\/wp-json\/wp\/v2\/users\/1"}],"replies":[{"embeddable":true,"href":"https:\/\/visionciudadana.com.mx\/oficial\/wp-json\/wp\/v2\/comments?post=17026"}],"version-history":[{"count":1,"href":"https:\/\/visionciudadana.com.mx\/oficial\/wp-json\/wp\/v2\/posts\/17026\/revisions"}],"predecessor-version":[{"id":30960,"href":"https:\/\/visionciudadana.com.mx\/oficial\/wp-json\/wp\/v2\/posts\/17026\/revisions\/30960"}],"wp:featuredmedia":[{"embeddable":true,"href":"https:\/\/visionciudadana.com.mx\/oficial\/wp-json\/wp\/v2\/media\/826"}],"wp:attachment":[{"href":"https:\/\/visionciudadana.com.mx\/oficial\/wp-json\/wp\/v2\/media?parent=17026"}],"wp:term":[{"taxonomy":"category","embeddable":true,"href":"https:\/\/visionciudadana.com.mx\/oficial\/wp-json\/wp\/v2\/categories?post=17026"},{"taxonomy":"post_tag","embeddable":true,"href":"https:\/\/visionciudadana.com.mx\/oficial\/wp-json\/wp\/v2\/tags?post=17026"},{"taxonomy":"author","embeddable":true,"href":"https:\/\/visionciudadana.com.mx\/oficial\/wp-json\/wp\/v2\/ppma_author?post=17026"}],"curies":[{"name":"wp","href":"https:\/\/api.w.org\/{rel}","templated":true}]}}