{"id":17025,"date":"2021-06-10T22:42:07","date_gmt":"2021-06-10T22:42:07","guid":{"rendered":"https:\/\/visionciudadana.com.mx\/chio\/2021\/06\/10\/con-buenas-expectativas-para-el-fortalecimiento-de-la-uas-dan-la-bienvenida-al-nuevo-rector\/"},"modified":"2025-06-25T00:12:13","modified_gmt":"2025-06-25T00:12:13","slug":"con-buenas-expectativas-para-el-fortalecimiento-de-la-uas-dan-la-bienvenida-al-nuevo-rector","status":"publish","type":"post","link":"https:\/\/visionciudadana.com.mx\/oficial\/2021\/06\/10\/con-buenas-expectativas-para-el-fortalecimiento-de-la-uas-dan-la-bienvenida-al-nuevo-rector\/","title":{"rendered":"Con buenas expectativas para el fortalecimiento de la UAS, dan la bienvenida al nuevo Rector"},"content":{"rendered":"<p>&nbsp;<\/p>\n<p style=\"text-align: justify;\"><img fetchpriority=\"high\" decoding=\"async\" src=\"images\/2021\/junio21\/con_buenas.PNG\" alt=\"con buenas\" width=\"621\" height=\"459\" style=\"display: block; margin: 20px auto;\" \/><\/p>\n<p class=\"x_MsoNormal\" style=\"text-align: justify;\"><span style=\"font-size: 14pt; font-family: arial, helvetica, sans-serif;\">Tras la toma de protesta del Rector electo de la Universidad Aut\u00f3noma de Sinaloa (UAS), doctor Jes\u00fas Madue\u00f1a Molina, personalidades del \u00e1mbito educativo y exrectores de la instituci\u00f3n rosalina, externaron su felicitaci\u00f3n y buenos deseos al nuevo dirigente universitario.<\/span><\/p>\n<p style=\"text-align: justify;\">&nbsp;<\/p>\n<p class=\"x_MsoNormal\" style=\"text-align: justify;\"><span style=\"font-size: 14pt; font-family: arial, helvetica, sans-serif;\">Y es que luego de una administraci\u00f3n fruct\u00edfera, aseguraron que el Rector titular de la UAS para el periodo 2021-2025, continuar\u00e1 trabajando en la consolidaci\u00f3n, fortalecimiento y elevando los indicadores de la calidad educativa de la instituci\u00f3n.<\/span><\/p>\n<p style=\"text-align: justify;\">&nbsp;<\/p>\n<p class=\"x_MsoNormal\" style=\"text-align: justify;\"><span style=\"font-size: 14pt; font-family: arial, helvetica, sans-serif;\">En ese contexto, el&nbsp;Rector de la Universidad Aut\u00f3noma de Chihuahua y Presidente de la Regi\u00f3n Noroeste de ANUIES, maestro Luis Alberto Fierro Ram\u00edrez, se\u00f1al\u00f3 que en lo \u00faltimos a\u00f1os la UAS ha tenido un gran crecimiento gracias a la din\u00e1mica que han impuesto los rectores anteriores, por lo que afirm\u00f3 que el nuevo Rector de la Casa Rosalina har\u00e1 lo correspondiente para que la instituci\u00f3n siga siendo un ejemplo para las dem\u00e1s universidades del noroeste y de todo el pa\u00eds.<\/span><\/p>\n<p style=\"text-align: justify;\">&nbsp;<\/p>\n<p class=\"x_MsoNormal\" style=\"text-align: justify;\"><span style=\"font-size: 14pt; font-family: arial, helvetica, sans-serif;\">\u201cSabemos de la importancia que tiene dentro de nuestra ubicaci\u00f3n geogr\u00e1fica el impacto que representa la Universidad Aut\u00f3noma de Sinaloa, y creo que el Rector Madue\u00f1a sabr\u00e1 conducir perfectamente los caminos para que el impulso siga, para que las universidades sigan contribuyendo a la naci\u00f3n, que sigan sirviendo a su gente, a su pueblo, a su comunidad y sobre todo, que empiece nuevamente a permear ese sentido que tenemos todos de una esperanza para la transformaci\u00f3n de nuestro M\u00e9xico desde las universidades\u201d, expres\u00f3.<\/span><\/p>\n<p style=\"text-align: justify;\">&nbsp;<\/p>\n<p class=\"x_MsoNormal\" style=\"text-align: justify;\"><span style=\"font-size: 14pt; font-family: arial, helvetica, sans-serif;\">Por su parte el&nbsp;doctor Dante Salgado Gonz\u00e1lez, Rector de la Universidad Aut\u00f3noma de Baja California Sur, opin\u00f3 que con Madue\u00f1a Molina al frente de la UAS, se da la posibilidad de dar continuidad al proyecto laboral que posicion\u00f3 a la M\u00e1xima Casa de Estudios Sinaloense en planos nacionales e internacionales.<\/span><\/p>\n<p style=\"text-align: justify;\">&nbsp;<\/p>\n<p class=\"x_MsoNormal\" style=\"text-align: justify;\"><span style=\"font-size: 14pt; font-family: arial, helvetica, sans-serif;\">\u201cPara la Universidad Aut\u00f3noma de Baja California Sur, yo estoy convencido que, para el resto de las universidades del noroeste del pa\u00eds, ha sido una extraordinaria noticia el nombramiento del Rector Madue\u00f1a Molina porque significa que la Universidad Aut\u00f3noma de Sinaloa mantiene la l\u00ednea de trabajo que se ha planteado desde hace a\u00f1os, que reforz\u00f3 el doctor Juan Eulogio Guerra Liera y que ha sido muy definida a nivel nacional y que reposicion\u00f3 al noroeste. La expectativa nuestra, desde luego es seguir trabajando con esta important\u00edsima Universidad en los temas centrales que son: la educaci\u00f3n integral de calidad, y la defensa de la autonom\u00eda universitaria\u201d, extern\u00f3.<\/span><\/p>\n<p style=\"text-align: justify;\">&nbsp;<\/p>\n<p class=\"x_MsoNormal\" style=\"text-align: justify;\"><span style=\"font-size: 14pt; font-family: arial, helvetica, sans-serif;\">En el evento protocolario de toma de protesta tambi\u00e9n estuvo presente, el doctor Rub\u00e9n Rocha Moya, exrector de la UAS, quien record\u00f3 al nuevo dirigente universitario como un buen estudiante, manifestando que realizar\u00e1 un gran trabajo al frente de esta Alma Mater.<\/span><\/p>\n<p style=\"text-align: justify;\">&nbsp;<\/p>\n<p class=\"x_MsoNormal\" style=\"text-align: justify;\"><span style=\"font-size: 14pt; font-family: arial, helvetica, sans-serif;\">\u201cLe deseo lo mejor, es un hombre, un universitario de cepa, Madue\u00f1a (\u2026) y no tengo la menor duda que va a hacer un gran papel, conoce a la Universidad, como maestro, como docente, pero adem\u00e1s ha estado contribuyendo a la direcci\u00f3n de la misma, entonces yo creo que queda en buenas manos\u201d, se\u00f1al\u00f3.<\/span><\/p>\n<p style=\"text-align: justify;\">&nbsp;<\/p>\n<p class=\"x_MsoNormal\" style=\"text-align: justify;\"><span style=\"font-size: 14pt; font-family: arial, helvetica, sans-serif;\">El tambi\u00e9n virtual ganador a la gubernatura de Sinaloa, declar\u00f3 que respetar\u00e1 y apoyar\u00e1 a la Universidad Aut\u00f3noma de Sinaloa durante su administraci\u00f3n.<\/span><\/p>\n<p style=\"text-align: justify;\">&nbsp;<\/p>\n<p class=\"x_MsoNormal\" style=\"text-align: justify;\"><span style=\"font-size: 14pt; font-family: arial, helvetica, sans-serif;\">\u201cPrimero respeto, la vamos a apoyar en todo lo que est\u00e9 a nuestro alcance, donde estemos la Universidad cuenta con nuestro apoyo\u201d, dijo.<\/span><\/p>\n<p style=\"text-align: justify;\">&nbsp;<\/p>\n<p style=\"text-align: justify;\"><span style=\"font-size: 14pt; font-family: arial, helvetica, sans-serif;\">REDACCI\u00d3N\/VISI\u00d3N CIUDADANA.<\/span><\/p>\n","protected":false},"excerpt":{"rendered":"<p>&nbsp; Tras la toma de protesta del Rector electo de la Universidad Aut\u00f3noma de Sinaloa (UAS), doctor Jes\u00fas Madue\u00f1a Molina, personalidades del \u00e1mbito educativo y exrectores de la instituci\u00f3n rosalina, externaron su felicitaci\u00f3n y buenos deseos al nuevo dirigente universitario. &nbsp; Y es que luego de una administraci\u00f3n fruct\u00edfera, aseguraron que el Rector titular de [&hellip;]<\/p>\n","protected":false},"author":1,"featured_media":824,"comment_status":"closed","ping_status":"closed","sticky":false,"template":"","format":"standard","meta":{"footnotes":""},"categories":[24],"tags":[],"ppma_author":[31],"class_list":["post-17025","post","type-post","status-publish","format-standard","has-post-thumbnail","hentry","category-relevantes"],"aioseo_notices":[],"authors":[{"term_id":31,"user_id":1,"is_guest":0,"slug":"ivan3vino","display_name":"Iv\u00e1n Trevi\u00f1o","avatar_url":{"url":"https:\/\/visionciudadana.com.mx\/oficial\/wp-content\/uploads\/2025\/09\/columna-ivan-Trevino.png","url2x":"https:\/\/visionciudadana.com.mx\/oficial\/wp-content\/uploads\/2025\/09\/columna-ivan-Trevino.png"},"0":null,"1":"","2":"","3":"","4":"","5":"","6":"","7":"","8":""}],"_links":{"self":[{"href":"https:\/\/visionciudadana.com.mx\/oficial\/wp-json\/wp\/v2\/posts\/17025","targetHints":{"allow":["GET"]}}],"collection":[{"href":"https:\/\/visionciudadana.com.mx\/oficial\/wp-json\/wp\/v2\/posts"}],"about":[{"href":"https:\/\/visionciudadana.com.mx\/oficial\/wp-json\/wp\/v2\/types\/post"}],"author":[{"embeddable":true,"href":"https:\/\/visionciudadana.com.mx\/oficial\/wp-json\/wp\/v2\/users\/1"}],"replies":[{"embeddable":true,"href":"https:\/\/visionciudadana.com.mx\/oficial\/wp-json\/wp\/v2\/comments?post=17025"}],"version-history":[{"count":1,"href":"https:\/\/visionciudadana.com.mx\/oficial\/wp-json\/wp\/v2\/posts\/17025\/revisions"}],"predecessor-version":[{"id":30961,"href":"https:\/\/visionciudadana.com.mx\/oficial\/wp-json\/wp\/v2\/posts\/17025\/revisions\/30961"}],"wp:featuredmedia":[{"embeddable":true,"href":"https:\/\/visionciudadana.com.mx\/oficial\/wp-json\/wp\/v2\/media\/824"}],"wp:attachment":[{"href":"https:\/\/visionciudadana.com.mx\/oficial\/wp-json\/wp\/v2\/media?parent=17025"}],"wp:term":[{"taxonomy":"category","embeddable":true,"href":"https:\/\/visionciudadana.com.mx\/oficial\/wp-json\/wp\/v2\/categories?post=17025"},{"taxonomy":"post_tag","embeddable":true,"href":"https:\/\/visionciudadana.com.mx\/oficial\/wp-json\/wp\/v2\/tags?post=17025"},{"taxonomy":"author","embeddable":true,"href":"https:\/\/visionciudadana.com.mx\/oficial\/wp-json\/wp\/v2\/ppma_author?post=17025"}],"curies":[{"name":"wp","href":"https:\/\/api.w.org\/{rel}","templated":true}]}}