{"id":17024,"date":"2021-06-10T22:34:59","date_gmt":"2021-06-10T22:34:59","guid":{"rendered":"https:\/\/visionciudadana.com.mx\/chio\/2021\/06\/10\/devela-alcalde-el-mural-generacion-restauracion-en-el-marco-del-dia-mundial-del-medio-ambiente\/"},"modified":"2025-06-25T00:12:14","modified_gmt":"2025-06-25T00:12:14","slug":"devela-alcalde-el-mural-generacion-restauracion-en-el-marco-del-dia-mundial-del-medio-ambiente","status":"publish","type":"post","link":"https:\/\/visionciudadana.com.mx\/oficial\/2021\/06\/10\/devela-alcalde-el-mural-generacion-restauracion-en-el-marco-del-dia-mundial-del-medio-ambiente\/","title":{"rendered":"Devela Alcalde el mural \u201cGeneraci\u00f3n Restauraci\u00f3n\u201d en el marco del D\u00eda Mundial del Medio Ambiente*"},"content":{"rendered":"<p>&nbsp;<\/p>\n<p><img fetchpriority=\"high\" decoding=\"async\" src=\"images\/2021\/junio21\/devela.jpg\" alt=\"devela\" width=\"780\" height=\"420\" style=\"display: block; margin: 20px auto;\" \/><\/p>\n<p class=\"x_MsoNormal\" style=\"text-align: justify;\"><span style=\"font-size: 14pt; font-family: arial, helvetica, sans-serif;\">En el marco de las actividades conmemorativas del D\u00eda Mundial del Medio Ambiente, el presidente municipal, Lic. Jes\u00fas Estrada Ferreiro, llev\u00f3 a cabo la develaci\u00f3n del mural \u201cGeneraci\u00f3n Restauraci\u00f3n\u201d como un s\u00edmbolo cultural que fomente el respeto a la naturaleza.<\/span><\/p>\n<p style=\"text-align: justify;\">&nbsp;<\/p>\n<p class=\"x_MsoNormal\" style=\"text-align: justify;\"><span style=\"font-size: 14pt; font-family: arial, helvetica, sans-serif;\">Ubicados sobre la acera del Paseo Ni\u00f1o H\u00e9roes, por un costado del Zool\u00f3gico de Culiac\u00e1n, el alcalde destac\u00f3 que a trav\u00e9s de este acto se busca concientizar a la poblaci\u00f3n sobre la importancia de cuidar nuestro planeta y su biodiversidad.<\/span><\/p>\n<p style=\"text-align: justify;\">&nbsp;<\/p>\n<p class=\"x_MsoNormal\" style=\"text-align: justify;\"><span style=\"font-size: 14pt; font-family: arial, helvetica, sans-serif;\">Se\u00f1al\u00f3 que actualmente observamos y padecemos las consecuencias de varios a\u00f1os acumulados donde, como sociedad, se hac\u00eda caso omiso a la aplicaci\u00f3n de buenas pr\u00e1cticas para conservar nuestro entorno.<\/span><\/p>\n<p style=\"text-align: justify;\">&nbsp;<\/p>\n<p class=\"x_MsoNormal\" style=\"text-align: justify;\"><span style=\"font-size: 14pt; font-family: arial, helvetica, sans-serif;\">Entre ellas, los cambios bruscos en las condiciones del clima, que ha tenido por consecuencia un calentamiento global, tormentas y huracanes cada vez m\u00e1s agresivos y peligrosos para la poblaci\u00f3n, y en el caso de Culiac\u00e1n y el estado, un complicado escenario por el tema de las sequ\u00edas.<\/span><\/p>\n<p style=\"text-align: justify;\">&nbsp;<\/p>\n<p class=\"x_MsoNormal\" style=\"text-align: justify;\"><span style=\"font-size: 14pt; font-family: arial, helvetica, sans-serif;\">\u201cAgradezco la oportunidad de participar en estos eventos significativos para hacer conciencia de lo relevante del medio ambiente, que es pr\u00e1cticamente el medio donde habitamos todos y que necesitamos cuidarlo, de otra forma vamos a perecer\u201d, pronunci\u00f3 el primer edil.<\/span><\/p>\n<p style=\"text-align: justify;\">&nbsp;<\/p>\n<p class=\"x_MsoNormal\" style=\"text-align: justify;\"><span style=\"font-size: 14pt; font-family: arial, helvetica, sans-serif;\">A\u00f1adi\u00f3 que el municipio hace lo propio para contribuir al cuidado del medio ambiente con programas de arborizaci\u00f3n y, recientemente, con la sustituci\u00f3n de l\u00e1mparas de vapor de sodio por luminarias con tecnolog\u00eda LED, las cuales consumen menor energ\u00eda y generan menos emisiones de calor.<\/span><\/p>\n<p style=\"text-align: justify;\">&nbsp;<\/p>\n<p class=\"x_MsoNormal\" style=\"text-align: justify;\"><span style=\"font-size: 14pt; font-family: arial, helvetica, sans-serif;\">Por su parte, Isabel Mendoza Camacho, Secretaria de Desarrollo Sustentable, celebr\u00f3 que el Zool\u00f3gico de Culiac\u00e1n sea el recinto que albergue el mural, pues a \u00e9l acuden cientos de familias, lo cual permite elevar el alcance de su impacto para valorar nuestro medio ambiente.<\/span><\/p>\n<p style=\"text-align: justify;\">&nbsp;<\/p>\n<p class=\"x_MsoNormal\" style=\"text-align: justify;\"><span style=\"font-size: 14pt; font-family: arial, helvetica, sans-serif;\">\u201cEstamos transitando por una crisis ambiental muy agresiva, jam\u00e1s antes vista, enfrentando el cambio clim\u00e1tico, la p\u00e9rdida de la biodiversidad y el tema de la contaminaci\u00f3n; por eso, el llamado es<\/span><\/p>\n<p style=\"text-align: justify;\">&nbsp;<\/p>\n<p class=\"x_MsoNormal\" style=\"text-align: justify;\"><span style=\"font-size: 14pt; font-family: arial, helvetica, sans-serif;\">para que todos tomemos conciencia y empezamos a realizar acciones a favor de nuestro medio ambiente\u201d, manifest\u00f3.<\/span><\/p>\n<p style=\"text-align: justify;\">&nbsp;<\/p>\n<p class=\"x_MsoNormal\" style=\"text-align: justify;\"><span style=\"font-size: 14pt; font-family: arial, helvetica, sans-serif;\">Tras ello, las autoridades presentes procedieron al acto de develaci\u00f3n de mural, que contiene s\u00edmbolos de la naturaleza, trazados por la artista Elsa Ar\u00e9chiga Ay\u00f3n del Colectivo Bachia.<\/span><\/p>\n<p style=\"text-align: justify;\">&nbsp;<\/p>\n<p style=\"text-align: justify;\">&nbsp;<\/p>\n<p style=\"text-align: justify;\"><span style=\"font-size: 14pt; font-family: arial, helvetica, sans-serif;\">REDACCI\u00d3N\/VISI\u00d3N CIUDADANA.<\/span><\/p>\n","protected":false},"excerpt":{"rendered":"<p>&nbsp; En el marco de las actividades conmemorativas del D\u00eda Mundial del Medio Ambiente, el presidente municipal, Lic. Jes\u00fas Estrada Ferreiro, llev\u00f3 a cabo la develaci\u00f3n del mural \u201cGeneraci\u00f3n Restauraci\u00f3n\u201d como un s\u00edmbolo cultural que fomente el respeto a la naturaleza. &nbsp; Ubicados sobre la acera del Paseo Ni\u00f1o H\u00e9roes, por un costado del Zool\u00f3gico [&hellip;]<\/p>\n","protected":false},"author":1,"featured_media":822,"comment_status":"closed","ping_status":"closed","sticky":false,"template":"","format":"standard","meta":{"footnotes":""},"categories":[24],"tags":[],"ppma_author":[31],"class_list":["post-17024","post","type-post","status-publish","format-standard","has-post-thumbnail","hentry","category-relevantes"],"aioseo_notices":[],"authors":[{"term_id":31,"user_id":1,"is_guest":0,"slug":"ivan3vino","display_name":"Iv\u00e1n Trevi\u00f1o","avatar_url":{"url":"https:\/\/visionciudadana.com.mx\/oficial\/wp-content\/uploads\/2025\/09\/columna-ivan-Trevino.png","url2x":"https:\/\/visionciudadana.com.mx\/oficial\/wp-content\/uploads\/2025\/09\/columna-ivan-Trevino.png"},"0":null,"1":"","2":"","3":"","4":"","5":"","6":"","7":"","8":""}],"_links":{"self":[{"href":"https:\/\/visionciudadana.com.mx\/oficial\/wp-json\/wp\/v2\/posts\/17024","targetHints":{"allow":["GET"]}}],"collection":[{"href":"https:\/\/visionciudadana.com.mx\/oficial\/wp-json\/wp\/v2\/posts"}],"about":[{"href":"https:\/\/visionciudadana.com.mx\/oficial\/wp-json\/wp\/v2\/types\/post"}],"author":[{"embeddable":true,"href":"https:\/\/visionciudadana.com.mx\/oficial\/wp-json\/wp\/v2\/users\/1"}],"replies":[{"embeddable":true,"href":"https:\/\/visionciudadana.com.mx\/oficial\/wp-json\/wp\/v2\/comments?post=17024"}],"version-history":[{"count":1,"href":"https:\/\/visionciudadana.com.mx\/oficial\/wp-json\/wp\/v2\/posts\/17024\/revisions"}],"predecessor-version":[{"id":30962,"href":"https:\/\/visionciudadana.com.mx\/oficial\/wp-json\/wp\/v2\/posts\/17024\/revisions\/30962"}],"wp:featuredmedia":[{"embeddable":true,"href":"https:\/\/visionciudadana.com.mx\/oficial\/wp-json\/wp\/v2\/media\/822"}],"wp:attachment":[{"href":"https:\/\/visionciudadana.com.mx\/oficial\/wp-json\/wp\/v2\/media?parent=17024"}],"wp:term":[{"taxonomy":"category","embeddable":true,"href":"https:\/\/visionciudadana.com.mx\/oficial\/wp-json\/wp\/v2\/categories?post=17024"},{"taxonomy":"post_tag","embeddable":true,"href":"https:\/\/visionciudadana.com.mx\/oficial\/wp-json\/wp\/v2\/tags?post=17024"},{"taxonomy":"author","embeddable":true,"href":"https:\/\/visionciudadana.com.mx\/oficial\/wp-json\/wp\/v2\/ppma_author?post=17024"}],"curies":[{"name":"wp","href":"https:\/\/api.w.org\/{rel}","templated":true}]}}