{"id":17023,"date":"2021-06-10T22:31:01","date_gmt":"2021-06-10T22:31:01","guid":{"rendered":"https:\/\/visionciudadana.com.mx\/chio\/2021\/06\/10\/jornada-de-limpieza-general-mejora-espacios-publicos-de-la-ciudad\/"},"modified":"2025-06-25T00:12:14","modified_gmt":"2025-06-25T00:12:14","slug":"jornada-de-limpieza-general-mejora-espacios-publicos-de-la-ciudad","status":"publish","type":"post","link":"https:\/\/visionciudadana.com.mx\/oficial\/2021\/06\/10\/jornada-de-limpieza-general-mejora-espacios-publicos-de-la-ciudad\/","title":{"rendered":"Jornada de limpieza general mejora espacios p\u00fablicos de la ciudad"},"content":{"rendered":"<p>&nbsp;<\/p>\n<p><img fetchpriority=\"high\" decoding=\"async\" src=\"images\/2021\/junio21\/jornada.jpg\" alt=\"jornada\" width=\"780\" height=\"420\" style=\"display: block; margin: 20px auto;\" \/><\/p>\n<p class=\"x_MsoNormal\" style=\"text-align: justify;\"><span style=\"font-size: 14pt; font-family: arial, helvetica, sans-serif;\">Un entorno limpio y en orden incide en una mejor apreciaci\u00f3n y sentido de pertenencia de la ciudad por parte de sus habitantes, es por ello que el Gobierno de Culiac\u00e1n a trav\u00e9s de la Direcci\u00f3n General de Servicios P\u00fablicos realiza diariamente jornadas de limpieza en vialidades y parques.<\/span><\/p>\n<p style=\"text-align: justify;\">&nbsp;<\/p>\n<p class=\"x_MsoNormal\" style=\"text-align: justify;\"><span style=\"font-size: 14pt; font-family: arial, helvetica, sans-serif;\">Desplegados por los diversos cuadrantes de la capital, cuadrillas de trabajadores de Parques y Jardines realizaron la limpieza y retiro de basura, pl\u00e1sticos y botellas pet, sobre el bulevar Xicot\u00e9ncatl, Ni\u00f1os H\u00e9roes y Calzada Heroico Colegio Militar.<\/span><\/p>\n<p style=\"text-align: justify;\">&nbsp;<\/p>\n<p class=\"x_MsoNormal\" style=\"text-align: justify;\"><span style=\"font-size: 14pt; font-family: arial, helvetica, sans-serif;\">Estos trabajos tambi\u00e9n incluyeron al bulevar Pedro Infante, Manuel Figueroa, y Miguel Tamayo de los Monteros.<\/span><\/p>\n<p style=\"text-align: justify;\">&nbsp;<\/p>\n<p class=\"x_MsoNormal\" style=\"text-align: justify;\"><span style=\"font-size: 14pt; font-family: arial, helvetica, sans-serif;\">Los equipos integrados por 100 empleados de la Comuna, lograron mejorar el aspecto de camellones mediante la poda de \u00e1rboles y poda del c\u00e9sped.<\/span><\/p>\n<p style=\"text-align: justify;\">&nbsp;<\/p>\n<p class=\"x_MsoNormal\" style=\"text-align: justify;\"><span style=\"font-size: 14pt; font-family: arial, helvetica, sans-serif;\">Las acciones continuar\u00e1n despleg\u00e1ndose por toda la ciudad con la finalidad de mantener en \u00f3ptimas condiciones los espacios p\u00fablicos, que pertenecen a todos, por ello se extiende la invitaci\u00f3n a la ciudadan\u00eda en general para contribuir a su buen funcionamiento.<\/span><\/p>\n<p style=\"text-align: justify;\">&nbsp;<\/p>\n<p style=\"text-align: justify;\">&nbsp;<\/p>\n<p style=\"text-align: justify;\"><span style=\"font-size: 14pt; font-family: arial, helvetica, sans-serif;\">REDACCI\u00d3N\/VISI\u00d3N CIUDADANA.<\/span><\/p>\n","protected":false},"excerpt":{"rendered":"<p>&nbsp; Un entorno limpio y en orden incide en una mejor apreciaci\u00f3n y sentido de pertenencia de la ciudad por parte de sus habitantes, es por ello que el Gobierno de Culiac\u00e1n a trav\u00e9s de la Direcci\u00f3n General de Servicios P\u00fablicos realiza diariamente jornadas de limpieza en vialidades y parques. &nbsp; Desplegados por los diversos [&hellip;]<\/p>\n","protected":false},"author":1,"featured_media":820,"comment_status":"closed","ping_status":"closed","sticky":false,"template":"","format":"standard","meta":{"footnotes":""},"categories":[13],"tags":[],"ppma_author":[31],"class_list":["post-17023","post","type-post","status-publish","format-standard","has-post-thumbnail","hentry","category-locales"],"aioseo_notices":[],"authors":[{"term_id":31,"user_id":1,"is_guest":0,"slug":"ivan3vino","display_name":"Iv\u00e1n Trevi\u00f1o","avatar_url":{"url":"https:\/\/visionciudadana.com.mx\/oficial\/wp-content\/uploads\/2025\/09\/columna-ivan-Trevino.png","url2x":"https:\/\/visionciudadana.com.mx\/oficial\/wp-content\/uploads\/2025\/09\/columna-ivan-Trevino.png"},"0":null,"1":"","2":"","3":"","4":"","5":"","6":"","7":"","8":""}],"_links":{"self":[{"href":"https:\/\/visionciudadana.com.mx\/oficial\/wp-json\/wp\/v2\/posts\/17023","targetHints":{"allow":["GET"]}}],"collection":[{"href":"https:\/\/visionciudadana.com.mx\/oficial\/wp-json\/wp\/v2\/posts"}],"about":[{"href":"https:\/\/visionciudadana.com.mx\/oficial\/wp-json\/wp\/v2\/types\/post"}],"author":[{"embeddable":true,"href":"https:\/\/visionciudadana.com.mx\/oficial\/wp-json\/wp\/v2\/users\/1"}],"replies":[{"embeddable":true,"href":"https:\/\/visionciudadana.com.mx\/oficial\/wp-json\/wp\/v2\/comments?post=17023"}],"version-history":[{"count":1,"href":"https:\/\/visionciudadana.com.mx\/oficial\/wp-json\/wp\/v2\/posts\/17023\/revisions"}],"predecessor-version":[{"id":30963,"href":"https:\/\/visionciudadana.com.mx\/oficial\/wp-json\/wp\/v2\/posts\/17023\/revisions\/30963"}],"wp:featuredmedia":[{"embeddable":true,"href":"https:\/\/visionciudadana.com.mx\/oficial\/wp-json\/wp\/v2\/media\/820"}],"wp:attachment":[{"href":"https:\/\/visionciudadana.com.mx\/oficial\/wp-json\/wp\/v2\/media?parent=17023"}],"wp:term":[{"taxonomy":"category","embeddable":true,"href":"https:\/\/visionciudadana.com.mx\/oficial\/wp-json\/wp\/v2\/categories?post=17023"},{"taxonomy":"post_tag","embeddable":true,"href":"https:\/\/visionciudadana.com.mx\/oficial\/wp-json\/wp\/v2\/tags?post=17023"},{"taxonomy":"author","embeddable":true,"href":"https:\/\/visionciudadana.com.mx\/oficial\/wp-json\/wp\/v2\/ppma_author?post=17023"}],"curies":[{"name":"wp","href":"https:\/\/api.w.org\/{rel}","templated":true}]}}