{"id":17022,"date":"2021-06-10T22:27:10","date_gmt":"2021-06-10T22:27:10","guid":{"rendered":"https:\/\/visionciudadana.com.mx\/chio\/2021\/06\/10\/continuan-las-labores-de-limpieza-y-desazolve-en-drenes-y-canales-de-la-ciudad-capital\/"},"modified":"2025-06-25T00:12:14","modified_gmt":"2025-06-25T00:12:14","slug":"continuan-las-labores-de-limpieza-y-desazolve-en-drenes-y-canales-de-la-ciudad-capital","status":"publish","type":"post","link":"https:\/\/visionciudadana.com.mx\/oficial\/2021\/06\/10\/continuan-las-labores-de-limpieza-y-desazolve-en-drenes-y-canales-de-la-ciudad-capital\/","title":{"rendered":"Contin\u00faan las labores de limpieza y desazolve en drenes y canales de la Ciudad Capital"},"content":{"rendered":"<p style=\"text-align: justify;\">&nbsp;<\/p>\n<p style=\"text-align: justify;\"><img fetchpriority=\"high\" decoding=\"async\" src=\"images\/2021\/junio21\/continuan.jpg\" alt=\"continuan\" width=\"780\" height=\"420\" style=\"display: block; margin: 20px auto;\" \/><\/p>\n<p style=\"text-align: justify;\"><span style=\"font-size: 14pt; font-family: arial, helvetica, sans-serif;\">Como cada a\u00f1o, previo a la temporada de lluvias, el Gobierno de Culiac\u00e1n implementa el programa de limpieza y desazolve en drenes y canales de la ciudad capital.<\/span><\/p>\n<p style=\"text-align: justify;\">&nbsp;<\/p>\n<p class=\"x_MsoNormal\" style=\"text-align: justify;\"><span style=\"font-size: 14pt; font-family: arial, helvetica, sans-serif;\">Dividiendo el casco urbano en cuatro cuadrantes principales, es como se mantiene orden y continuidad en este tipo de labores, y aunque por ahora el avance en estas acciones es de un 20 por ciento, se prev\u00e9 que dentro de mes y medio se pueda concluir con las mismas.<\/span><\/p>\n<p style=\"text-align: justify;\">&nbsp;<\/p>\n<p class=\"x_MsoNormal\" style=\"text-align: justify;\"><span style=\"font-size: 14pt; font-family: arial, helvetica, sans-serif;\">Javier Mascare\u00f1o, Director de Obras P\u00fablicas del municipio, detall\u00f3 que los mencionados trabajos se realizan espec\u00edficamente en estas fechas para evitar que previo al inicio de la temporada de lluvias los diferentes drenes y canales atendidos presenten nuevamente basura y crecimiento de maleza en ellos.<\/span><\/p>\n<p style=\"text-align: justify;\">&nbsp;<\/p>\n<p class=\"x_MsoNormal\" style=\"text-align: justify;\"><span style=\"font-size: 14pt; font-family: arial, helvetica, sans-serif;\">Asimismo, inform\u00f3 que con la estrategia de \u201catender por tramos\u201d, se espera concluir con los m\u00e1s de 74 arroyos alrededor de la ciudad, pero por ahora, es el dren de Bacurim\u00ed en su afluente \u201cPiedritas\u201d, el que presenta un avance m\u00e1s visible, esto en el cuadrante 1.<\/span><\/p>\n<p style=\"text-align: justify;\">&nbsp;<\/p>\n<p class=\"x_MsoNormal\" style=\"text-align: justify;\"><span style=\"font-size: 14pt; font-family: arial, helvetica, sans-serif;\">De igual forma, en el cuadrante 2 se atendi\u00f3 una secci\u00f3n del arroyo \u201cEl Piojo\u201d, la cual, corresponde de la avenida \u00c1lvaro Obreg\u00f3n hacia el lado del r\u00edo, asimismo, coment\u00f3 que se contin\u00faa trabajando en la colonia Los \u00c1ngeles, Rosario Uz\u00e1rraga y pr\u00f3ximamente algunos otros sectores, pues destac\u00f3 que este es un trabajo muy din\u00e1mico.<\/span><\/p>\n<p style=\"text-align: justify;\">&nbsp;<\/p>\n<p class=\"x_MsoNormal\" style=\"text-align: justify;\"><span style=\"font-size: 14pt; font-family: arial, helvetica, sans-serif;\">El funcionario dijo que estos trabajos dieron inicio a finales del pasado mes de mayo y en tanto se acerque la fecha de plazo para concluir los mismos, se realizar\u00e1 nuevamente una evaluaci\u00f3n del avance para decidir si dicho plazo se extiende o ser\u00e1 posible concluir en tiempo y forma.<\/span><\/p>\n<p style=\"text-align: justify;\">&nbsp;<\/p>\n<p class=\"x_MsoNormal\" style=\"text-align: justify;\"><span style=\"font-size: 14pt; font-family: arial, helvetica, sans-serif;\">El Gobierno de Culiac\u00e1n hace un llamado a la ciudadan\u00eda a contribuir con estas labores, no tirando basura ni desechos de ning\u00fan tipo en los afluentes de agua, pues esto adem\u00e1s de entorpecer y demorar los trabajos, propicia condiciones insalubres para los vecinos que habitan la zona.<\/span><\/p>\n<p style=\"text-align: justify;\">&nbsp;<\/p>\n<p style=\"text-align: justify;\">&nbsp;<\/p>\n<p style=\"text-align: justify;\"><span style=\"font-size: 14pt; font-family: arial, helvetica, sans-serif;\">REDACCI\u00d3N\/VISI\u00d3N CIUDADANA.<\/span><\/p>\n","protected":false},"excerpt":{"rendered":"<p>&nbsp; Como cada a\u00f1o, previo a la temporada de lluvias, el Gobierno de Culiac\u00e1n implementa el programa de limpieza y desazolve en drenes y canales de la ciudad capital. &nbsp; Dividiendo el casco urbano en cuatro cuadrantes principales, es como se mantiene orden y continuidad en este tipo de labores, y aunque por ahora el [&hellip;]<\/p>\n","protected":false},"author":1,"featured_media":818,"comment_status":"closed","ping_status":"closed","sticky":false,"template":"","format":"standard","meta":{"footnotes":""},"categories":[13],"tags":[],"ppma_author":[31],"class_list":["post-17022","post","type-post","status-publish","format-standard","has-post-thumbnail","hentry","category-locales"],"aioseo_notices":[],"authors":[{"term_id":31,"user_id":1,"is_guest":0,"slug":"ivan3vino","display_name":"Iv\u00e1n Trevi\u00f1o","avatar_url":{"url":"https:\/\/visionciudadana.com.mx\/oficial\/wp-content\/uploads\/2025\/09\/columna-ivan-Trevino.png","url2x":"https:\/\/visionciudadana.com.mx\/oficial\/wp-content\/uploads\/2025\/09\/columna-ivan-Trevino.png"},"0":null,"1":"","2":"","3":"","4":"","5":"","6":"","7":"","8":""}],"_links":{"self":[{"href":"https:\/\/visionciudadana.com.mx\/oficial\/wp-json\/wp\/v2\/posts\/17022","targetHints":{"allow":["GET"]}}],"collection":[{"href":"https:\/\/visionciudadana.com.mx\/oficial\/wp-json\/wp\/v2\/posts"}],"about":[{"href":"https:\/\/visionciudadana.com.mx\/oficial\/wp-json\/wp\/v2\/types\/post"}],"author":[{"embeddable":true,"href":"https:\/\/visionciudadana.com.mx\/oficial\/wp-json\/wp\/v2\/users\/1"}],"replies":[{"embeddable":true,"href":"https:\/\/visionciudadana.com.mx\/oficial\/wp-json\/wp\/v2\/comments?post=17022"}],"version-history":[{"count":1,"href":"https:\/\/visionciudadana.com.mx\/oficial\/wp-json\/wp\/v2\/posts\/17022\/revisions"}],"predecessor-version":[{"id":30964,"href":"https:\/\/visionciudadana.com.mx\/oficial\/wp-json\/wp\/v2\/posts\/17022\/revisions\/30964"}],"wp:featuredmedia":[{"embeddable":true,"href":"https:\/\/visionciudadana.com.mx\/oficial\/wp-json\/wp\/v2\/media\/818"}],"wp:attachment":[{"href":"https:\/\/visionciudadana.com.mx\/oficial\/wp-json\/wp\/v2\/media?parent=17022"}],"wp:term":[{"taxonomy":"category","embeddable":true,"href":"https:\/\/visionciudadana.com.mx\/oficial\/wp-json\/wp\/v2\/categories?post=17022"},{"taxonomy":"post_tag","embeddable":true,"href":"https:\/\/visionciudadana.com.mx\/oficial\/wp-json\/wp\/v2\/tags?post=17022"},{"taxonomy":"author","embeddable":true,"href":"https:\/\/visionciudadana.com.mx\/oficial\/wp-json\/wp\/v2\/ppma_author?post=17022"}],"curies":[{"name":"wp","href":"https:\/\/api.w.org\/{rel}","templated":true}]}}