{"id":17021,"date":"2021-06-10T21:46:37","date_gmt":"2021-06-10T21:46:37","guid":{"rendered":"https:\/\/visionciudadana.com.mx\/chio\/2021\/06\/10\/sustituyen-cableado-electrico-robado-en-el-parque-las-riberas\/"},"modified":"2025-06-25T00:12:14","modified_gmt":"2025-06-25T00:12:14","slug":"sustituyen-cableado-electrico-robado-en-el-parque-las-riberas","status":"publish","type":"post","link":"https:\/\/visionciudadana.com.mx\/oficial\/2021\/06\/10\/sustituyen-cableado-electrico-robado-en-el-parque-las-riberas\/","title":{"rendered":"Sustituyen cableado el\u00e9ctrico robado en el parque las Riberas"},"content":{"rendered":"<p>&nbsp;<\/p>\n<p><img fetchpriority=\"high\" decoding=\"async\" src=\"images\/2021\/junio21\/sustituyen.jpg\" alt=\"sustituyen\" width=\"780\" height=\"420\" style=\"display: block; margin: 20px auto;\" \/><\/p>\n<p style=\"text-align: justify;\"><span style=\"font-size: 14pt; font-family: arial, helvetica, sans-serif;\">Por segunda ocasi\u00f3n, personas desconocidas causaron da\u00f1os a la infraestructura de alumbrado p\u00fablico instalada recientemente por el Gobierno de Culiac\u00e1n en la secci\u00f3n del parque las Riberas sobre el borde ubicado por el bulevar Ni\u00f1os H\u00e9roes.&nbsp;<\/span><\/p>\n<p style=\"text-align: justify;\">&nbsp;<\/p>\n<p class=\"x_MsoNormal\" style=\"text-align: justify;\"><span style=\"font-size: 14pt; font-family: arial, helvetica, sans-serif;\">En este espacio, la Direcci\u00f3n de Alumbrado P\u00fablico y Eficiencia Energ\u00e9tica en d\u00edas previos hab\u00eda realizado trabajos de sustituci\u00f3n debido a la sustracci\u00f3n ilegal del cableado el\u00e9ctrico que alimentaba a 270 luminarias LED.<\/span><\/p>\n<p style=\"text-align: justify;\">&nbsp;<\/p>\n<p class=\"x_MsoNormal\" style=\"text-align: justify;\"><span style=\"font-size: 14pt; font-family: arial, helvetica, sans-serif;\">Alfredo Herrera Romero titular de la Direcci\u00f3n de Alumbrado, inform\u00f3 que de nueva cuenta se iniciaron los trabajos para reestablecer el cableado robado en el \u00e1rea, que afect\u00f3 a 20 arbotantes que suministra alrededor de 80 luminarias que hab\u00edan quedado sin el suministro el\u00e9ctrico.<\/span><\/p>\n<p style=\"text-align: justify;\">&nbsp;<\/p>\n<p class=\"x_MsoNormal\" style=\"text-align: justify;\"><span style=\"font-size: 14pt; font-family: arial, helvetica, sans-serif;\">Los actos delictivos se suman a los que se registran en otros sectores de la ciudad, como el de Infonavit Barrancos y la zona del Desarrollo Urbano Tres R\u00edos de la capital Sinaloense.<\/span><\/p>\n<p style=\"text-align: justify;\">&nbsp;<\/p>\n<p class=\"x_MsoNormal\" style=\"text-align: justify;\"><span style=\"font-size: 14pt; font-family: arial, helvetica, sans-serif;\">Ante la incidencia de robos del tendido el\u00e9ctrico, la Comuna exhorta a la ciudadan\u00eda a proteger el servicio p\u00fablico que brinda seguridad a la ciudadan\u00eda a trav\u00e9s de la iluminaci\u00f3n de calles y parques, y en su caso emitir el reporte correspondiente al n\u00famero de emergencias 9-1-1.<\/span><\/p>\n<p style=\"text-align: justify;\">&nbsp;<\/p>\n<p style=\"text-align: justify;\"><span style=\"font-size: 14pt; font-family: arial, helvetica, sans-serif;\">REDACCI\u00d3N\/VISI\u00d3N CIUDADANA.<\/span><\/p>\n","protected":false},"excerpt":{"rendered":"<p>&nbsp; Por segunda ocasi\u00f3n, personas desconocidas causaron da\u00f1os a la infraestructura de alumbrado p\u00fablico instalada recientemente por el Gobierno de Culiac\u00e1n en la secci\u00f3n del parque las Riberas sobre el borde ubicado por el bulevar Ni\u00f1os H\u00e9roes.&nbsp; &nbsp; En este espacio, la Direcci\u00f3n de Alumbrado P\u00fablico y Eficiencia Energ\u00e9tica en d\u00edas previos hab\u00eda realizado trabajos [&hellip;]<\/p>\n","protected":false},"author":1,"featured_media":816,"comment_status":"closed","ping_status":"closed","sticky":false,"template":"","format":"standard","meta":{"footnotes":""},"categories":[13],"tags":[],"ppma_author":[31],"class_list":["post-17021","post","type-post","status-publish","format-standard","has-post-thumbnail","hentry","category-locales"],"aioseo_notices":[],"authors":[{"term_id":31,"user_id":1,"is_guest":0,"slug":"ivan3vino","display_name":"Iv\u00e1n Trevi\u00f1o","avatar_url":{"url":"https:\/\/visionciudadana.com.mx\/oficial\/wp-content\/uploads\/2025\/09\/columna-ivan-Trevino.png","url2x":"https:\/\/visionciudadana.com.mx\/oficial\/wp-content\/uploads\/2025\/09\/columna-ivan-Trevino.png"},"0":null,"1":"","2":"","3":"","4":"","5":"","6":"","7":"","8":""}],"_links":{"self":[{"href":"https:\/\/visionciudadana.com.mx\/oficial\/wp-json\/wp\/v2\/posts\/17021","targetHints":{"allow":["GET"]}}],"collection":[{"href":"https:\/\/visionciudadana.com.mx\/oficial\/wp-json\/wp\/v2\/posts"}],"about":[{"href":"https:\/\/visionciudadana.com.mx\/oficial\/wp-json\/wp\/v2\/types\/post"}],"author":[{"embeddable":true,"href":"https:\/\/visionciudadana.com.mx\/oficial\/wp-json\/wp\/v2\/users\/1"}],"replies":[{"embeddable":true,"href":"https:\/\/visionciudadana.com.mx\/oficial\/wp-json\/wp\/v2\/comments?post=17021"}],"version-history":[{"count":1,"href":"https:\/\/visionciudadana.com.mx\/oficial\/wp-json\/wp\/v2\/posts\/17021\/revisions"}],"predecessor-version":[{"id":30965,"href":"https:\/\/visionciudadana.com.mx\/oficial\/wp-json\/wp\/v2\/posts\/17021\/revisions\/30965"}],"wp:featuredmedia":[{"embeddable":true,"href":"https:\/\/visionciudadana.com.mx\/oficial\/wp-json\/wp\/v2\/media\/816"}],"wp:attachment":[{"href":"https:\/\/visionciudadana.com.mx\/oficial\/wp-json\/wp\/v2\/media?parent=17021"}],"wp:term":[{"taxonomy":"category","embeddable":true,"href":"https:\/\/visionciudadana.com.mx\/oficial\/wp-json\/wp\/v2\/categories?post=17021"},{"taxonomy":"post_tag","embeddable":true,"href":"https:\/\/visionciudadana.com.mx\/oficial\/wp-json\/wp\/v2\/tags?post=17021"},{"taxonomy":"author","embeddable":true,"href":"https:\/\/visionciudadana.com.mx\/oficial\/wp-json\/wp\/v2\/ppma_author?post=17021"}],"curies":[{"name":"wp","href":"https:\/\/api.w.org\/{rel}","templated":true}]}}