{"id":17020,"date":"2021-06-10T21:40:22","date_gmt":"2021-06-10T21:40:22","guid":{"rendered":"https:\/\/visionciudadana.com.mx\/chio\/2021\/06\/10\/vamos-a-actuar-como-democratas-vamos-a-atender-y-escuchar-a-las-mayorias-y-minorias-rocha-moya\/"},"modified":"2025-06-25T00:12:14","modified_gmt":"2025-06-25T00:12:14","slug":"vamos-a-actuar-como-democratas-vamos-a-atender-y-escuchar-a-las-mayorias-y-minorias-rocha-moya","status":"publish","type":"post","link":"https:\/\/visionciudadana.com.mx\/oficial\/2021\/06\/10\/vamos-a-actuar-como-democratas-vamos-a-atender-y-escuchar-a-las-mayorias-y-minorias-rocha-moya\/","title":{"rendered":"\u00abVamos a actuar como dem\u00f3cratas; vamos a atender y escuchar a las mayor\u00edas y minor\u00edas\u00bb: Rocha Moya"},"content":{"rendered":"<p><img fetchpriority=\"high\" decoding=\"async\" src=\"images\/2021\/junio21\/vamos.PNG\" alt=\"vamos\" width=\"642\" height=\"426\" style=\"display: block; margin: 20px auto;\" \/><\/p>\n<p>&nbsp;<\/p>\n<p class=\"x_MsoNormal\" style=\"text-align: justify;\"><span style=\"font-size: 14pt; font-family: arial, helvetica, sans-serif;\">\u201cNo vamos a abusar de las mayor\u00edas, es importante que lo sepan los diversos actores pol\u00edticos; la mayor\u00eda se erige cuando lo decide el pueblo a trav\u00e9s de un evento como la elecci\u00f3n. En este caso decidi\u00f3 qui\u00e9n es la mayor\u00eda en Sinaloa, sin embargo, las minor\u00edas valen y tenemos que respetar sus opiniones, la democracia es eso\u00bb asent\u00f3 el pr\u00f3ximo gobernador del estado Rub\u00e9n Rocha Moya, durante entrevista.<\/span><\/p>\n<p style=\"text-align: justify;\">&nbsp;<\/p>\n<p class=\"x_MsoNormal\" style=\"text-align: justify;\"><span style=\"font-size: 14pt; font-family: arial, helvetica, sans-serif;\">Dijo que para lograr los cambios y la transformaci\u00f3n profunda que requiere el estado, se tiene que tomar en cuenta la opini\u00f3n de todos los actores pol\u00edticos y sociales de la entidad, ya que dentro de la democracia debe de haber un equilibrio en el quehacer p\u00fablico.<\/span><\/p>\n<p style=\"text-align: justify;\">&nbsp;<\/p>\n<p class=\"x_MsoNormal\" style=\"text-align: justify;\"><span style=\"font-size: 14pt; font-family: arial, helvetica, sans-serif;\">El pr\u00f3ximo gobernador del estado reiter\u00f3 que en su administraci\u00f3n se trabajar\u00e1 para brindarle justicia social a los sectores y familias m\u00e1s desprotegidas, \u201cpero vamos a buscar que haya equilibrios, a atender a todos los sectores, no se aplastar\u00e1 a nadie, vamos a actuar como dem\u00f3cratas sin ser autoritarios, porque el autoritarismo es enemigo de la democracia\u201d.<\/span><\/p>\n<p style=\"text-align: justify;\">&nbsp;<\/p>\n<p class=\"x_MsoNormal\" style=\"text-align: justify;\"><span style=\"font-size: 14pt; font-family: arial, helvetica, sans-serif;\">Rocha Moya reiter\u00f3 la importancia de que en la administraci\u00f3n p\u00fablica no se desborde el poder absoluto, ya que hay que consensuar las soluciones y pol\u00edticas p\u00fablicas que se ofrezcan para resolver los problemas de Sinaloa, de lo contrario el gobierno no le servir\u00eda a la ciudadan\u00eda.<\/span><\/p>\n<p style=\"text-align: justify;\">&nbsp;<\/p>\n<p class=\"x_MsoNormal\" style=\"text-align: justify;\"><span style=\"font-size: 14pt; font-family: arial, helvetica, sans-serif;\">\u201cVamos a transformar a Sinaloa como lo dijimos en la campa\u00f1a, y eso supone mejorar las condiciones de vida de las numerosas familias que viven en pobreza, eso es prioritario para nosotros. Hay que entender las grandes necesidades en el terreno de la salud, educaci\u00f3n, el apoyo a los productores agr\u00edcolas, pescadores y ganaderos, lo mismo el apoyo a empresarios, profesionistas, etc\u00e9tera. Vamos a orientar en nuestras pol\u00edticas justamente para otorgar justicia social a la poblaci\u00f3n\u201d, puntualiz\u00f3.<\/span><\/p>\n<p style=\"text-align: justify;\">&nbsp;<\/p>\n<p style=\"text-align: justify;\">&nbsp;<\/p>\n<p style=\"text-align: justify;\"><span style=\"font-size: 14pt; font-family: arial, helvetica, sans-serif;\">REDACCI\u00d3N\/VISI\u00d3N CIUDADANA.<\/span><\/p>\n","protected":false},"excerpt":{"rendered":"<p>&nbsp; \u201cNo vamos a abusar de las mayor\u00edas, es importante que lo sepan los diversos actores pol\u00edticos; la mayor\u00eda se erige cuando lo decide el pueblo a trav\u00e9s de un evento como la elecci\u00f3n. En este caso decidi\u00f3 qui\u00e9n es la mayor\u00eda en Sinaloa, sin embargo, las minor\u00edas valen y tenemos que respetar sus opiniones, [&hellip;]<\/p>\n","protected":false},"author":1,"featured_media":814,"comment_status":"closed","ping_status":"closed","sticky":false,"template":"","format":"standard","meta":{"footnotes":""},"categories":[13],"tags":[],"ppma_author":[31],"class_list":["post-17020","post","type-post","status-publish","format-standard","has-post-thumbnail","hentry","category-locales"],"aioseo_notices":[],"authors":[{"term_id":31,"user_id":1,"is_guest":0,"slug":"ivan3vino","display_name":"Iv\u00e1n Trevi\u00f1o","avatar_url":{"url":"https:\/\/visionciudadana.com.mx\/oficial\/wp-content\/uploads\/2025\/09\/columna-ivan-Trevino.png","url2x":"https:\/\/visionciudadana.com.mx\/oficial\/wp-content\/uploads\/2025\/09\/columna-ivan-Trevino.png"},"0":null,"1":"","2":"","3":"","4":"","5":"","6":"","7":"","8":""}],"_links":{"self":[{"href":"https:\/\/visionciudadana.com.mx\/oficial\/wp-json\/wp\/v2\/posts\/17020","targetHints":{"allow":["GET"]}}],"collection":[{"href":"https:\/\/visionciudadana.com.mx\/oficial\/wp-json\/wp\/v2\/posts"}],"about":[{"href":"https:\/\/visionciudadana.com.mx\/oficial\/wp-json\/wp\/v2\/types\/post"}],"author":[{"embeddable":true,"href":"https:\/\/visionciudadana.com.mx\/oficial\/wp-json\/wp\/v2\/users\/1"}],"replies":[{"embeddable":true,"href":"https:\/\/visionciudadana.com.mx\/oficial\/wp-json\/wp\/v2\/comments?post=17020"}],"version-history":[{"count":1,"href":"https:\/\/visionciudadana.com.mx\/oficial\/wp-json\/wp\/v2\/posts\/17020\/revisions"}],"predecessor-version":[{"id":30966,"href":"https:\/\/visionciudadana.com.mx\/oficial\/wp-json\/wp\/v2\/posts\/17020\/revisions\/30966"}],"wp:featuredmedia":[{"embeddable":true,"href":"https:\/\/visionciudadana.com.mx\/oficial\/wp-json\/wp\/v2\/media\/814"}],"wp:attachment":[{"href":"https:\/\/visionciudadana.com.mx\/oficial\/wp-json\/wp\/v2\/media?parent=17020"}],"wp:term":[{"taxonomy":"category","embeddable":true,"href":"https:\/\/visionciudadana.com.mx\/oficial\/wp-json\/wp\/v2\/categories?post=17020"},{"taxonomy":"post_tag","embeddable":true,"href":"https:\/\/visionciudadana.com.mx\/oficial\/wp-json\/wp\/v2\/tags?post=17020"},{"taxonomy":"author","embeddable":true,"href":"https:\/\/visionciudadana.com.mx\/oficial\/wp-json\/wp\/v2\/ppma_author?post=17020"}],"curies":[{"name":"wp","href":"https:\/\/api.w.org\/{rel}","templated":true}]}}