{"id":17005,"date":"2021-06-07T22:02:43","date_gmt":"2021-06-07T22:02:43","guid":{"rendered":"https:\/\/visionciudadana.com.mx\/chio\/2021\/06\/07\/quirino-reconoce-la-amplia-participacion-ciudadana-durante-jornada-electoral-en-sinaloa\/"},"modified":"2025-06-25T00:12:15","modified_gmt":"2025-06-25T00:12:15","slug":"quirino-reconoce-la-amplia-participacion-ciudadana-durante-jornada-electoral-en-sinaloa","status":"publish","type":"post","link":"https:\/\/visionciudadana.com.mx\/oficial\/2021\/06\/07\/quirino-reconoce-la-amplia-participacion-ciudadana-durante-jornada-electoral-en-sinaloa\/","title":{"rendered":"Quirino reconoce la amplia participaci\u00f3n ciudadana durante jornada electoral en Sinaloa"},"content":{"rendered":"<p style=\"text-align: justify;\">&nbsp;<\/p>\n<p style=\"text-align: justify;\"><img fetchpriority=\"high\" decoding=\"async\" src=\"images\/2021\/junio21\/reconoce-kiri.jpg\" alt=\"reconoce kiri\" width=\"780\" height=\"420\" style=\"display: block; margin: 20px auto;\" \/><\/p>\n<p class=\"x_MsoNormal\" style=\"text-align: justify;\"><span style=\"font-size: 14pt; font-family: arial, helvetica, sans-serif;\">El gobernador de Estado, Quirino Ordaz Coppel, reconoci\u00f3 a las y los sinaloenses que el d\u00eda de ayer salieran a ejercer su derecho de votar en las elecciones electorales, lo cual demuestra su compromiso como ciudadanos.<\/span><\/p>\n<p style=\"text-align: justify;\">&nbsp;<\/p>\n<p class=\"x_MsoNormal\" style=\"text-align: justify;\"><span style=\"font-size: 14pt; font-family: arial, helvetica, sans-serif;\">El mandatario estatal tambi\u00e9n aprovech\u00f3 para reconocer a la ciudadan\u00eda que de manera muy responsable particip\u00f3 como funcionaria de casilla e hizo posible que la jornada electoral.<\/span><\/p>\n<p style=\"text-align: justify;\">&nbsp;<\/p>\n<p class=\"x_MsoNormal\" style=\"text-align: justify;\"><span style=\"font-size: 14pt; font-family: arial, helvetica, sans-serif;\">\u201cFue un proceso muy interesante de muy buena participaci\u00f3n ciudadana. Yo felicito a la gente, a los ciudadanos que hayan salido, que hayan votado, que hayan ejercido su derecho\u201d, precis\u00f3.<\/span><\/p>\n<p style=\"text-align: justify;\">&nbsp;<\/p>\n<p class=\"x_MsoNormal\" style=\"text-align: justify;\"><span style=\"font-size: 14pt; font-family: arial, helvetica, sans-serif;\">De la misma manera indic\u00f3 que hubo algunos incidentes, los cuales espera sean resueltos de la mejor manera por parte de las autoridades correspondientes.<\/span><\/p>\n<p style=\"text-align: justify;\">&nbsp;<\/p>\n<p class=\"x_MsoNormal\" style=\"text-align: justify;\"><span style=\"font-size: 14pt; font-family: arial, helvetica, sans-serif;\">Asimismo, se\u00f1al\u00f3 la intervenci\u00f3n especial de la Secretar\u00eda de Marina Armada de M\u00e9xico en el traslado de boletas electorales en el municipio de Ahome.<\/span><\/p>\n<p style=\"text-align: justify;\">&nbsp;<\/p>\n<p style=\"text-align: justify;\">&nbsp;<\/p>\n<p style=\"text-align: justify;\"><span style=\"font-size: 14pt; font-family: arial, helvetica, sans-serif;\">REDACCI\u00d3N\/VISI\u00d3N CIUDADANA.<\/span><\/p>\n","protected":false},"excerpt":{"rendered":"<p>&nbsp; El gobernador de Estado, Quirino Ordaz Coppel, reconoci\u00f3 a las y los sinaloenses que el d\u00eda de ayer salieran a ejercer su derecho de votar en las elecciones electorales, lo cual demuestra su compromiso como ciudadanos. &nbsp; El mandatario estatal tambi\u00e9n aprovech\u00f3 para reconocer a la ciudadan\u00eda que de manera muy responsable particip\u00f3 como [&hellip;]<\/p>\n","protected":false},"author":1,"featured_media":792,"comment_status":"closed","ping_status":"closed","sticky":false,"template":"","format":"standard","meta":{"footnotes":""},"categories":[24],"tags":[],"ppma_author":[31],"class_list":["post-17005","post","type-post","status-publish","format-standard","has-post-thumbnail","hentry","category-relevantes"],"aioseo_notices":[],"authors":[{"term_id":31,"user_id":1,"is_guest":0,"slug":"ivan3vino","display_name":"Iv\u00e1n Trevi\u00f1o","avatar_url":{"url":"https:\/\/visionciudadana.com.mx\/oficial\/wp-content\/uploads\/2025\/09\/columna-ivan-Trevino.png","url2x":"https:\/\/visionciudadana.com.mx\/oficial\/wp-content\/uploads\/2025\/09\/columna-ivan-Trevino.png"},"0":null,"1":"","2":"","3":"","4":"","5":"","6":"","7":"","8":""}],"_links":{"self":[{"href":"https:\/\/visionciudadana.com.mx\/oficial\/wp-json\/wp\/v2\/posts\/17005","targetHints":{"allow":["GET"]}}],"collection":[{"href":"https:\/\/visionciudadana.com.mx\/oficial\/wp-json\/wp\/v2\/posts"}],"about":[{"href":"https:\/\/visionciudadana.com.mx\/oficial\/wp-json\/wp\/v2\/types\/post"}],"author":[{"embeddable":true,"href":"https:\/\/visionciudadana.com.mx\/oficial\/wp-json\/wp\/v2\/users\/1"}],"replies":[{"embeddable":true,"href":"https:\/\/visionciudadana.com.mx\/oficial\/wp-json\/wp\/v2\/comments?post=17005"}],"version-history":[{"count":1,"href":"https:\/\/visionciudadana.com.mx\/oficial\/wp-json\/wp\/v2\/posts\/17005\/revisions"}],"predecessor-version":[{"id":30972,"href":"https:\/\/visionciudadana.com.mx\/oficial\/wp-json\/wp\/v2\/posts\/17005\/revisions\/30972"}],"wp:featuredmedia":[{"embeddable":true,"href":"https:\/\/visionciudadana.com.mx\/oficial\/wp-json\/wp\/v2\/posts\/792"}],"wp:attachment":[{"href":"https:\/\/visionciudadana.com.mx\/oficial\/wp-json\/wp\/v2\/media?parent=17005"}],"wp:term":[{"taxonomy":"category","embeddable":true,"href":"https:\/\/visionciudadana.com.mx\/oficial\/wp-json\/wp\/v2\/categories?post=17005"},{"taxonomy":"post_tag","embeddable":true,"href":"https:\/\/visionciudadana.com.mx\/oficial\/wp-json\/wp\/v2\/tags?post=17005"},{"taxonomy":"author","embeddable":true,"href":"https:\/\/visionciudadana.com.mx\/oficial\/wp-json\/wp\/v2\/ppma_author?post=17005"}],"curies":[{"name":"wp","href":"https:\/\/api.w.org\/{rel}","templated":true}]}}