{"id":17004,"date":"2021-06-07T21:57:41","date_gmt":"2021-06-07T21:57:41","guid":{"rendered":"https:\/\/visionciudadana.com.mx\/chio\/2021\/06\/07\/programa-de-reencarpetado-avanza-en-diversos-sectores-de-la-ciudad\/"},"modified":"2025-06-25T00:12:15","modified_gmt":"2025-06-25T00:12:15","slug":"programa-de-reencarpetado-avanza-en-diversos-sectores-de-la-ciudad","status":"publish","type":"post","link":"https:\/\/visionciudadana.com.mx\/oficial\/2021\/06\/07\/programa-de-reencarpetado-avanza-en-diversos-sectores-de-la-ciudad\/","title":{"rendered":"Programa de reencarpetado avanza en diversos sectores de la ciudad"},"content":{"rendered":"<p><img fetchpriority=\"high\" decoding=\"async\" src=\"images\/2021\/junio21\/rencar.jpg\" alt=\"rencar\" width=\"780\" height=\"420\" style=\"display: block; margin: 20px auto;\" \/><\/p>\n<p>&nbsp;<\/p>\n<p style=\"text-align: justify;\"><span style=\"font-size: 14pt; font-family: arial, helvetica, sans-serif;\">La mejora de las vialidades de la capital Sinaloense contin\u00faa avanzando en colonias y fraccionamientos, permitiendo con ello un desplazamiento m\u00e1s seguro y \u00e1gil para los automovilistas.<\/span><\/p>\n<p style=\"text-align: justify;\">&nbsp;<\/p>\n<p style=\"text-align: justify;\"><span style=\"font-size: 14pt; font-family: arial, helvetica, sans-serif;\">Estos trabajos incluyen la rehabilitaci\u00f3n de tramos en bulevares y vialidades que registraban da\u00f1os en la carpeta de rodamiento, tal y como era el caso del bulevar La Navidad ubicado en el entronque con avenida Ram\u00f3n L\u00f3pez Velarde.<\/span><\/p>\n<p style=\"text-align: justify;\">&nbsp;<\/p>\n<p style=\"text-align: justify;\"><span style=\"font-size: 14pt; font-family: arial, helvetica, sans-serif;\">El tramo comprendido por 100 metros recibi\u00f3 labores de reencarpetado, con lo que la r\u00faa, al ser reparada en su totalidad, ser\u00e1 utilizada con m\u00e1s seguridad por automovilistas y el transporte p\u00fablico de la zona.<\/span><\/p>\n<p style=\"text-align: justify;\">&nbsp;<\/p>\n<p style=\"text-align: justify;\"><span style=\"font-size: 14pt; font-family: arial, helvetica, sans-serif;\">De igual forma, estas acciones tambi\u00e9n se llevaron a cabo en el sector Santa Elena, localizada al norte de la ciudad, en la calle Meridiano, entre la calle Ant\u00e1rtida y Eclipse.<\/span><\/p>\n<p>&nbsp;<\/p>\n<p style=\"text-align: justify;\"><span style=\"font-size: 14pt; font-family: arial, helvetica, sans-serif;\">La mejora de ambas calles se suma a los esfuerzos que realiza el Gobierno de Culiac\u00e1n por brindar atenci\u00f3n oportuna a las problem\u00e1ticas y da\u00f1os que presentan con la finalidad de ofrecer una soluci\u00f3n eficaz y duradera.<\/span><\/p>\n<p style=\"text-align: justify;\">&nbsp;<\/p>\n<p>&nbsp;<\/p>\n<p style=\"text-align: justify;\"><span style=\"font-size: 14pt; font-family: arial, helvetica, sans-serif;\">REDACCI\u00d3N\/VISI\u00d3N CIUDADANA.<\/span><\/p>\n<p>&nbsp;<\/p>\n","protected":false},"excerpt":{"rendered":"<p>&nbsp; La mejora de las vialidades de la capital Sinaloense contin\u00faa avanzando en colonias y fraccionamientos, permitiendo con ello un desplazamiento m\u00e1s seguro y \u00e1gil para los automovilistas. &nbsp; Estos trabajos incluyen la rehabilitaci\u00f3n de tramos en bulevares y vialidades que registraban da\u00f1os en la carpeta de rodamiento, tal y como era el caso del [&hellip;]<\/p>\n","protected":false},"author":1,"featured_media":790,"comment_status":"closed","ping_status":"closed","sticky":false,"template":"","format":"standard","meta":{"footnotes":""},"categories":[13],"tags":[],"ppma_author":[31],"class_list":["post-17004","post","type-post","status-publish","format-standard","has-post-thumbnail","hentry","category-locales"],"aioseo_notices":[],"authors":[{"term_id":31,"user_id":1,"is_guest":0,"slug":"ivan3vino","display_name":"Iv\u00e1n Trevi\u00f1o","avatar_url":{"url":"https:\/\/visionciudadana.com.mx\/oficial\/wp-content\/uploads\/2025\/09\/columna-ivan-Trevino.png","url2x":"https:\/\/visionciudadana.com.mx\/oficial\/wp-content\/uploads\/2025\/09\/columna-ivan-Trevino.png"},"0":null,"1":"","2":"","3":"","4":"","5":"","6":"","7":"","8":""}],"_links":{"self":[{"href":"https:\/\/visionciudadana.com.mx\/oficial\/wp-json\/wp\/v2\/posts\/17004","targetHints":{"allow":["GET"]}}],"collection":[{"href":"https:\/\/visionciudadana.com.mx\/oficial\/wp-json\/wp\/v2\/posts"}],"about":[{"href":"https:\/\/visionciudadana.com.mx\/oficial\/wp-json\/wp\/v2\/types\/post"}],"author":[{"embeddable":true,"href":"https:\/\/visionciudadana.com.mx\/oficial\/wp-json\/wp\/v2\/users\/1"}],"replies":[{"embeddable":true,"href":"https:\/\/visionciudadana.com.mx\/oficial\/wp-json\/wp\/v2\/comments?post=17004"}],"version-history":[{"count":1,"href":"https:\/\/visionciudadana.com.mx\/oficial\/wp-json\/wp\/v2\/posts\/17004\/revisions"}],"predecessor-version":[{"id":30973,"href":"https:\/\/visionciudadana.com.mx\/oficial\/wp-json\/wp\/v2\/posts\/17004\/revisions\/30973"}],"wp:featuredmedia":[{"embeddable":true,"href":"https:\/\/visionciudadana.com.mx\/oficial\/wp-json\/wp\/v2\/posts\/790"}],"wp:attachment":[{"href":"https:\/\/visionciudadana.com.mx\/oficial\/wp-json\/wp\/v2\/media?parent=17004"}],"wp:term":[{"taxonomy":"category","embeddable":true,"href":"https:\/\/visionciudadana.com.mx\/oficial\/wp-json\/wp\/v2\/categories?post=17004"},{"taxonomy":"post_tag","embeddable":true,"href":"https:\/\/visionciudadana.com.mx\/oficial\/wp-json\/wp\/v2\/tags?post=17004"},{"taxonomy":"author","embeddable":true,"href":"https:\/\/visionciudadana.com.mx\/oficial\/wp-json\/wp\/v2\/ppma_author?post=17004"}],"curies":[{"name":"wp","href":"https:\/\/api.w.org\/{rel}","templated":true}]}}