{"id":17000,"date":"2021-06-07T18:53:57","date_gmt":"2021-06-07T18:53:57","guid":{"rendered":"https:\/\/visionciudadana.com.mx\/chio\/2021\/06\/07\/reconoce-mario-zamora-resultado-del-organo-electoral-estamos-de-pie-afirma\/"},"modified":"2025-06-25T00:12:15","modified_gmt":"2025-06-25T00:12:15","slug":"reconoce-mario-zamora-resultado-del-organo-electoral-estamos-de-pie-afirma","status":"publish","type":"post","link":"https:\/\/visionciudadana.com.mx\/oficial\/2021\/06\/07\/reconoce-mario-zamora-resultado-del-organo-electoral-estamos-de-pie-afirma\/","title":{"rendered":"Reconoce Mario Zamora resultado del \u00f3rgano electoral; estamos de pie, afirma"},"content":{"rendered":"<p>&nbsp;<\/p>\n<p><img fetchpriority=\"high\" decoding=\"async\" src=\"images\/2021\/junio21\/reconoce-mario.jpg\" alt=\"reconoce mario\" width=\"780\" height=\"420\" style=\"display: block; margin: 20px auto;\" \/><\/p>\n<p style=\"text-align: justify;\"><span style=\"font-size: 14pt; font-family: arial, helvetica, sans-serif;\"> Mario Zamora Gast\u00e9lum, candidato a la gubernatura de la alianza \u201cVa por Sinaloa\u201d, reconoci\u00f3 el resultado del conteo r\u00e1pido que emiti\u00f3 el Instituto Electoral del Estado de Sinaloa.<\/span><\/p>\n<p style=\"text-align: justify;\">&nbsp;<\/p>\n<p style=\"text-align: justify;\"><span style=\"font-size: 14pt; font-family: arial, helvetica, sans-serif;\">Desde las instalaciones del Comit\u00e9 Directivo Estatal del PRI, Mario Zamora Gast\u00e9lum, en su mensaje al pueblo sinaloense, manifest\u00f3 que respeta completamente a las instituciones democr\u00e1ticas de este pa\u00eds, al igual que el resultado que dio a conocer el IEES.<\/span><\/p>\n<p style=\"text-align: justify;\">&nbsp;<\/p>\n<p style=\"text-align: justify;\"><span style=\"font-size: 14pt; font-family: arial, helvetica, sans-serif;\">\u201cAgradecerles profundamente con todo mi coraz\u00f3n a todos y a todas aquellas que participaron en la elecci\u00f3n el d\u00eda de hoy, por supuesto a quienes nos dieron su apoyo mi agradecimiento, mi coraz\u00f3n siempre. Ya ha salido el Instituto Estatal Electoral con el conteo r\u00e1pido, respetamos completamente al Instituto Estatal Electoral, lo digo con la voz completa, respetamos a las instituciones democr\u00e1ticas de este pa\u00eds y respetamos el resultado que el instituto ha dado\u201d, dijo.<\/span><\/p>\n<p style=\"text-align: justify;\">&nbsp;<\/p>\n<p style=\"text-align: justify;\"><span style=\"font-size: 14pt; font-family: arial, helvetica, sans-serif;\">Por otra parte, anunci\u00f3 que el departamento jur\u00eddico del PRI, hace un an\u00e1lisis respecto a todos los incidentes que se presentaron en esta jornada electoral, en el \u00e1nimo de seguir abonando a la democracia, circunstancias que no se pueden dejar de largo como si no hubieran pasado.<\/span><\/p>\n<p style=\"text-align: justify;\">&nbsp;<\/p>\n<p style=\"text-align: justify;\"><span style=\"font-size: 14pt; font-family: arial, helvetica, sans-serif;\">Celebr\u00f3 que al t\u00e9rmino de la jornada electoral, algunas personas que fueron privadas de su libertad fueron liberadas, exhortando que regresen al resto, pues son hombres y mujeres de bien, que solo estaban tratando de hacer su trabajo.<\/span><\/p>\n<p style=\"text-align: justify;\">&nbsp;<\/p>\n<p style=\"text-align: justify;\"><span style=\"font-size: 14pt; font-family: arial, helvetica, sans-serif;\">\u201cAprovecho para agradecer mucho que hayan regresado a muchos de nuestros compa\u00f1eros y a los que no han regresado pedirles con toda humildad de nuevo que los regresen, ya se acab\u00f3 la elecci\u00f3n, ya se obtuvo el resultado que al parecer se estaba buscando; por el bien de sus familias creo que merecen estar ya sanos y salvos en su casa\u201d.<\/span><\/p>\n<p style=\"text-align: justify;\">&nbsp;<\/p>\n<p style=\"text-align: justify;\"><span style=\"font-size: 14pt; font-family: arial, helvetica, sans-serif;\">Mario Zamora Gast\u00e9lum, afirm\u00f3 que junto a su familia, se encuentra de pie, y contento, pues toda su campa\u00f1a se realiz\u00f3 de manera abierta, franca y alegre.<\/span><\/p>\n<p style=\"text-align: justify;\">&nbsp;<\/p>\n<p style=\"text-align: justify;\"><span style=\"font-size: 14pt; font-family: arial, helvetica, sans-serif;\">\u201cSepan todos aquellos ciudadanos de bien que no est\u00e1n solos, que aqu\u00ed vamos a seguir, que aqu\u00ed vamos a continuar, que nos seguiremos viendo, que seguiremos caminando las calles, las comunidades, las colonias buscando lo \u00fanico que nos ha movido y nos motiva, que a Sinaloa cada vez le siga yendo mejor\u201d, concluy\u00f3 el candidato a la gubernatura.<\/span><\/p>\n<p style=\"text-align: justify;\">&nbsp;<\/p>\n<p style=\"text-align: justify;\">&nbsp;<\/p>\n<p style=\"text-align: justify;\"><span style=\"font-size: 14pt; font-family: arial, helvetica, sans-serif;\">REDACCI\u00d3N\/VISI\u00d3N CIUDADANA.<\/span><\/p>\n","protected":false},"excerpt":{"rendered":"<p>&nbsp; Mario Zamora Gast\u00e9lum, candidato a la gubernatura de la alianza \u201cVa por Sinaloa\u201d, reconoci\u00f3 el resultado del conteo r\u00e1pido que emiti\u00f3 el Instituto Electoral del Estado de Sinaloa. &nbsp; Desde las instalaciones del Comit\u00e9 Directivo Estatal del PRI, Mario Zamora Gast\u00e9lum, en su mensaje al pueblo sinaloense, manifest\u00f3 que respeta completamente a las instituciones [&hellip;]<\/p>\n","protected":false},"author":1,"featured_media":782,"comment_status":"closed","ping_status":"closed","sticky":false,"template":"","format":"standard","meta":{"footnotes":""},"categories":[24],"tags":[],"ppma_author":[31],"class_list":["post-17000","post","type-post","status-publish","format-standard","has-post-thumbnail","hentry","category-relevantes"],"aioseo_notices":[],"authors":[{"term_id":31,"user_id":1,"is_guest":0,"slug":"ivan3vino","display_name":"Iv\u00e1n Trevi\u00f1o","avatar_url":{"url":"https:\/\/visionciudadana.com.mx\/oficial\/wp-content\/uploads\/2025\/09\/columna-ivan-Trevino.png","url2x":"https:\/\/visionciudadana.com.mx\/oficial\/wp-content\/uploads\/2025\/09\/columna-ivan-Trevino.png"},"0":null,"1":"","2":"","3":"","4":"","5":"","6":"","7":"","8":""}],"_links":{"self":[{"href":"https:\/\/visionciudadana.com.mx\/oficial\/wp-json\/wp\/v2\/posts\/17000","targetHints":{"allow":["GET"]}}],"collection":[{"href":"https:\/\/visionciudadana.com.mx\/oficial\/wp-json\/wp\/v2\/posts"}],"about":[{"href":"https:\/\/visionciudadana.com.mx\/oficial\/wp-json\/wp\/v2\/types\/post"}],"author":[{"embeddable":true,"href":"https:\/\/visionciudadana.com.mx\/oficial\/wp-json\/wp\/v2\/users\/1"}],"replies":[{"embeddable":true,"href":"https:\/\/visionciudadana.com.mx\/oficial\/wp-json\/wp\/v2\/comments?post=17000"}],"version-history":[{"count":1,"href":"https:\/\/visionciudadana.com.mx\/oficial\/wp-json\/wp\/v2\/posts\/17000\/revisions"}],"predecessor-version":[{"id":30977,"href":"https:\/\/visionciudadana.com.mx\/oficial\/wp-json\/wp\/v2\/posts\/17000\/revisions\/30977"}],"wp:featuredmedia":[{"embeddable":true,"href":"https:\/\/visionciudadana.com.mx\/oficial\/wp-json\/wp\/v2\/posts\/782"}],"wp:attachment":[{"href":"https:\/\/visionciudadana.com.mx\/oficial\/wp-json\/wp\/v2\/media?parent=17000"}],"wp:term":[{"taxonomy":"category","embeddable":true,"href":"https:\/\/visionciudadana.com.mx\/oficial\/wp-json\/wp\/v2\/categories?post=17000"},{"taxonomy":"post_tag","embeddable":true,"href":"https:\/\/visionciudadana.com.mx\/oficial\/wp-json\/wp\/v2\/tags?post=17000"},{"taxonomy":"author","embeddable":true,"href":"https:\/\/visionciudadana.com.mx\/oficial\/wp-json\/wp\/v2\/ppma_author?post=17000"}],"curies":[{"name":"wp","href":"https:\/\/api.w.org\/{rel}","templated":true}]}}