{"id":16999,"date":"2021-06-07T18:46:52","date_gmt":"2021-06-07T18:46:52","guid":{"rendered":"https:\/\/visionciudadana.com.mx\/chio\/2021\/06\/07\/al-igual-que-la-piel-los-ojos-deben-protegerse-de-los-rayos-uv\/"},"modified":"2025-06-25T00:12:16","modified_gmt":"2025-06-25T00:12:16","slug":"al-igual-que-la-piel-los-ojos-deben-protegerse-de-los-rayos-uv","status":"publish","type":"post","link":"https:\/\/visionciudadana.com.mx\/oficial\/2021\/06\/07\/al-igual-que-la-piel-los-ojos-deben-protegerse-de-los-rayos-uv\/","title":{"rendered":"Al igual que la piel, los ojos deben protegerse de los rayos UV"},"content":{"rendered":"<div>&nbsp;<\/div>\n<div><img fetchpriority=\"high\" decoding=\"async\" src=\"images\/2021\/junio21\/uv.jpg\" alt=\"uv\" width=\"780\" height=\"420\" style=\"display: block; margin: 20px auto;\" \/><\/div>\n<div>&nbsp;<\/div>\n<div style=\"text-align: justify;\"><span style=\"font-size: 14pt; font-family: arial, helvetica, sans-serif;\">La de proteger la vista de los da\u00f1os que causan los rayos ultravioletas y debido a la alta exposici\u00f3n de sol que se vive en nuestro estado se convierte en una necesidad para el cuidado en la salud de nuestros ojos, asegur\u00f3 el Dr. V\u00edctor Hugo S\u00e1nchez Malof, Subsecretario de Atenci\u00f3n M\u00e9dica y Oftalm\u00f3logo.&nbsp;<\/span><\/div>\n<div style=\"text-align: justify;\">&nbsp;<\/div>\n<div style=\"text-align: justify;\"><span style=\"font-size: 14pt; font-family: arial, helvetica, sans-serif;\"><\/span><\/div>\n<div style=\"text-align: justify;\"><span style=\"font-size: 14pt; font-family: arial, helvetica, sans-serif;\">El especialista, indic\u00f3 que la exposici\u00f3n del ojo a la luz del sol, no solo puede causar lagrimeo, enrojecimiento y exponer los ojos a algunos agentes externos como el viento y polvo, sino que, puede causar problemas en la retina y el cristalino, debido a que los grados de radiaci\u00f3n puede favorecer el desarrollo de cataratas o el desarrollo de enfermedades maculares, la macular se encuentra en una zona de la retina y es la que recibe la imagen directamente, siendo esta&nbsp; la parte m\u00e1s delgada con mayor sensibilidad a una radiaci\u00f3n.&nbsp;<\/span><\/div>\n<div style=\"text-align: justify;\">&nbsp;<\/div>\n<div style=\"text-align: justify;\"><span style=\"font-size: 14pt; font-family: arial, helvetica, sans-serif;\"><\/span><\/div>\n<div style=\"text-align: justify;\"><span style=\"font-size: 14pt; font-family: arial, helvetica, sans-serif;\">\u201cEs recomendable, yo aconsejo sobre todo la persona que anda en el mar, la persona que anda en el campo y a\u00fan en la calle, as\u00ed como protegemos nuestra piel con protectores solares lo tenemos ahora, hay que usarlos, antes no los ten\u00edamos no sab\u00edamos para que era, se vend\u00edan los lentes de sol a cualquier precio en la calle era muy f\u00e1cil obtenerlos, pero no ten\u00edan esa calidad que ahora ya se tiene con UV, entonces yo siempre que les consejo que quieren comprar un lente para sol que se fijen en la leyenda UV que traen todas las micas\u201d, recomend\u00f3.&nbsp;<\/span><\/div>\n<div style=\"text-align: justify;\">&nbsp;<\/div>\n<div style=\"text-align: justify;\"><span style=\"font-size: 14pt; font-family: arial, helvetica, sans-serif;\"><\/span><\/div>\n<div style=\"text-align: justify;\"><span style=\"font-size: 14pt; font-family: arial, helvetica, sans-serif;\">Explic\u00f3 que es necesario que, al adquirir unos lentes de sol, se verifique que tienen la leyenda (UV) lo cual protege contra rayos ultravioleta, y portarlos siempre al manejar, en la calle, pero muy espec\u00edficamente cuando la persona se encuentre en zonas des\u00e9rticas, el campo o el mar.<\/span><\/div>\n<div style=\"text-align: justify;\">&nbsp;<\/div>\n<div style=\"text-align: justify;\"><span style=\"font-size: 14pt; font-family: arial, helvetica, sans-serif;\"><\/span><\/div>\n<div style=\"text-align: justify;\"><span style=\"font-size: 14pt; font-family: arial, helvetica, sans-serif;\">Asimismo, indic\u00f3 que esta recomendaci\u00f3n debe de ser utilizada tambi\u00e9n en los ni\u00f1os debido a que ellos no han desarrollado defensas contra la radiaci\u00f3n solar por lo que es importante que desde peque\u00f1os porten lentes para protegerse del sol.<\/span><\/div>\n<div style=\"text-align: justify;\">&nbsp;<\/div>\n<div style=\"text-align: justify;\">&nbsp;<\/div>\n<div style=\"text-align: justify;\"><span style=\"font-size: 14pt; font-family: arial, helvetica, sans-serif;\">REDACCI\u00d3N\/VISI\u00d3N CIUDADANA.<\/span><\/div>\n","protected":false},"excerpt":{"rendered":"<p>&nbsp; &nbsp; La de proteger la vista de los da\u00f1os que causan los rayos ultravioletas y debido a la alta exposici\u00f3n de sol que se vive en nuestro estado se convierte en una necesidad para el cuidado en la salud de nuestros ojos, asegur\u00f3 el Dr. V\u00edctor Hugo S\u00e1nchez Malof, Subsecretario de Atenci\u00f3n M\u00e9dica y [&hellip;]<\/p>\n","protected":false},"author":1,"featured_media":780,"comment_status":"closed","ping_status":"closed","sticky":false,"template":"","format":"standard","meta":{"footnotes":""},"categories":[13],"tags":[],"ppma_author":[31],"class_list":["post-16999","post","type-post","status-publish","format-standard","has-post-thumbnail","hentry","category-locales"],"aioseo_notices":[],"authors":[{"term_id":31,"user_id":1,"is_guest":0,"slug":"ivan3vino","display_name":"Iv\u00e1n Trevi\u00f1o","avatar_url":{"url":"https:\/\/visionciudadana.com.mx\/oficial\/wp-content\/uploads\/2025\/09\/columna-ivan-Trevino.png","url2x":"https:\/\/visionciudadana.com.mx\/oficial\/wp-content\/uploads\/2025\/09\/columna-ivan-Trevino.png"},"0":null,"1":"","2":"","3":"","4":"","5":"","6":"","7":"","8":""}],"_links":{"self":[{"href":"https:\/\/visionciudadana.com.mx\/oficial\/wp-json\/wp\/v2\/posts\/16999","targetHints":{"allow":["GET"]}}],"collection":[{"href":"https:\/\/visionciudadana.com.mx\/oficial\/wp-json\/wp\/v2\/posts"}],"about":[{"href":"https:\/\/visionciudadana.com.mx\/oficial\/wp-json\/wp\/v2\/types\/post"}],"author":[{"embeddable":true,"href":"https:\/\/visionciudadana.com.mx\/oficial\/wp-json\/wp\/v2\/users\/1"}],"replies":[{"embeddable":true,"href":"https:\/\/visionciudadana.com.mx\/oficial\/wp-json\/wp\/v2\/comments?post=16999"}],"version-history":[{"count":1,"href":"https:\/\/visionciudadana.com.mx\/oficial\/wp-json\/wp\/v2\/posts\/16999\/revisions"}],"predecessor-version":[{"id":30978,"href":"https:\/\/visionciudadana.com.mx\/oficial\/wp-json\/wp\/v2\/posts\/16999\/revisions\/30978"}],"wp:featuredmedia":[{"embeddable":true,"href":"https:\/\/visionciudadana.com.mx\/oficial\/wp-json\/wp\/v2\/posts\/780"}],"wp:attachment":[{"href":"https:\/\/visionciudadana.com.mx\/oficial\/wp-json\/wp\/v2\/media?parent=16999"}],"wp:term":[{"taxonomy":"category","embeddable":true,"href":"https:\/\/visionciudadana.com.mx\/oficial\/wp-json\/wp\/v2\/categories?post=16999"},{"taxonomy":"post_tag","embeddable":true,"href":"https:\/\/visionciudadana.com.mx\/oficial\/wp-json\/wp\/v2\/tags?post=16999"},{"taxonomy":"author","embeddable":true,"href":"https:\/\/visionciudadana.com.mx\/oficial\/wp-json\/wp\/v2\/ppma_author?post=16999"}],"curies":[{"name":"wp","href":"https:\/\/api.w.org\/{rel}","templated":true}]}}