{"id":16998,"date":"2021-06-07T18:36:59","date_gmt":"2021-06-07T18:36:59","guid":{"rendered":"https:\/\/visionciudadana.com.mx\/chio\/2021\/06\/07\/sedesu-lanza-convocatoria-para-el-premio-estatal-merito-ecologico-sinaloa-2021\/"},"modified":"2025-06-25T00:12:16","modified_gmt":"2025-06-25T00:12:16","slug":"sedesu-lanza-convocatoria-para-el-premio-estatal-merito-ecologico-sinaloa-2021","status":"publish","type":"post","link":"https:\/\/visionciudadana.com.mx\/oficial\/2021\/06\/07\/sedesu-lanza-convocatoria-para-el-premio-estatal-merito-ecologico-sinaloa-2021\/","title":{"rendered":"SEDESU lanza convocatoria para el Premio Estatal M\u00e9rito Ecol\u00f3gico Sinaloa 2021"},"content":{"rendered":"<p><img fetchpriority=\"high\" decoding=\"async\" src=\"images\/2021\/junio21\/ambiente.jpg\" alt=\"ambiente\" width=\"780\" height=\"420\" style=\"display: block; margin: 20px auto;\" \/><\/p>\n<div>&nbsp;<\/div>\n<div style=\"text-align: justify;\"><span style=\"font-size: 14pt; font-family: arial, helvetica, sans-serif;\">Para reconocer las acciones a favor del medio ambiente, el gobierno de Sinaloa, a trav\u00e9s de la Secretar\u00eda de Desarrollo Sustentable, lanz\u00f3 la convocatoria para el Premio Estatal al M\u00e9rito Ecol\u00f3gico 2021, el cual busca destacar las labores y proyectos de gran trascendencia que se han hecho en pro de la preservaci\u00f3n, conservaci\u00f3n, restauraci\u00f3n ecol\u00f3gica o actividades de educaci\u00f3n ambiental.&nbsp;<\/span><\/div>\n<div style=\"text-align: justify;\">&nbsp;<\/div>\n<div style=\"text-align: justify;\"><span style=\"font-size: 14pt; font-family: arial, helvetica, sans-serif;\"><\/span><\/div>\n<div style=\"text-align: justify;\"><span style=\"font-size: 14pt; font-family: arial, helvetica, sans-serif;\">En rueda de prensa acompa\u00f1ada de organizaciones civiles y colectivos ambientalistas, Isabel Mendoza Camacho invit\u00f3 a participar a hombres, mujeres, instituciones y grupos comunitarios en las categor\u00edas: J\u00f3venes, Comunitaria, Cultura y Comunicaci\u00f3n Ambiental, Educaci\u00f3n Ambiental Formal, Educaci\u00f3n Ambiental No Formal, Individual e Investigaci\u00f3n.&nbsp;<\/span><\/div>\n<div style=\"text-align: justify;\">&nbsp;<\/div>\n<div style=\"text-align: justify;\"><span style=\"font-size: 14pt; font-family: arial, helvetica, sans-serif;\"><\/span><\/div>\n<div style=\"text-align: justify;\"><span style=\"font-size: 14pt; font-family: arial, helvetica, sans-serif;\">La Secretaria de Desarrollo Sustentable inform\u00f3 que la&nbsp; fecha&nbsp; l\u00edmite para la recepci\u00f3n de propuestas ser\u00e1 el 05 de agosto y el galard\u00f3n ser\u00e1 entregado por el gobernador Quirino Ordaz el pr\u00f3ximo 27 de octubre en la Semana de la Conservaci\u00f3n; para mayor informaci\u00f3n los interesados pueden consultar las bases de esta convocatoria en la p\u00e1gina web www.sedesusinaloa.gob.mx y en las redes sociales de la SEDESU.&nbsp;<\/span><\/div>\n<div>&nbsp;<\/div>\n<div style=\"text-align: justify;\"><span style=\"font-size: 14pt; font-family: arial, helvetica, sans-serif;\"><\/span><\/div>\n<div style=\"text-align: justify;\"><span style=\"font-size: 14pt; font-family: arial, helvetica, sans-serif;\">Y como parte de las actividades por la Semana del Medio Ambiente, la Secretar\u00eda de Desarrollo Sustentable, organizaciones civiles, acad\u00e9micas, empresas socialmente responsables y activistas realizar\u00e1n acciones de conservaci\u00f3n, restauraci\u00f3n y educaci\u00f3n ambiental.&nbsp;<\/span><\/div>\n<div style=\"text-align: justify;\">&nbsp;<\/div>\n<div style=\"text-align: justify;\"><span style=\"font-size: 14pt; font-family: arial, helvetica, sans-serif;\"><\/span><\/div>\n<div style=\"text-align: justify;\"><span style=\"font-size: 14pt; font-family: arial, helvetica, sans-serif;\">Isabel Mendoza Camacho, titular de la SEDESU, consider\u00f3 que ya no basta con proteger el medio ambiente, hay que restaurar los ecosistemas y preservar los que se mantienen en buen estado.&nbsp;<\/span><\/div>\n<div style=\"text-align: justify;\">&nbsp;<\/div>\n<div style=\"text-align: justify;\"><span style=\"font-size: 14pt; font-family: arial, helvetica, sans-serif;\"><\/span><\/div>\n<div style=\"text-align: justify;\"><span style=\"font-size: 14pt; font-family: arial, helvetica, sans-serif;\">\u00abPara el gobierno de Quirino Ordaz Coppel conservar la naturaleza ya no es suficiente, ahora es necesario recuperar el terreno perdido a lo largo y ancho de nuestro estado\u00bb, expres\u00f3.&nbsp;<\/span><\/div>\n<div style=\"text-align: justify;\">&nbsp;<\/div>\n<div style=\"text-align: justify;\"><span style=\"font-size: 14pt; font-family: arial, helvetica, sans-serif;\"><\/span><\/div>\n<div style=\"text-align: justify;\"><span style=\"font-size: 14pt; font-family: arial, helvetica, sans-serif;\">Explic\u00f3 que, en el D\u00eda Mundial del Medio Ambiente, ONU realiz\u00f3 el lanzamiento del Decenio de las Naciones Unidas sobre la Restauraci\u00f3n de los Ecosistemas 2021-2030, que tiene como objetivo no solo la recuperaci\u00f3n de aquellos ecosistemas destruidos o degradados, sino tambi\u00e9n el cuidado y protecci\u00f3n de aquellos que a\u00fan est\u00e1n intactos.&nbsp;<\/span><\/div>\n<div style=\"text-align: justify;\">&nbsp;<\/div>\n<div style=\"text-align: justify;\"><span style=\"font-size: 14pt; font-family: arial, helvetica, sans-serif;\"><\/span><\/div>\n<div style=\"text-align: justify;\"><span style=\"font-size: 14pt; font-family: arial, helvetica, sans-serif;\">\u00abUnos ecosistemas saludables tienen m\u00faltiples beneficios para la vida en la Tierra desde ayudar a contar con una biodiversidad mucho m\u00e1s rica junto con unos suelos m\u00e1s f\u00e9rtiles y con mayor rendimiento hasta garantizar y mejorar la lucha contra el cambio clim\u00e1tico\u00bb, indic\u00f3.&nbsp;<\/span><\/div>\n<div style=\"text-align: justify;\">&nbsp;<\/div>\n<div style=\"text-align: justify;\"><span style=\"font-size: 14pt; font-family: arial, helvetica, sans-serif;\"><\/span><\/div>\n<div style=\"text-align: justify;\"><span style=\"font-size: 14pt; font-family: arial, helvetica, sans-serif;\">Mendoza Camacho agreg\u00f3 que entre las principales actividades se encuentra un conversatorio sobre los oc\u00e9anos con Dolores Barrientos, representante en M\u00e9xico del Programa ONU-Medio Ambiente; limpieza del sistema lagunar Navachiste; distintas reforestaciones, distribuci\u00f3n de bolsas textiles de la campa\u00f1a #SinaloaSinPl\u00e1sticos, la develaci\u00f3n de un mural, una convocatoria para premiar el reciclaje en parques, la limpieza masiva de 4 kil\u00f3metros de playas en Mazatl\u00e1n, entre otras.&nbsp;<\/span><\/div>\n<div style=\"text-align: justify;\">&nbsp;<\/div>\n<div style=\"text-align: justify;\">&nbsp;<\/div>\n<div style=\"text-align: justify;\"><span style=\"font-size: 14pt; font-family: arial, helvetica, sans-serif;\">REDACCI\u00d3N\/VISI\u00d3N CIUDADANA.<\/span><\/div>\n<div style=\"text-align: justify;\"><span style=\"font-size: 14pt; font-family: arial, helvetica, sans-serif;\"><\/span><\/div>\n","protected":false},"excerpt":{"rendered":"<p>&nbsp; Para reconocer las acciones a favor del medio ambiente, el gobierno de Sinaloa, a trav\u00e9s de la Secretar\u00eda de Desarrollo Sustentable, lanz\u00f3 la convocatoria para el Premio Estatal al M\u00e9rito Ecol\u00f3gico 2021, el cual busca destacar las labores y proyectos de gran trascendencia que se han hecho en pro de la preservaci\u00f3n, conservaci\u00f3n, restauraci\u00f3n [&hellip;]<\/p>\n","protected":false},"author":1,"featured_media":778,"comment_status":"closed","ping_status":"closed","sticky":false,"template":"","format":"standard","meta":{"footnotes":""},"categories":[24],"tags":[],"ppma_author":[31],"class_list":["post-16998","post","type-post","status-publish","format-standard","has-post-thumbnail","hentry","category-relevantes"],"aioseo_notices":[],"authors":[{"term_id":31,"user_id":1,"is_guest":0,"slug":"ivan3vino","display_name":"Iv\u00e1n Trevi\u00f1o","avatar_url":{"url":"https:\/\/visionciudadana.com.mx\/oficial\/wp-content\/uploads\/2025\/09\/columna-ivan-Trevino.png","url2x":"https:\/\/visionciudadana.com.mx\/oficial\/wp-content\/uploads\/2025\/09\/columna-ivan-Trevino.png"},"0":null,"1":"","2":"","3":"","4":"","5":"","6":"","7":"","8":""}],"_links":{"self":[{"href":"https:\/\/visionciudadana.com.mx\/oficial\/wp-json\/wp\/v2\/posts\/16998","targetHints":{"allow":["GET"]}}],"collection":[{"href":"https:\/\/visionciudadana.com.mx\/oficial\/wp-json\/wp\/v2\/posts"}],"about":[{"href":"https:\/\/visionciudadana.com.mx\/oficial\/wp-json\/wp\/v2\/types\/post"}],"author":[{"embeddable":true,"href":"https:\/\/visionciudadana.com.mx\/oficial\/wp-json\/wp\/v2\/users\/1"}],"replies":[{"embeddable":true,"href":"https:\/\/visionciudadana.com.mx\/oficial\/wp-json\/wp\/v2\/comments?post=16998"}],"version-history":[{"count":1,"href":"https:\/\/visionciudadana.com.mx\/oficial\/wp-json\/wp\/v2\/posts\/16998\/revisions"}],"predecessor-version":[{"id":30979,"href":"https:\/\/visionciudadana.com.mx\/oficial\/wp-json\/wp\/v2\/posts\/16998\/revisions\/30979"}],"wp:featuredmedia":[{"embeddable":true,"href":"https:\/\/visionciudadana.com.mx\/oficial\/wp-json\/wp\/v2\/posts\/778"}],"wp:attachment":[{"href":"https:\/\/visionciudadana.com.mx\/oficial\/wp-json\/wp\/v2\/media?parent=16998"}],"wp:term":[{"taxonomy":"category","embeddable":true,"href":"https:\/\/visionciudadana.com.mx\/oficial\/wp-json\/wp\/v2\/categories?post=16998"},{"taxonomy":"post_tag","embeddable":true,"href":"https:\/\/visionciudadana.com.mx\/oficial\/wp-json\/wp\/v2\/tags?post=16998"},{"taxonomy":"author","embeddable":true,"href":"https:\/\/visionciudadana.com.mx\/oficial\/wp-json\/wp\/v2\/ppma_author?post=16998"}],"curies":[{"name":"wp","href":"https:\/\/api.w.org\/{rel}","templated":true}]}}