{"id":16995,"date":"2021-06-07T18:16:34","date_gmt":"2021-06-07T18:16:34","guid":{"rendered":"https:\/\/visionciudadana.com.mx\/chio\/2021\/06\/07\/conteo-rapido-del-iees-determina-la-victoria-de-ruben-rocha-moya-gobernador-de-sinaloa\/"},"modified":"2025-06-25T00:12:16","modified_gmt":"2025-06-25T00:12:16","slug":"conteo-rapido-del-iees-determina-la-victoria-de-ruben-rocha-moya-gobernador-de-sinaloa","status":"publish","type":"post","link":"https:\/\/visionciudadana.com.mx\/oficial\/2021\/06\/07\/conteo-rapido-del-iees-determina-la-victoria-de-ruben-rocha-moya-gobernador-de-sinaloa\/","title":{"rendered":"Conteo r\u00e1pido del IEES determina la victoria de Rub\u00e9n Rocha Moya, gobernador de Sinaloa"},"content":{"rendered":"<p><img fetchpriority=\"high\" decoding=\"async\" src=\"images\/2021\/junio21\/gano.jpg\" alt=\"gano\" width=\"780\" height=\"420\" style=\"display: block; margin: 20px auto;\" \/><\/p>\n<div>\n<p>&nbsp;<\/p>\n<p class=\"x_MsoNormal\" style=\"text-align: justify;\"><span style=\"font-size: 14pt; font-family: arial, helvetica, sans-serif;\">El candidato de los partidos de MORENA y PAS y virtual ganador a la gubernatura de Sinaloa, Rub\u00e9n Rocha Moya, afirm\u00f3 que de acuerdo con los datos preliminares del Programa de Resultados Electorales Preliminares (PREP) del Instituto Nacional Electoral, el movimiento que encabeza se extendi\u00f3 de manera uniforme por todo Sinaloa.<\/span><\/p>\n<p style=\"text-align: justify;\">&nbsp;<\/p>\n<p class=\"x_MsoNormal\" style=\"text-align: justify;\"><span style=\"font-size: 14pt; font-family: arial, helvetica, sans-serif;\">Seg\u00fan los datos recibidos a las 00:00 hora del centro del 7 de junio, 23:00 horas del pac\u00edfico del d\u00eda 6 de junio, en el Comit\u00e9 T\u00e9cnico Asesor del Instituto Electoral del Estado de Sinaloa revelan que el porcentaje para el candidato Ruben Rocha Moya es de 58.4, mientras que su m\u00e1s cercano seguidor solo obtuvo 33.7.<\/span><\/p>\n<p style=\"text-align: justify;\">&nbsp;<\/p>\n<p class=\"x_MsoNormal\" style=\"text-align: justify;\"><span style=\"font-size: 14pt; font-family: arial, helvetica, sans-serif;\">Rocha Moya agreg\u00f3 que la mancha morenista se hizo m\u00e1s fuerte y con el apoyo de la mancha pasista se fortaleci\u00f3, gracias al apoyo de las y los sinaloenses que creen en la transformaci\u00f3n del estado.<\/span><\/p>\n<p style=\"text-align: justify;\">&nbsp;<\/p>\n<p class=\"x_MsoNormal\" style=\"text-align: justify;\"><span style=\"font-size: 14pt; font-family: arial, helvetica, sans-serif;\">\u201cImporta mucho que nos preparemos para gobernar, necesitamos tener las cuentas claras, vamos adelante en la gubernatura, pero tambi\u00e9n en las 7 diputaciones federales, la tendencia en las 24 diputaciones locales tambi\u00e9n nos favorece, la tendencia en los 18 municipios nos favorece\u201d destac\u00f3.<\/span><\/p>\n<p style=\"text-align: justify;\">&nbsp;<\/p>\n<p class=\"x_MsoNormal\" style=\"text-align: justify;\"><span style=\"font-size: 14pt; font-family: arial, helvetica, sans-serif;\">Rub\u00e9n Rocha, quien estuvo acompa\u00f1ado de sus hijos: Eneyda, Rub\u00e9n, Ricardo y Jos\u00e9 Jes\u00fas, recalc\u00f3 que con la ventaja de los primeros resultados oficiales es imposible que el proceso electoral se pueda judicializar, es decir, \u201cno existe ninguna posibilidad de revertirse o de remontar esta ventaja, este triunfo es de todos ustedes\u201d.<\/span><\/p>\n<p style=\"text-align: justify;\">&nbsp;<\/p>\n<p class=\"x_MsoNormal\" style=\"text-align: justify;\"><span style=\"font-size: 14pt; font-family: arial, helvetica, sans-serif;\">Reiter\u00f3 su llamado a todas las mujeres y hombres de la entidad a la unidad y reconciliaci\u00f3n para lograr la transformaci\u00f3n del estado, ya que este es el compromiso que hizo con Sinaloa, M\u00e9xico y con el presidente Andr\u00e9s Manuel L\u00f3pez Obrador.<\/span><\/p>\n<p style=\"text-align: justify;\">&nbsp;<\/p>\n<p class=\"x_MsoNormal\" style=\"text-align: justify;\"><span style=\"font-size: 14pt; font-family: arial, helvetica, sans-serif;\">En el evento de celebraci\u00f3n que se llev\u00f3 a cabo en el comit\u00e9 de campa\u00f1a estuvieron presentes el presidente estatal del Partido Sinaloense, H\u00e9ctor Melesio Cu\u00e9n Ojeda; el delegado del Comit\u00e9 Ejecutivo Nacional de Morena en Sinaloa, Am\u00e9rico Villarreal Anaya; la secretaria nacional de Mujeres de Morena, Carol Arriaga; la senadora Imelda Castro Castro.<\/span><\/p>\n<\/div>\n<div style=\"text-align: justify;\"><span style=\"font-size: 14pt; font-family: arial, helvetica, sans-serif;\"><\/span><\/div>\n<div style=\"text-align: justify;\">&nbsp;<\/div>\n<div style=\"text-align: justify;\"><span style=\"font-size: 14pt; font-family: arial, helvetica, sans-serif;\">REDACCION\/VISI\u00d3N CIUDADANA.<\/span><\/div>\n","protected":false},"excerpt":{"rendered":"<p>&nbsp; El candidato de los partidos de MORENA y PAS y virtual ganador a la gubernatura de Sinaloa, Rub\u00e9n Rocha Moya, afirm\u00f3 que de acuerdo con los datos preliminares del Programa de Resultados Electorales Preliminares (PREP) del Instituto Nacional Electoral, el movimiento que encabeza se extendi\u00f3 de manera uniforme por todo Sinaloa. &nbsp; Seg\u00fan los [&hellip;]<\/p>\n","protected":false},"author":1,"featured_media":773,"comment_status":"closed","ping_status":"closed","sticky":false,"template":"","format":"standard","meta":{"footnotes":""},"categories":[24],"tags":[],"ppma_author":[31],"class_list":["post-16995","post","type-post","status-publish","format-standard","has-post-thumbnail","hentry","category-relevantes"],"aioseo_notices":[],"authors":[{"term_id":31,"user_id":1,"is_guest":0,"slug":"ivan3vino","display_name":"Iv\u00e1n Trevi\u00f1o","avatar_url":{"url":"https:\/\/visionciudadana.com.mx\/oficial\/wp-content\/uploads\/2025\/09\/columna-ivan-Trevino.png","url2x":"https:\/\/visionciudadana.com.mx\/oficial\/wp-content\/uploads\/2025\/09\/columna-ivan-Trevino.png"},"0":null,"1":"","2":"","3":"","4":"","5":"","6":"","7":"","8":""}],"_links":{"self":[{"href":"https:\/\/visionciudadana.com.mx\/oficial\/wp-json\/wp\/v2\/posts\/16995","targetHints":{"allow":["GET"]}}],"collection":[{"href":"https:\/\/visionciudadana.com.mx\/oficial\/wp-json\/wp\/v2\/posts"}],"about":[{"href":"https:\/\/visionciudadana.com.mx\/oficial\/wp-json\/wp\/v2\/types\/post"}],"author":[{"embeddable":true,"href":"https:\/\/visionciudadana.com.mx\/oficial\/wp-json\/wp\/v2\/users\/1"}],"replies":[{"embeddable":true,"href":"https:\/\/visionciudadana.com.mx\/oficial\/wp-json\/wp\/v2\/comments?post=16995"}],"version-history":[{"count":1,"href":"https:\/\/visionciudadana.com.mx\/oficial\/wp-json\/wp\/v2\/posts\/16995\/revisions"}],"predecessor-version":[{"id":30982,"href":"https:\/\/visionciudadana.com.mx\/oficial\/wp-json\/wp\/v2\/posts\/16995\/revisions\/30982"}],"wp:featuredmedia":[{"embeddable":true,"href":"https:\/\/visionciudadana.com.mx\/oficial\/wp-json\/wp\/v2\/media\/773"}],"wp:attachment":[{"href":"https:\/\/visionciudadana.com.mx\/oficial\/wp-json\/wp\/v2\/media?parent=16995"}],"wp:term":[{"taxonomy":"category","embeddable":true,"href":"https:\/\/visionciudadana.com.mx\/oficial\/wp-json\/wp\/v2\/categories?post=16995"},{"taxonomy":"post_tag","embeddable":true,"href":"https:\/\/visionciudadana.com.mx\/oficial\/wp-json\/wp\/v2\/tags?post=16995"},{"taxonomy":"author","embeddable":true,"href":"https:\/\/visionciudadana.com.mx\/oficial\/wp-json\/wp\/v2\/ppma_author?post=16995"}],"curies":[{"name":"wp","href":"https:\/\/api.w.org\/{rel}","templated":true}]}}