{"id":16994,"date":"2021-06-07T18:09:11","date_gmt":"2021-06-07T18:09:11","guid":{"rendered":"https:\/\/visionciudadana.com.mx\/chio\/2021\/06\/07\/hemos-ganado-la-eleccion-ahora-vienen-tiempos-de-esperanza-y-justicia-para-sinaloa-rocha\/"},"modified":"2025-06-25T00:12:16","modified_gmt":"2025-06-25T00:12:16","slug":"hemos-ganado-la-eleccion-ahora-vienen-tiempos-de-esperanza-y-justicia-para-sinaloa-rocha","status":"publish","type":"post","link":"https:\/\/visionciudadana.com.mx\/oficial\/2021\/06\/07\/hemos-ganado-la-eleccion-ahora-vienen-tiempos-de-esperanza-y-justicia-para-sinaloa-rocha\/","title":{"rendered":"\u201cHemos ganado la elecci\u00f3n; ahora vienen tiempos de esperanza y justicia para Sinaloa\u201d: Rocha"},"content":{"rendered":"<p>&nbsp;<\/p>\n<div>&nbsp;<img fetchpriority=\"high\" decoding=\"async\" src=\"images\/2021\/junio21\/gane.jpg\" alt=\"gane\" width=\"780\" height=\"420\" style=\"display: block; margin: 20px auto;\" \/><\/div>\n<div>&nbsp;<\/div>\n<div style=\"text-align: justify;\"><span style=\"font-size: 14pt; font-family: arial, helvetica, sans-serif;\">En conferencia de prensa tras el cierre de las casillas en la jornada electoral, el candidato de la alianza Morena-PAS a la gubernatura, Rub\u00e9n Rocha Moya, afirm\u00f3 categ\u00f3rico que de acuerdo con las encuestas de salida gan\u00f3 la elecci\u00f3n con m\u00e1s de 20 puntos de ventaja y ahora con la instalaci\u00f3n de la Cuarta Transformaci\u00f3n en Sinaloa iniciar\u00e1n nuevos tiempos de esperanza y justicia.<\/span><\/div>\n<div style=\"text-align: justify;\"><span style=\"font-size: 14pt; font-family: arial, helvetica, sans-serif;\"><\/span><\/div>\n<div style=\"text-align: justify;\"><span style=\"font-size: 14pt; font-family: arial, helvetica, sans-serif;\"><\/span><\/div>\n<div style=\"text-align: justify;\"><span style=\"font-size: 14pt; font-family: arial, helvetica, sans-serif;\">\u201cEstamos en condiciones de informarles a ustedes que hemos ganado la elecci\u00f3n; nuestro presidente nacional, Mario Delgado, ya lo ha dado a conocer porque el Comit\u00e9 Ejecutivo Nacional realiz\u00f3 una encuesta de salida; nosotros tambi\u00e9n tenemos documentaci\u00f3n que nos da una tendencia, pero tenemos encuestas de salida que nos dan los n\u00fameros m\u00e1s claros y contundentes: nosotros hemos ganado con m\u00e1s de 20 puntos\u201d, puntualiz\u00f3.<\/span><\/div>\n<div style=\"text-align: justify;\"><span style=\"font-size: 14pt; font-family: arial, helvetica, sans-serif;\"><\/span><\/div>\n<div style=\"text-align: justify;\"><span style=\"font-size: 14pt; font-family: arial, helvetica, sans-serif;\"><\/span><\/div>\n<div style=\"text-align: justify;\"><span style=\"font-size: 14pt; font-family: arial, helvetica, sans-serif;\">La encuesta de salida de Enkoll arroj\u00f3 53 puntos para Rub\u00e9n Rocha Moya sobre 33.3 de su m\u00e1s cercano contendiente.<\/span><\/div>\n<div style=\"text-align: justify;\"><span style=\"font-size: 14pt; font-family: arial, helvetica, sans-serif;\"><\/span><\/div>\n<div style=\"text-align: justify;\"><span style=\"font-size: 14pt; font-family: arial, helvetica, sans-serif;\"><\/span><\/div>\n<div style=\"text-align: justify;\"><span style=\"font-size: 14pt; font-family: arial, helvetica, sans-serif;\">Acompa\u00f1ado por el presidente estatal del Partido Sinaloense, H\u00e9ctor Melesio Cu\u00e9n Ojeda, y el delegado del Comit\u00e9 Ejecutivo Nacional de Morena en Sinaloa, Am\u00e9rico Villarreal Anaya, se\u00f1al\u00f3 que la ventaja se\u00f1alada por las encuestas de salida se ver\u00e1 refleja la noche de este domingo en el Programa de Resultados Preliminares, y es una diferencia irremontable y debidamente certificada.<\/span><\/div>\n<div style=\"text-align: justify;\"><span style=\"font-size: 14pt; font-family: arial, helvetica, sans-serif;\"><\/span><\/div>\n<div style=\"text-align: justify;\"><span style=\"font-size: 14pt; font-family: arial, helvetica, sans-serif;\"><\/span><\/div>\n<div style=\"text-align: justify;\"><span style=\"font-size: 14pt; font-family: arial, helvetica, sans-serif;\">\u201cYa termin\u00f3 la campa\u00f1a, ahora empezamos con un discurso sobre todo de unidad; es una convocatoria de unidad a todos los sinaloenses, a los que votaron por m\u00ed y tambi\u00e9n a los que no lo hicieron; la Cuarta Transformaci\u00f3n es muy amplia incluye a todas y todos los sinaloenses; no hay exclusiones y queremos nosotros trabajar para que Sinaloa inicie tiempos nuevos, los tiempos de la esperanza y los tiempos de la justicia para la gente que menos tiene\u201d, manifest\u00f3.<\/span><\/div>\n<div style=\"text-align: justify;\"><span style=\"font-size: 14pt; font-family: arial, helvetica, sans-serif;\"><\/span><\/div>\n<div style=\"text-align: justify;\"><span style=\"font-size: 14pt; font-family: arial, helvetica, sans-serif;\"><\/span><\/div>\n<div style=\"text-align: justify;\"><span style=\"font-size: 14pt; font-family: arial, helvetica, sans-serif;\">El candidato ganador ratific\u00f3 el lema insignia del presidente Andr\u00e9s Manuel L\u00f3pez Obrador que inspira al movimiento de transformaci\u00f3n: \u201cPor el bien de todos, primero los pobres\u201d.<\/span><\/div>\n<div style=\"text-align: justify;\"><span style=\"font-size: 14pt; font-family: arial, helvetica, sans-serif;\"><\/span><\/div>\n<div style=\"text-align: justify;\"><span style=\"font-size: 14pt; font-family: arial, helvetica, sans-serif;\"><\/span><\/div>\n<div style=\"text-align: justify;\"><span style=\"font-size: 14pt; font-family: arial, helvetica, sans-serif;\">Rub\u00e9n Rocha Moya estuvo acompa\u00f1ado en la conferencia del triunfo por sus hijos: Eneyda, Rub\u00e9n, Ricardo y Jos\u00e9 Jes\u00fas; as\u00ed como por la senadora Imelda Castro Castro y la secretaria nacional de Mujeres de Morena, Carol Arriaga.<\/span><\/div>\n<div style=\"text-align: justify;\">&nbsp;<\/div>\n<div style=\"text-align: justify;\">&nbsp;<\/div>\n<div style=\"text-align: justify;\"><span style=\"font-size: 14pt; font-family: arial, helvetica, sans-serif;\">REDACCI\u00d3N\/VISI\u00d3N CIUDADANA.<\/span><\/div>\n","protected":false},"excerpt":{"rendered":"<p>&nbsp; &nbsp; &nbsp; En conferencia de prensa tras el cierre de las casillas en la jornada electoral, el candidato de la alianza Morena-PAS a la gubernatura, Rub\u00e9n Rocha Moya, afirm\u00f3 categ\u00f3rico que de acuerdo con las encuestas de salida gan\u00f3 la elecci\u00f3n con m\u00e1s de 20 puntos de ventaja y ahora con la instalaci\u00f3n de [&hellip;]<\/p>\n","protected":false},"author":1,"featured_media":771,"comment_status":"closed","ping_status":"closed","sticky":false,"template":"","format":"standard","meta":{"footnotes":""},"categories":[24],"tags":[],"ppma_author":[31],"class_list":["post-16994","post","type-post","status-publish","format-standard","has-post-thumbnail","hentry","category-relevantes"],"aioseo_notices":[],"authors":[{"term_id":31,"user_id":1,"is_guest":0,"slug":"ivan3vino","display_name":"Iv\u00e1n Trevi\u00f1o","avatar_url":{"url":"https:\/\/visionciudadana.com.mx\/oficial\/wp-content\/uploads\/2025\/09\/columna-ivan-Trevino.png","url2x":"https:\/\/visionciudadana.com.mx\/oficial\/wp-content\/uploads\/2025\/09\/columna-ivan-Trevino.png"},"0":null,"1":"","2":"","3":"","4":"","5":"","6":"","7":"","8":""}],"_links":{"self":[{"href":"https:\/\/visionciudadana.com.mx\/oficial\/wp-json\/wp\/v2\/posts\/16994","targetHints":{"allow":["GET"]}}],"collection":[{"href":"https:\/\/visionciudadana.com.mx\/oficial\/wp-json\/wp\/v2\/posts"}],"about":[{"href":"https:\/\/visionciudadana.com.mx\/oficial\/wp-json\/wp\/v2\/types\/post"}],"author":[{"embeddable":true,"href":"https:\/\/visionciudadana.com.mx\/oficial\/wp-json\/wp\/v2\/users\/1"}],"replies":[{"embeddable":true,"href":"https:\/\/visionciudadana.com.mx\/oficial\/wp-json\/wp\/v2\/comments?post=16994"}],"version-history":[{"count":1,"href":"https:\/\/visionciudadana.com.mx\/oficial\/wp-json\/wp\/v2\/posts\/16994\/revisions"}],"predecessor-version":[{"id":30983,"href":"https:\/\/visionciudadana.com.mx\/oficial\/wp-json\/wp\/v2\/posts\/16994\/revisions\/30983"}],"wp:featuredmedia":[{"embeddable":true,"href":"https:\/\/visionciudadana.com.mx\/oficial\/wp-json\/wp\/v2\/media\/771"}],"wp:attachment":[{"href":"https:\/\/visionciudadana.com.mx\/oficial\/wp-json\/wp\/v2\/media?parent=16994"}],"wp:term":[{"taxonomy":"category","embeddable":true,"href":"https:\/\/visionciudadana.com.mx\/oficial\/wp-json\/wp\/v2\/categories?post=16994"},{"taxonomy":"post_tag","embeddable":true,"href":"https:\/\/visionciudadana.com.mx\/oficial\/wp-json\/wp\/v2\/tags?post=16994"},{"taxonomy":"author","embeddable":true,"href":"https:\/\/visionciudadana.com.mx\/oficial\/wp-json\/wp\/v2\/ppma_author?post=16994"}],"curies":[{"name":"wp","href":"https:\/\/api.w.org\/{rel}","templated":true}]}}