{"id":16993,"date":"2021-06-07T18:04:23","date_gmt":"2021-06-07T18:04:23","guid":{"rendered":"https:\/\/visionciudadana.com.mx\/chio\/2021\/06\/07\/salir-a-votar-es-la-mejor-estrategia-para-demostrar-que-se-quiere-un-sinaloa-en-paz-rector\/"},"modified":"2025-06-25T00:12:17","modified_gmt":"2025-06-25T00:12:17","slug":"salir-a-votar-es-la-mejor-estrategia-para-demostrar-que-se-quiere-un-sinaloa-en-paz-rector","status":"publish","type":"post","link":"https:\/\/visionciudadana.com.mx\/oficial\/2021\/06\/07\/salir-a-votar-es-la-mejor-estrategia-para-demostrar-que-se-quiere-un-sinaloa-en-paz-rector\/","title":{"rendered":"Salir a votar es la mejor estrategia para demostrar que se quiere un Sinaloa en paz: Rector"},"content":{"rendered":"<p>&nbsp;<\/p>\n<p class=\"x_MsoNormal\" align=\"right\"><img fetchpriority=\"high\" decoding=\"async\" src=\"images\/2021\/junio21\/salir-a-votar.jpg\" alt=\"salir a votar\" width=\"780\" height=\"420\" style=\"display: block; margin: 20px auto;\" \/><\/p>\n<p class=\"x_MsoNormal\" style=\"text-align: justify;\"><span lang=\"ES\"><\/span><span lang=\"ES\" style=\"font-size: 14pt; font-family: arial, helvetica, sans-serif;\">Salir a votar y hacer valer la decisi\u00f3n como ciudadano es la mejor estrategia para demostrar que se quiere un Sinaloa en paz, de respeto y de tranquilidad, opin\u00f3 el Rector de la Universidad Aut\u00f3noma de Sinaloa (UAS), doctor Juan Eulogio Guerra Liera, al acudir a emitir su sufragio y condenar los hechos de violencia que se han registrado en Sinaloa y en otras entidades del pa\u00eds.<\/span><\/p>\n<p class=\"x_MsoNormal\" style=\"text-align: justify;\"><span lang=\"ES\" style=\"font-size: 14pt; font-family: arial, helvetica, sans-serif;\"><\/span><\/p>\n<p class=\"x_MsoNormal\" style=\"text-align: justify;\"><span lang=\"ES\" style=\"font-size: 14pt; font-family: arial, helvetica, sans-serif;\">El Rector lleg\u00f3 en punto de las 10:00 horas de este domingo a la Casilla Contigua-2, Secci\u00f3n 0885 del Distrito 14, ubicada en las instalaciones del Colegio del Valle, acompa\u00f1ado de su familia: su esposa y sus tres hijos, para cumplir con este deber ciudadano.<\/span><\/p>\n<p class=\"x_MsoNormal\" style=\"text-align: justify;\"><span lang=\"ES\" style=\"font-size: 14pt; font-family: arial, helvetica, sans-serif;\"><\/span><\/p>\n<p class=\"x_MsoNormal\" style=\"text-align: justify;\"><span lang=\"ES\" style=\"font-size: 14pt; font-family: arial, helvetica, sans-serif;\">\u201cVenimos en familia a emitir el voto, esperando que esto se sume, y que al final quien salga adelante en este conteo asuma democr\u00e1ticamente el respeto a quienes no llegan, y quienes no ganaron reconozcan y asuman tambi\u00e9n de manera muy democr\u00e1tica a quien haya podido arribar a la posici\u00f3n que ellos buscaban\u201d, expres\u00f3 Guerra Liera antes de llegar a las urnas.<\/span><\/p>\n<p class=\"x_MsoNormal\" style=\"text-align: justify;\"><span lang=\"ES\" style=\"font-size: 14pt; font-family: arial, helvetica, sans-serif;\"><\/span><\/p>\n<p class=\"x_MsoNormal\" style=\"text-align: justify;\"><span lang=\"ES\" style=\"font-size: 14pt; font-family: arial, helvetica, sans-serif;\">\u201cEspero que este d\u00eda haya una asistencia masiva de la ciudadan\u00eda y en segundo momento que lo que se decida a trav\u00e9s del voto se respete, que nos den garant\u00eda de la comparecencia p\u00fablica al emitir el voto de tranquilidad, de seguridad y posterior al conteo de los mismos una seguridad de que se va a respetar, creo que eso esperamos los ciudadanos, hoy libremente venimos a emitir el voto por quien consideramos: el individuo o el partido de nuestra preferencia y sobre esa base el llamado es a aceptar el resultado&nbsp; independientemente que coincida o no con nuestra opini\u00f3n individual\u201d, reiter\u00f3.<\/span><\/p>\n<p class=\"x_MsoNormal\" style=\"text-align: justify;\"><span lang=\"ES\" style=\"font-size: 14pt; font-family: arial, helvetica, sans-serif;\"><\/span><\/p>\n<p class=\"x_MsoNormal\" style=\"text-align: justify;\"><span lang=\"ES\" style=\"font-size: 14pt; font-family: arial, helvetica, sans-serif;\">El Rector conden\u00f3 el clima de violencia que se ha registrado durante el proceso electoral y que este a\u00f1o lleg\u00f3 a Sinaloa con la privaci\u00f3n de la libertad de algunos militantes de partido.<\/span><\/p>\n<p class=\"x_MsoNormal\" style=\"text-align: justify;\"><span lang=\"ES\" style=\"font-size: 14pt; font-family: arial, helvetica, sans-serif;\"><\/span><\/p>\n<p class=\"x_MsoNormal\" style=\"text-align: justify;\"><span lang=\"ES\" style=\"font-size: 14pt; font-family: arial, helvetica, sans-serif;\">\u201cSon hechos condenables, no debemos permitir que en un evento democr\u00e1tico se cambie la fuerza de los argumentos y las propuestas por la violencia y el temor, lo que esperamos es que las autoridades esclarezcan esto, que no se repita, que los afectados regresen a sus hogares sin mayor da\u00f1o\u201d, extern\u00f3.<\/span><\/p>\n<p class=\"x_MsoNormal\" style=\"text-align: justify;\"><span lang=\"ES\" style=\"font-size: 14pt; font-family: arial, helvetica, sans-serif;\"><\/span><\/p>\n<p class=\"x_MsoNormal\" style=\"text-align: justify;\"><span lang=\"ES\" style=\"font-size: 14pt; font-family: arial, helvetica, sans-serif;\">Indic\u00f3 que no solo en Sinaloa, sino a nivel nacional se ha registrado un clima de violencia, lo que representa un indicador muy negativo para la democracia, ante lo cual se debe salir a votar para que esta campa\u00f1a de miedo no impacte negativamente y no permitir que ning\u00fan pol\u00edtico, partido o asociaci\u00f3n utilice este mecanismo para meter miedo, para persuadir a la gente a que no salga a votar o inclusive para se\u00f1alar o acusar a uno u otro candidato o partido de estos posibles eventos.<\/span><\/p>\n<p class=\"x_MsoNormal\" style=\"text-align: justify;\"><span lang=\"ES\" style=\"font-size: 14pt; font-family: arial, helvetica, sans-serif;\"><\/span><\/p>\n<p class=\"x_MsoNormal\" style=\"text-align: justify;\"><span lang=\"ES\" style=\"font-size: 14pt; font-family: arial, helvetica, sans-serif;\">\u201cComo nunca el clima de violencia se ha dejado ver, m\u00e1s de ochenta y tantos candidatos o militantes, o apoyadores de partidos pol\u00edticos han sido v\u00edctimas de la violencia, m\u00e1s de treinta y tantos asesinatos, en este caso yo creo que la respuesta m\u00e1s contundente de la sociedad debe ser salir, emitir su voto, que esto no nos inhiba, los sinaloenses somos gente que manifestamos nuestras propuestas y las defendemos, es el momento: hay que salir, hay que ubicar nuestra urna, manifestar lo que deseamos independientemente que al final eso salga o no, abrazar el resultado final, respetar quien llegue a la gubernatura, a las presidencias municipales, a las diputaciones y asumirlo como parte de un ejercicio plenamente democr\u00e1tico\u201d, consider\u00f3.&nbsp;&nbsp;&nbsp;<\/span><\/p>\n<p class=\"x_MsoNormal\" style=\"text-align: justify;\"><span lang=\"ES\" style=\"font-size: 14pt; font-family: arial, helvetica, sans-serif;\"><\/span><\/p>\n<p class=\"x_MsoNormal\" style=\"text-align: justify;\"><span lang=\"ES\" style=\"font-size: 14pt; font-family: arial, helvetica, sans-serif;\">El dirigente universitario confi\u00f3 en que la jornada de este d\u00eda transcurra de manera tranquila, y que la asistencia de ciudadanos en las urnas sea grande, que emita su voto de manera razonada, libre y que impere un buen clima que no inhiba la vocaci\u00f3n c\u00edvica para elegir autoridades.<\/span><\/p>\n<p class=\"x_MsoNormal\" style=\"text-align: justify;\"><span lang=\"ES\" style=\"font-size: 14pt; font-family: arial, helvetica, sans-serif;\"><\/span><\/p>\n<p class=\"x_MsoNormal\" style=\"text-align: justify;\"><span lang=\"ES\" style=\"font-size: 14pt; font-family: arial, helvetica, sans-serif;\">Tambi\u00e9n dijo que espera que los j\u00f3venes que por primera vez votar\u00e1n, muestren su madurez en la elecci\u00f3n de sus autoridades, los llam\u00f3 a salir a votar de manera consciente de lo que implica para el estado este ejercicio democr\u00e1tico y que esto marcar\u00e1 de alguna manera el futuro de la entidad.<\/span><\/p>\n<p style=\"text-align: justify;\">&nbsp;<\/p>\n<p style=\"text-align: justify;\">&nbsp;<\/p>\n<p style=\"text-align: justify;\"><span style=\"font-size: 14pt; font-family: arial, helvetica, sans-serif;\">REDACCI\u00d3N\/VISI\u00d3N CIUDADANA.<\/span><\/p>\n<p class=\"x_MsoNormal\" style=\"text-align: justify;\"><span lang=\"ES\" style=\"font-size: 14pt; font-family: arial, helvetica, sans-serif;\"><\/span><\/p>\n<p class=\"x_MsoNormal\" style=\"text-align: justify;\"><span lang=\"ES\" style=\"font-size: 14pt; font-family: arial, helvetica, sans-serif;\"><\/span><\/p>\n<div style=\"text-align: justify;\"><span style=\"font-size: 14pt; font-family: arial, helvetica, sans-serif;\"><\/span><\/div>\n<div style=\"text-align: justify;\"><span style=\"font-size: 14pt; font-family: arial, helvetica, sans-serif;\"><\/span><\/div>\n","protected":false},"excerpt":{"rendered":"<p>&nbsp; Salir a votar y hacer valer la decisi\u00f3n como ciudadano es la mejor estrategia para demostrar que se quiere un Sinaloa en paz, de respeto y de tranquilidad, opin\u00f3 el Rector de la Universidad Aut\u00f3noma de Sinaloa (UAS), doctor Juan Eulogio Guerra Liera, al acudir a emitir su sufragio y condenar los hechos de [&hellip;]<\/p>\n","protected":false},"author":1,"featured_media":769,"comment_status":"closed","ping_status":"closed","sticky":false,"template":"","format":"standard","meta":{"footnotes":""},"categories":[24],"tags":[],"ppma_author":[31],"class_list":["post-16993","post","type-post","status-publish","format-standard","has-post-thumbnail","hentry","category-relevantes"],"aioseo_notices":[],"authors":[{"term_id":31,"user_id":1,"is_guest":0,"slug":"ivan3vino","display_name":"Iv\u00e1n Trevi\u00f1o","avatar_url":{"url":"https:\/\/visionciudadana.com.mx\/oficial\/wp-content\/uploads\/2025\/09\/columna-ivan-Trevino.png","url2x":"https:\/\/visionciudadana.com.mx\/oficial\/wp-content\/uploads\/2025\/09\/columna-ivan-Trevino.png"},"0":null,"1":"","2":"","3":"","4":"","5":"","6":"","7":"","8":""}],"_links":{"self":[{"href":"https:\/\/visionciudadana.com.mx\/oficial\/wp-json\/wp\/v2\/posts\/16993","targetHints":{"allow":["GET"]}}],"collection":[{"href":"https:\/\/visionciudadana.com.mx\/oficial\/wp-json\/wp\/v2\/posts"}],"about":[{"href":"https:\/\/visionciudadana.com.mx\/oficial\/wp-json\/wp\/v2\/types\/post"}],"author":[{"embeddable":true,"href":"https:\/\/visionciudadana.com.mx\/oficial\/wp-json\/wp\/v2\/users\/1"}],"replies":[{"embeddable":true,"href":"https:\/\/visionciudadana.com.mx\/oficial\/wp-json\/wp\/v2\/comments?post=16993"}],"version-history":[{"count":1,"href":"https:\/\/visionciudadana.com.mx\/oficial\/wp-json\/wp\/v2\/posts\/16993\/revisions"}],"predecessor-version":[{"id":30984,"href":"https:\/\/visionciudadana.com.mx\/oficial\/wp-json\/wp\/v2\/posts\/16993\/revisions\/30984"}],"wp:featuredmedia":[{"embeddable":true,"href":"https:\/\/visionciudadana.com.mx\/oficial\/wp-json\/wp\/v2\/media\/769"}],"wp:attachment":[{"href":"https:\/\/visionciudadana.com.mx\/oficial\/wp-json\/wp\/v2\/media?parent=16993"}],"wp:term":[{"taxonomy":"category","embeddable":true,"href":"https:\/\/visionciudadana.com.mx\/oficial\/wp-json\/wp\/v2\/categories?post=16993"},{"taxonomy":"post_tag","embeddable":true,"href":"https:\/\/visionciudadana.com.mx\/oficial\/wp-json\/wp\/v2\/tags?post=16993"},{"taxonomy":"author","embeddable":true,"href":"https:\/\/visionciudadana.com.mx\/oficial\/wp-json\/wp\/v2\/ppma_author?post=16993"}],"curies":[{"name":"wp","href":"https:\/\/api.w.org\/{rel}","templated":true}]}}