{"id":16992,"date":"2021-06-07T17:58:07","date_gmt":"2021-06-07T17:58:07","guid":{"rendered":"https:\/\/visionciudadana.com.mx\/chio\/2021\/06\/07\/no-hay-ganador-de-la-eleccion-faustino-hernandez\/"},"modified":"2025-06-25T00:12:17","modified_gmt":"2025-06-25T00:12:17","slug":"no-hay-ganador-de-la-eleccion-faustino-hernandez","status":"publish","type":"post","link":"https:\/\/visionciudadana.com.mx\/oficial\/2021\/06\/07\/no-hay-ganador-de-la-eleccion-faustino-hernandez\/","title":{"rendered":"No hay ganador de la elecci\u00f3n: Faustino Hern\u00e1ndez"},"content":{"rendered":"<p class=\"x_MsoNormal\" align=\"right\"><img fetchpriority=\"high\" decoding=\"async\" src=\"images\/2021\/junio21\/faustys.jpg\" alt=\"faustys\" width=\"780\" height=\"420\" style=\"display: block; margin: 20px auto;\" \/><\/p>\n<p class=\"x_MsoNormal\" style=\"text-align: justify;\"><span style=\"font-size: 14pt; font-family: arial, helvetica, sans-serif;\">De acuerdo con datos preliminares propios que arrojan las primeras actas de escrutinio, el candidato del PRI, PAN y PRD a la Alcald\u00eda de Culiac\u00e1n, Faustino Hern\u00e1ndez \u00c1lvarez, anunci\u00f3 una ventaja sobre su m\u00e1s cercano competidor en los comicios que se celebraron este domingo 6 de Junio.<\/span><\/p>\n<p style=\"text-align: justify;\">&nbsp;<\/p>\n<p class=\"x_MsoNormal\" style=\"text-align: justify;\"><span style=\"font-size: 14pt; font-family: arial, helvetica, sans-serif;\">No obstante, aclar\u00f3 que todav\u00eda falta por computar gran parte de las actas, sobre todo de la zona rural, por lo que se reserv\u00f3 dar a conocer el triunfo definitivo hasta que no lo haga la propia autoridad electoral, y destac\u00f3 que solamente se trata de un c\u00f3mputo preliminar.<\/span><\/p>\n<p style=\"text-align: justify;\">&nbsp;<\/p>\n<p class=\"x_MsoNormal\" style=\"text-align: justify;\"><span style=\"font-size: 14pt; font-family: arial, helvetica, sans-serif;\">Faustino Hern\u00e1ndez, dijo que \u201cSon resultados preliminares y de mi parte faltar\u00eda a mi palabra de andar dando resultados que no est\u00e1n de manera oficial; tengo un adelanto de las actas pero no es la totalidad\u201d, destac\u00f3.<\/span><\/p>\n<p style=\"text-align: justify;\">&nbsp;<\/p>\n<p class=\"x_MsoNormal\" style=\"text-align: justify;\"><span style=\"font-size: 14pt; font-family: arial, helvetica, sans-serif;\">Por tal motivo, se\u00f1al\u00f3 que dar\u00e1 un posicionamiento definitivo el d\u00eda de ma\u00f1ana, una vez que se tengan los c\u00f3mputos finales.<\/span><\/p>\n<p style=\"text-align: justify;\">&nbsp;<\/p>\n<p class=\"x_MsoNormal\" style=\"text-align: justify;\"><span style=\"font-size: 14pt; font-family: arial, helvetica, sans-serif;\">Hern\u00e1ndez \u00c1lvarez, Destac\u00f3 que independientemente de que el resultado le sea favorable o no, \u00e9l es un pol\u00edtico que siempre ha respetado las instituciones y la voluntad de las mayor\u00edas, como debe ser en toda democracia, por lo que en esta ocasi\u00f3n no ser\u00e1 la excepci\u00f3n.<\/span><\/p>\n<p style=\"text-align: justify;\">&nbsp;<\/p>\n<p class=\"x_MsoNormal\" style=\"text-align: justify;\"><span style=\"font-size: 14pt; font-family: arial, helvetica, sans-serif;\">\u201cDecirles que ser\u00e9 muy respetuoso de la autoridad, y lo que definan las actas y lo que definan la autoridad yo voy a hacer todo lo posible para que esta elecci\u00f3n realmente se llegue de una manera pac\u00edfica a trav\u00e9s del di\u00e1logo y del voto del ciudadano\u00bb.<\/span><\/p>\n<p style=\"text-align: justify;\">&nbsp;<\/p>\n<p class=\"x_MsoNormal\" style=\"text-align: justify;\"><span style=\"font-size: 14pt; font-family: arial, helvetica, sans-serif;\">Faustino Hern\u00e1ndez \u00c1lvarez destac\u00f3 que su campa\u00f1a se caracteriz\u00f3 por ser de trabajo, honestidad y transparencia donde no se enga\u00f1\u00f3 a la ciudadan\u00eda.<\/span><\/p>\n<p style=\"text-align: justify;\">&nbsp;<\/p>\n<p class=\"x_MsoNormal\" style=\"text-align: justify;\"><span style=\"font-size: 14pt; font-family: arial, helvetica, sans-serif;\">\u201cSin duda alguna, est\u00e1n hablando con su pr\u00f3ximo presidente municipal, decirles que me siento bien halagado, a todos mis amigos que me apoyaron en este proyecto incluyente, a todos mis brigadistas, a todo el pueblo de Culiac\u00e1n, decirles, muchas gracias\u00bb.<\/span><\/p>\n<p style=\"text-align: justify;\">&nbsp;<\/p>\n<p style=\"text-align: justify;\">&nbsp;<\/p>\n<p style=\"text-align: justify;\"><span style=\"font-size: 14pt; font-family: arial, helvetica, sans-serif;\">REDACCI\u00d3N\/VISI\u00d3N CIUDADANA.<\/span><\/p>\n","protected":false},"excerpt":{"rendered":"<p>De acuerdo con datos preliminares propios que arrojan las primeras actas de escrutinio, el candidato del PRI, PAN y PRD a la Alcald\u00eda de Culiac\u00e1n, Faustino Hern\u00e1ndez \u00c1lvarez, anunci\u00f3 una ventaja sobre su m\u00e1s cercano competidor en los comicios que se celebraron este domingo 6 de Junio. &nbsp; No obstante, aclar\u00f3 que todav\u00eda falta por [&hellip;]<\/p>\n","protected":false},"author":1,"featured_media":767,"comment_status":"closed","ping_status":"closed","sticky":false,"template":"","format":"standard","meta":{"footnotes":""},"categories":[24],"tags":[],"ppma_author":[31],"class_list":["post-16992","post","type-post","status-publish","format-standard","has-post-thumbnail","hentry","category-relevantes"],"aioseo_notices":[],"authors":[{"term_id":31,"user_id":1,"is_guest":0,"slug":"ivan3vino","display_name":"Iv\u00e1n Trevi\u00f1o","avatar_url":{"url":"https:\/\/visionciudadana.com.mx\/oficial\/wp-content\/uploads\/2025\/09\/columna-ivan-Trevino.png","url2x":"https:\/\/visionciudadana.com.mx\/oficial\/wp-content\/uploads\/2025\/09\/columna-ivan-Trevino.png"},"0":null,"1":"","2":"","3":"","4":"","5":"","6":"","7":"","8":""}],"_links":{"self":[{"href":"https:\/\/visionciudadana.com.mx\/oficial\/wp-json\/wp\/v2\/posts\/16992","targetHints":{"allow":["GET"]}}],"collection":[{"href":"https:\/\/visionciudadana.com.mx\/oficial\/wp-json\/wp\/v2\/posts"}],"about":[{"href":"https:\/\/visionciudadana.com.mx\/oficial\/wp-json\/wp\/v2\/types\/post"}],"author":[{"embeddable":true,"href":"https:\/\/visionciudadana.com.mx\/oficial\/wp-json\/wp\/v2\/users\/1"}],"replies":[{"embeddable":true,"href":"https:\/\/visionciudadana.com.mx\/oficial\/wp-json\/wp\/v2\/comments?post=16992"}],"version-history":[{"count":1,"href":"https:\/\/visionciudadana.com.mx\/oficial\/wp-json\/wp\/v2\/posts\/16992\/revisions"}],"predecessor-version":[{"id":30985,"href":"https:\/\/visionciudadana.com.mx\/oficial\/wp-json\/wp\/v2\/posts\/16992\/revisions\/30985"}],"wp:featuredmedia":[{"embeddable":true,"href":"https:\/\/visionciudadana.com.mx\/oficial\/wp-json\/wp\/v2\/media\/767"}],"wp:attachment":[{"href":"https:\/\/visionciudadana.com.mx\/oficial\/wp-json\/wp\/v2\/media?parent=16992"}],"wp:term":[{"taxonomy":"category","embeddable":true,"href":"https:\/\/visionciudadana.com.mx\/oficial\/wp-json\/wp\/v2\/categories?post=16992"},{"taxonomy":"post_tag","embeddable":true,"href":"https:\/\/visionciudadana.com.mx\/oficial\/wp-json\/wp\/v2\/tags?post=16992"},{"taxonomy":"author","embeddable":true,"href":"https:\/\/visionciudadana.com.mx\/oficial\/wp-json\/wp\/v2\/ppma_author?post=16992"}],"curies":[{"name":"wp","href":"https:\/\/api.w.org\/{rel}","templated":true}]}}