{"id":16982,"date":"2021-06-01T19:24:19","date_gmt":"2021-06-01T19:24:19","guid":{"rendered":"https:\/\/visionciudadana.com.mx\/chio\/2021\/06\/01\/mantiene-uas-sus-programas-de-apoyo-educativo-e-inclusion-pese-a-dificultades\/"},"modified":"2025-06-25T00:12:17","modified_gmt":"2025-06-25T00:12:17","slug":"mantiene-uas-sus-programas-de-apoyo-educativo-e-inclusion-pese-a-dificultades","status":"publish","type":"post","link":"https:\/\/visionciudadana.com.mx\/oficial\/2021\/06\/01\/mantiene-uas-sus-programas-de-apoyo-educativo-e-inclusion-pese-a-dificultades\/","title":{"rendered":"Mantiene UAS sus programas de apoyo educativo e inclusi\u00f3n pese a dificultades"},"content":{"rendered":"<p>&nbsp;<\/p>\n<p><img fetchpriority=\"high\" decoding=\"async\" src=\"images\/2021\/junio21\/mantiene-uas.jpg\" alt=\"mantiene uas\" width=\"780\" height=\"420\" style=\"display: block; margin: 20px auto;\" \/><\/p>\n<p class=\"x_MsoNormal\" style=\"text-align: justify;\"><span style=\"font-size: 14pt; font-family: arial, helvetica, sans-serif;\">Pese a la dif\u00edcil situaci\u00f3n de pandemia y los problemas financieros cr\u00edticos que han vivido algunas universidades p\u00fablicas no solo del pa\u00eds, sino tambi\u00e9n de Am\u00e9rica Latina, en las cuales se han tenido que sacrificar programas que tienen que ver con el apoyo a estudiantes, afectando su ingreso y permanencia en las aulas universitarias, la Universidad Aut\u00f3noma de Sinaloa (UAS), gracias al liderazgo y calidad humana del Rector, doctor Juan Eulogio Guerra Liera, ha luchado incansablemente por mantener sus programas institucionales como el de Atenci\u00f3n a la Diversidad (ADIUAS), el de Tutor\u00edas, el de Bienestar Social, los Centros de Atenci\u00f3n Estudiantil, as\u00ed como las casas del estudiante, destac\u00f3 Elba Sayoko Kitaoka Liz\u00e1rraga.<\/span><\/p>\n<p style=\"text-align: justify;\">&nbsp;<\/p>\n<p class=\"x_MsoNormal\" style=\"text-align: justify;\"><span style=\"font-size: 14pt; font-family: arial, helvetica, sans-serif;\">La responsable de Atenci\u00f3n a la Diversidad de la UAS, manifest\u00f3 que a trav\u00e9s de estos programas se ha apoyado a miles de j\u00f3venes en situaci\u00f3n de vulnerabilidad (por pobreza, diversidad cultural, problemas severos de salud o aprendizaje, o por contar con una discapacidad) logrando posicionar a la UAS como una de las de mayor cobertura y la instituci\u00f3n que cuenta con mayor matr\u00edcula de estudiantes con discapacidad a nivel Latinoam\u00e9rica.<\/span><\/p>\n<p style=\"text-align: justify;\">&nbsp;<\/p>\n<p class=\"x_MsoNormal\" style=\"text-align: justify;\"><span style=\"font-size: 14pt; font-family: arial, helvetica, sans-serif;\">\u201cLa Universidad Aut\u00f3noma de Sinaloa pese a todos estos problemas que se est\u00e1n viviendo en las universidades p\u00fablicas ha mantenido la guardia, yo quiero felicitar a nuestro Rector, el doctor Juan Eulogio Guerra Liera, porque a pesar de todos los problemas financieros, a que se oblig\u00f3 a las universidades a recortar personal, que no fuera acad\u00e9mico, que no estuviera directamente en el aula, \u00e9l mantuvo a todo el personal de inclusi\u00f3n en la Universidad, y se siguieron haciendo acciones para poder rescatar a toda la poblaci\u00f3n en situaci\u00f3n de vulnerabilidad\u201d, apunt\u00f3.<\/span><\/p>\n<p style=\"text-align: justify;\">&nbsp;<\/p>\n<p class=\"x_MsoNormal\" style=\"text-align: justify;\"><span style=\"font-size: 14pt; font-family: arial, helvetica, sans-serif;\">Sobre algunas de las acciones que se han mantenido para lograr dicha inclusi\u00f3n en la Casa Rosalina, la acad\u00e9mica universitaria dio a conocer que se ha incrementado, por ejemplo, el recurso humano para atenci\u00f3n de estudiantes, as\u00ed como la mejora y creaci\u00f3n de espacios, como es el caso de la apertura de nuevos Centros de Apoyo, equipados totalmente para hacer frente a la inclusi\u00f3n, adem\u00e1s de que se han establecido departamentos dentro de las escuelas para ofrecer los apoyos compensatorios a los estudiantes con necesidades espec\u00edficas de apoyo educativo.<\/span><\/p>\n<p style=\"text-align: justify;\">&nbsp;<\/p>\n<p class=\"x_MsoNormal\" style=\"text-align: justify;\"><span style=\"font-size: 14pt; font-family: arial, helvetica, sans-serif;\">Otro aspecto en los que se ha avanzado en materia de inclusi\u00f3n en la UAS, coment\u00f3 Kitaoka Liz\u00e1rraga, es que hoy se cuenta con Int\u00e9rpretes de la Lengua de Se\u00f1as Mexicana para apoyar a la comunidad sorda y a los profesores, interpretando las clases, eventos y dando apoyo acad\u00e9mico.<\/span><\/p>\n<p style=\"text-align: justify;\">&nbsp;<\/p>\n<p class=\"x_MsoNormal\" style=\"text-align: justify;\"><span style=\"font-size: 14pt; font-family: arial, helvetica, sans-serif;\">En el caso particular del nivel bachillerato, la especialista en materia de inclusi\u00f3n de la casa de estudios mencion\u00f3 que se cre\u00f3 a ra\u00edz de la pandemia espacios virtuales para continuar con la atenci\u00f3n y seguimientos de las poblaciones mayormente vulnerables.<\/span><\/p>\n<p style=\"text-align: justify;\">&nbsp;<\/p>\n<p class=\"x_MsoNormal\" style=\"text-align: justify;\"><span style=\"font-size: 14pt; font-family: arial, helvetica, sans-serif;\">\u201cA nivel bachillerato se trabaj\u00f3 fuertemente entre la Secretar\u00eda Acad\u00e9mica Universitaria y la Direcci\u00f3n General de Escuelas Preparatorias para crear una plataforma accesible, donde pudieran tener esos apoyos compensatorios aquellos j\u00f3venes en situaci\u00f3n de vulnerabilidad, por tener una discapacidad, un problema severo de salud o pertenecer a pueblos originarios, y aparte se crearon materiales adaptados para subirlos a ese portal y esto logr\u00f3 rescatar a todas estas poblaciones que se dec\u00eda \u00bfc\u00f3mo se va a atender de manera virtual?\u201d, puntualiz\u00f3.<\/span><\/p>\n<p style=\"text-align: justify;\">&nbsp;<\/p>\n<p class=\"x_MsoNormal\" style=\"text-align: justify;\"><span style=\"font-size: 14pt; font-family: arial, helvetica, sans-serif;\">Cabe destacar que actualmente la Universidad Aut\u00f3noma de Sinaloa cuenta con una matr\u00edcula de mil 800 estudiantes con alguna situaci\u00f3n de vulnerabilidad, estos ubicados en los diferentes niveles educativos, pero adem\u00e1s se tienen 26 personas encargadas espec\u00edficamente para la inclusi\u00f3n, cifra que supera en mucho el n\u00famero que se ten\u00eda en el 2013, cuando solo eran tres.<\/span><\/p>\n<p style=\"text-align: justify;\">&nbsp;<\/p>\n<p style=\"text-align: justify;\">&nbsp;<\/p>\n<p style=\"text-align: justify;\"><span style=\"font-size: 14pt; font-family: arial, helvetica, sans-serif;\">REDACCI\u00d3N\/VISI\u00d3N CIUDADANA,.<\/span><\/p>\n<div style=\"text-align: justify;\"><span style=\"font-size: 14pt; font-family: arial, helvetica, sans-serif;\"><\/span><\/div>\n","protected":false},"excerpt":{"rendered":"<p>&nbsp; Pese a la dif\u00edcil situaci\u00f3n de pandemia y los problemas financieros cr\u00edticos que han vivido algunas universidades p\u00fablicas no solo del pa\u00eds, sino tambi\u00e9n de Am\u00e9rica Latina, en las cuales se han tenido que sacrificar programas que tienen que ver con el apoyo a estudiantes, afectando su ingreso y permanencia en las aulas universitarias, [&hellip;]<\/p>\n","protected":false},"author":1,"featured_media":756,"comment_status":"closed","ping_status":"closed","sticky":false,"template":"","format":"standard","meta":{"footnotes":""},"categories":[24],"tags":[],"ppma_author":[31],"class_list":["post-16982","post","type-post","status-publish","format-standard","has-post-thumbnail","hentry","category-relevantes"],"aioseo_notices":[],"authors":[{"term_id":31,"user_id":1,"is_guest":0,"slug":"ivan3vino","display_name":"Iv\u00e1n Trevi\u00f1o","avatar_url":{"url":"https:\/\/visionciudadana.com.mx\/oficial\/wp-content\/uploads\/2025\/09\/columna-ivan-Trevino.png","url2x":"https:\/\/visionciudadana.com.mx\/oficial\/wp-content\/uploads\/2025\/09\/columna-ivan-Trevino.png"},"0":null,"1":"","2":"","3":"","4":"","5":"","6":"","7":"","8":""}],"_links":{"self":[{"href":"https:\/\/visionciudadana.com.mx\/oficial\/wp-json\/wp\/v2\/posts\/16982","targetHints":{"allow":["GET"]}}],"collection":[{"href":"https:\/\/visionciudadana.com.mx\/oficial\/wp-json\/wp\/v2\/posts"}],"about":[{"href":"https:\/\/visionciudadana.com.mx\/oficial\/wp-json\/wp\/v2\/types\/post"}],"author":[{"embeddable":true,"href":"https:\/\/visionciudadana.com.mx\/oficial\/wp-json\/wp\/v2\/users\/1"}],"replies":[{"embeddable":true,"href":"https:\/\/visionciudadana.com.mx\/oficial\/wp-json\/wp\/v2\/comments?post=16982"}],"version-history":[{"count":1,"href":"https:\/\/visionciudadana.com.mx\/oficial\/wp-json\/wp\/v2\/posts\/16982\/revisions"}],"predecessor-version":[{"id":30986,"href":"https:\/\/visionciudadana.com.mx\/oficial\/wp-json\/wp\/v2\/posts\/16982\/revisions\/30986"}],"wp:featuredmedia":[{"embeddable":true,"href":"https:\/\/visionciudadana.com.mx\/oficial\/wp-json\/wp\/v2\/media\/756"}],"wp:attachment":[{"href":"https:\/\/visionciudadana.com.mx\/oficial\/wp-json\/wp\/v2\/media?parent=16982"}],"wp:term":[{"taxonomy":"category","embeddable":true,"href":"https:\/\/visionciudadana.com.mx\/oficial\/wp-json\/wp\/v2\/categories?post=16982"},{"taxonomy":"post_tag","embeddable":true,"href":"https:\/\/visionciudadana.com.mx\/oficial\/wp-json\/wp\/v2\/tags?post=16982"},{"taxonomy":"author","embeddable":true,"href":"https:\/\/visionciudadana.com.mx\/oficial\/wp-json\/wp\/v2\/ppma_author?post=16982"}],"curies":[{"name":"wp","href":"https:\/\/api.w.org\/{rel}","templated":true}]}}