{"id":16981,"date":"2021-06-01T19:15:29","date_gmt":"2021-06-01T19:15:29","guid":{"rendered":"https:\/\/visionciudadana.com.mx\/chio\/2021\/06\/01\/no-tengan-miedo-salgan-a-votar-llama-mario-zamora-a-la-ciudadania\/"},"modified":"2025-06-25T00:12:17","modified_gmt":"2025-06-25T00:12:17","slug":"no-tengan-miedo-salgan-a-votar-llama-mario-zamora-a-la-ciudadania","status":"publish","type":"post","link":"https:\/\/visionciudadana.com.mx\/oficial\/2021\/06\/01\/no-tengan-miedo-salgan-a-votar-llama-mario-zamora-a-la-ciudadania\/","title":{"rendered":"No tengan miedo; salgan a votar, llama Mario Zamora a la ciudadan\u00eda"},"content":{"rendered":"<p><img fetchpriority=\"high\" decoding=\"async\" src=\"images\/2021\/junio21\/no_tengan_miedo.PNG\" alt=\"no tengan miedo\" width=\"523\" height=\"400\" style=\"display: block; margin: 20px auto;\" \/><\/p>\n<p class=\"x_gmail-MsoNoSpacing\" style=\"text-align: justify;\"><span style=\"font-size: 14pt; font-family: arial, helvetica, sans-serif;\">A la ciudadan\u00eda en general y a los integrantes de la alianza \u201cVa por Sinaloa\u201d, Mario Zamora les pidi\u00f3 no tener miedo y salir a votar este 6 de junio ante el clima de intimidaci\u00f3n del que han sido v\u00edctimas algunos de sus simpatizantes.<\/span><\/p>\n<p style=\"text-align: justify;\">&nbsp;<\/p>\n<p class=\"x_gmail-MsoNoSpacing\" style=\"text-align: justify;\"><span style=\"font-size: 14pt; font-family: arial, helvetica, sans-serif;\">\u201cYo lo que les digo es, primero, a nuestros equipos no tengan miedo, no pasa nada. Est\u00e1n desesperados, quieren agarrarse de un chorro de agua. El cobarde es como funciona, cree que va a tratar de asustar o de amedrentar, no va a pasar nada. Traigo la seguridad de que voy a ganar. Todo mundo sabe que vamos a ganar\u201d.<\/span><\/p>\n<p style=\"text-align: justify;\">&nbsp;<\/p>\n<p class=\"x_gmail-MsoNoSpacing\" style=\"text-align: justify;\"><span style=\"font-size: 14pt; font-family: arial, helvetica, sans-serif;\">En conferencia de prensa el pr\u00f3ximo gobernador asegur\u00f3 tener plena confianza en las autoridades porque cuentan con todas las herramientas para garantizar un clima civilizado, tal y como el pueblo de Sinaloa se merece en el marco de esta decisi\u00f3n fundamental para el estado y sus familias.<\/span><\/p>\n<p style=\"text-align: justify;\">&nbsp;<\/p>\n<p class=\"x_gmail-MsoNoSpacing\" style=\"text-align: justify;\"><span style=\"font-size: 14pt; font-family: arial, helvetica, sans-serif;\">Mario Zamora llam\u00f3 a las y los dem\u00e1s candidatos a evitar este tipo de acciones que solo da\u00f1an la democracia y en nada contribuyen a tener una jornada electoral tranquila.<\/span><\/p>\n<p style=\"text-align: justify;\">&nbsp;<\/p>\n<p class=\"x_gmail-MsoNoSpacing\" style=\"text-align: justify;\"><span style=\"font-size: 14pt; font-family: arial, helvetica, sans-serif;\">\u201cHago un llamado a todos, a abonar por la libertad, por la paz, que el pr\u00f3ximo domingo sea una fiesta&nbsp; c\u00edvica, una fiesta ciudadana, donde los sinaloenses nos sintamos orgullosos del gran pueblo que somos y de que gane Sinaloa, que gane Mario Zamora, que gane Marcos Osuna y los candidatos de la coalici\u00f3n Vamos por Sinaloa\u201d.<\/span><\/p>\n<p style=\"text-align: justify;\">&nbsp;<\/p>\n<p class=\"x_gmail-MsoNoSpacing\" style=\"text-align: justify;\"><span style=\"font-size: 14pt; font-family: arial, helvetica, sans-serif;\">Se dijo entusiasmado en esta etapa de cierre de campa\u00f1a y con plena confianza en que su propuesta ha sido aceptada por las y los sinaloenses, con quienes gobernar\u00e1 con talento, capacidad, apertura, transparencia y visi\u00f3n.<\/span><\/p>\n<p style=\"text-align: justify;\">&nbsp;<\/p>\n<p style=\"text-align: justify;\">&nbsp;<\/p>\n<p style=\"text-align: justify;\"><span style=\"font-size: 14pt; font-family: arial, helvetica, sans-serif;\">REDACCI\u00d3N\/VISI\u00d3N CIUDADANA.<\/span><\/p>\n","protected":false},"excerpt":{"rendered":"<p>A la ciudadan\u00eda en general y a los integrantes de la alianza \u201cVa por Sinaloa\u201d, Mario Zamora les pidi\u00f3 no tener miedo y salir a votar este 6 de junio ante el clima de intimidaci\u00f3n del que han sido v\u00edctimas algunos de sus simpatizantes. &nbsp; \u201cYo lo que les digo es, primero, a nuestros equipos [&hellip;]<\/p>\n","protected":false},"author":1,"featured_media":754,"comment_status":"closed","ping_status":"closed","sticky":false,"template":"","format":"standard","meta":{"footnotes":""},"categories":[13],"tags":[],"ppma_author":[31],"class_list":["post-16981","post","type-post","status-publish","format-standard","has-post-thumbnail","hentry","category-locales"],"aioseo_notices":[],"authors":[{"term_id":31,"user_id":1,"is_guest":0,"slug":"ivan3vino","display_name":"Iv\u00e1n Trevi\u00f1o","avatar_url":{"url":"https:\/\/visionciudadana.com.mx\/oficial\/wp-content\/uploads\/2025\/09\/columna-ivan-Trevino.png","url2x":"https:\/\/visionciudadana.com.mx\/oficial\/wp-content\/uploads\/2025\/09\/columna-ivan-Trevino.png"},"0":null,"1":"","2":"","3":"","4":"","5":"","6":"","7":"","8":""}],"_links":{"self":[{"href":"https:\/\/visionciudadana.com.mx\/oficial\/wp-json\/wp\/v2\/posts\/16981","targetHints":{"allow":["GET"]}}],"collection":[{"href":"https:\/\/visionciudadana.com.mx\/oficial\/wp-json\/wp\/v2\/posts"}],"about":[{"href":"https:\/\/visionciudadana.com.mx\/oficial\/wp-json\/wp\/v2\/types\/post"}],"author":[{"embeddable":true,"href":"https:\/\/visionciudadana.com.mx\/oficial\/wp-json\/wp\/v2\/users\/1"}],"replies":[{"embeddable":true,"href":"https:\/\/visionciudadana.com.mx\/oficial\/wp-json\/wp\/v2\/comments?post=16981"}],"version-history":[{"count":1,"href":"https:\/\/visionciudadana.com.mx\/oficial\/wp-json\/wp\/v2\/posts\/16981\/revisions"}],"predecessor-version":[{"id":30987,"href":"https:\/\/visionciudadana.com.mx\/oficial\/wp-json\/wp\/v2\/posts\/16981\/revisions\/30987"}],"wp:featuredmedia":[{"embeddable":true,"href":"https:\/\/visionciudadana.com.mx\/oficial\/wp-json\/wp\/v2\/media\/754"}],"wp:attachment":[{"href":"https:\/\/visionciudadana.com.mx\/oficial\/wp-json\/wp\/v2\/media?parent=16981"}],"wp:term":[{"taxonomy":"category","embeddable":true,"href":"https:\/\/visionciudadana.com.mx\/oficial\/wp-json\/wp\/v2\/categories?post=16981"},{"taxonomy":"post_tag","embeddable":true,"href":"https:\/\/visionciudadana.com.mx\/oficial\/wp-json\/wp\/v2\/tags?post=16981"},{"taxonomy":"author","embeddable":true,"href":"https:\/\/visionciudadana.com.mx\/oficial\/wp-json\/wp\/v2\/ppma_author?post=16981"}],"curies":[{"name":"wp","href":"https:\/\/api.w.org\/{rel}","templated":true}]}}