{"id":16980,"date":"2021-06-01T19:09:33","date_gmt":"2021-06-01T19:09:33","guid":{"rendered":"https:\/\/visionciudadana.com.mx\/chio\/2021\/06\/01\/llega-la-reimpresion-de-boletas-para-alcaldias-de-culiacan-mazatlan-y-cosala-y-en-seis-dtos-electorales\/"},"modified":"2025-06-25T00:12:17","modified_gmt":"2025-06-25T00:12:17","slug":"llega-la-reimpresion-de-boletas-para-alcaldias-de-culiacan-mazatlan-y-cosala-y-en-seis-dtos-electorales","status":"publish","type":"post","link":"https:\/\/visionciudadana.com.mx\/oficial\/2021\/06\/01\/llega-la-reimpresion-de-boletas-para-alcaldias-de-culiacan-mazatlan-y-cosala-y-en-seis-dtos-electorales\/","title":{"rendered":"Llega la reimpresi\u00f3n de boletas para alcald\u00edas de Culiac\u00e1n, Mazatl\u00e1n, y Cosal\u00e1 y en seis dtos. electorales"},"content":{"rendered":"<p><img fetchpriority=\"high\" decoding=\"async\" src=\"images\/2021\/junio21\/llega-reimpresi\u00f3n.jpg\" alt=\"llega reimpresi\u00f3n\" width=\"625\" height=\"412\" style=\"display: block; margin: 20px auto;\" \/><\/p>\n<p style=\"text-align: justify;\"><span style=\"font-size: 14pt; font-family: arial, helvetica, sans-serif;\">El d\u00eda de hoy llegaron a Sinaloa las boletas que se mandaron a reimprimir por acuerdo del Consejo General del Instituto Electoral del Estado de Sinaloa (IEES) y que se utilizaran en la elecci\u00f3n local del 6 de junio para las presidencias municipales de Culiac\u00e1n, Mazatl\u00e1n y Cosal\u00e1, as\u00ed como en los distritos electorales 5, 11, 15,16, 20 y 22; las cuales suman un total de un mill\u00f3n 848 mil 667, de las cuales 621 mil 881 corresponden a diputaciones locales y un mill\u00f3n 226 mil 786 para las alcald\u00edas.<\/span><\/p>\n<p style=\"text-align: justify;\">&nbsp;<\/p>\n<p style=\"text-align: justify;\"><span style=\"font-size: 14pt; font-family: arial, helvetica, sans-serif;\">Cabe se\u00f1alar que el ordenamiento de dichas reimpresiones se sustenta en el acatamiento de la sentencia de Sala Guadalajara del Tribunal Electoral del Poder Judicial de la Federaci\u00f3n (TEPJF), que rechaz\u00f3 el registro de candidaturas comunes Morena-PAS, para las alcald\u00edas de Culiac\u00e1n y Mazatl\u00e1n, y los distritos electorales referidos; as\u00ed como la registrada por la Coalici\u00f3n PAN, PRI y PRD a la presidencia de Cosal\u00e1, en virtud de que al participar todas esas candidaturas para la reelecci\u00f3n, por ley solamente pod\u00edan ser postuladas por los partidos que los hab\u00edan inscrito en el pasado proceso electoral y rechazar a los partidos que se le sumaron en candidatura com\u00fan.<\/span><\/p>\n<p style=\"text-align: justify;\">&nbsp;<\/p>\n<p style=\"text-align: justify;\"><span style=\"font-size: 14pt; font-family: arial, helvetica, sans-serif;\">En consecuencia, el PAS present\u00f3 solicitudes de registro sustituyendo las candidaturas de los distritos mencionados, as\u00ed tambi\u00e9n el Partido Sinaloense no present\u00f3 solicitudes de candidaturas para las alcald\u00edas de Culiac\u00e1n y Mazatl\u00e1n; mientras que en el caso del Ayuntamiento de Cosal\u00e1, qued\u00f3 vigente el registro \u00fanicamente por el PRI; es por ello que para garantizar que las candidaturas aprobadas aparezcan en sus boletas correspondientes, el Consejo General del IEES orden\u00f3 que se hiciera la reimpresi\u00f3n.<\/span><\/p>\n<p style=\"text-align: justify;\">&nbsp;<\/p>\n<p style=\"text-align: justify;\"><span style=\"font-size: 14pt; font-family: arial, helvetica, sans-serif;\">Cabe destacar que las boletas llegaron en primera instancia a la ciudad de Mazatl\u00e1n a temprana hora, desde donde se oper\u00f3 log\u00edstica de traslado por carretera hacia los distritos y municipios implicados, con el apoyo de la Secretar\u00eda de Seguridad P\u00fablica Estatal, de la Secretar\u00eda de Seguridad P\u00fablica y Tr\u00e1nsito Municipal, y la Guardia Nacional.<\/span><\/p>\n<p style=\"text-align: justify;\">&nbsp;<\/p>\n<p style=\"text-align: justify;\"><span style=\"font-size: 14pt; font-family: arial, helvetica, sans-serif;\">Es importante puntualizar que una vez que la Sala Superior del TEPJF emita un fallo sobre la impugnaci\u00f3n que hizo el PAS y que actualmente est\u00e1 en curso, sobre la sentencia de rechazo a las candidaturas comunes en los municipios de Culiac\u00e1n y Mazatl\u00e1n, y los distritos electorales 5, 11, 15,16, 20 y 22, se proceder\u00e1 a la entrega de las boletas reimpresas a los Consejos Distritales Electorales o en su defecto se utilizaran las papeletas originales ya repartidas en dichos \u00f3rganos.<\/span><\/p>\n<p style=\"text-align: justify;\">&nbsp;<\/p>\n<p style=\"text-align: justify;\"><span style=\"font-size: 14pt; font-family: arial, helvetica, sans-serif;\">REDACCI\u00d3N\/VISI\u00d3N CIUDADANA.<\/span><\/p>\n","protected":false},"excerpt":{"rendered":"<p>El d\u00eda de hoy llegaron a Sinaloa las boletas que se mandaron a reimprimir por acuerdo del Consejo General del Instituto Electoral del Estado de Sinaloa (IEES) y que se utilizaran en la elecci\u00f3n local del 6 de junio para las presidencias municipales de Culiac\u00e1n, Mazatl\u00e1n y Cosal\u00e1, as\u00ed como en los distritos electorales 5, [&hellip;]<\/p>\n","protected":false},"author":1,"featured_media":752,"comment_status":"closed","ping_status":"closed","sticky":false,"template":"","format":"standard","meta":{"footnotes":""},"categories":[13],"tags":[],"ppma_author":[31],"class_list":["post-16980","post","type-post","status-publish","format-standard","has-post-thumbnail","hentry","category-locales"],"aioseo_notices":[],"authors":[{"term_id":31,"user_id":1,"is_guest":0,"slug":"ivan3vino","display_name":"Iv\u00e1n Trevi\u00f1o","avatar_url":{"url":"https:\/\/visionciudadana.com.mx\/oficial\/wp-content\/uploads\/2025\/09\/columna-ivan-Trevino.png","url2x":"https:\/\/visionciudadana.com.mx\/oficial\/wp-content\/uploads\/2025\/09\/columna-ivan-Trevino.png"},"0":null,"1":"","2":"","3":"","4":"","5":"","6":"","7":"","8":""}],"_links":{"self":[{"href":"https:\/\/visionciudadana.com.mx\/oficial\/wp-json\/wp\/v2\/posts\/16980","targetHints":{"allow":["GET"]}}],"collection":[{"href":"https:\/\/visionciudadana.com.mx\/oficial\/wp-json\/wp\/v2\/posts"}],"about":[{"href":"https:\/\/visionciudadana.com.mx\/oficial\/wp-json\/wp\/v2\/types\/post"}],"author":[{"embeddable":true,"href":"https:\/\/visionciudadana.com.mx\/oficial\/wp-json\/wp\/v2\/users\/1"}],"replies":[{"embeddable":true,"href":"https:\/\/visionciudadana.com.mx\/oficial\/wp-json\/wp\/v2\/comments?post=16980"}],"version-history":[{"count":1,"href":"https:\/\/visionciudadana.com.mx\/oficial\/wp-json\/wp\/v2\/posts\/16980\/revisions"}],"predecessor-version":[{"id":30988,"href":"https:\/\/visionciudadana.com.mx\/oficial\/wp-json\/wp\/v2\/posts\/16980\/revisions\/30988"}],"wp:featuredmedia":[{"embeddable":true,"href":"https:\/\/visionciudadana.com.mx\/oficial\/wp-json\/wp\/v2\/media\/752"}],"wp:attachment":[{"href":"https:\/\/visionciudadana.com.mx\/oficial\/wp-json\/wp\/v2\/media?parent=16980"}],"wp:term":[{"taxonomy":"category","embeddable":true,"href":"https:\/\/visionciudadana.com.mx\/oficial\/wp-json\/wp\/v2\/categories?post=16980"},{"taxonomy":"post_tag","embeddable":true,"href":"https:\/\/visionciudadana.com.mx\/oficial\/wp-json\/wp\/v2\/tags?post=16980"},{"taxonomy":"author","embeddable":true,"href":"https:\/\/visionciudadana.com.mx\/oficial\/wp-json\/wp\/v2\/ppma_author?post=16980"}],"curies":[{"name":"wp","href":"https:\/\/api.w.org\/{rel}","templated":true}]}}