{"id":16979,"date":"2021-06-01T19:02:11","date_gmt":"2021-06-01T19:02:11","guid":{"rendered":"https:\/\/visionciudadana.com.mx\/chio\/2021\/06\/01\/habra-voto-de-castigo-contra-el-mal-gobierno-municipal-faustino-hernandez-alvarez\/"},"modified":"2025-06-25T00:12:17","modified_gmt":"2025-06-25T00:12:17","slug":"habra-voto-de-castigo-contra-el-mal-gobierno-municipal-faustino-hernandez-alvarez","status":"publish","type":"post","link":"https:\/\/visionciudadana.com.mx\/oficial\/2021\/06\/01\/habra-voto-de-castigo-contra-el-mal-gobierno-municipal-faustino-hernandez-alvarez\/","title":{"rendered":"Habr\u00e1 voto de castigo contra el mal gobierno municipal: Faustino Hern\u00e1ndez \u00c1lvarez"},"content":{"rendered":"<p><img fetchpriority=\"high\" decoding=\"async\" src=\"images\/2021\/junio21\/habr\u00e1-voto-de-castigo.jpg\" alt=\"habr\u00e1 voto de castigo\" width=\"780\" height=\"420\" style=\"display: block; margin: 20px auto;\" \/><\/p>\n<p class=\"x_MsoNormal\" align=\"right\">&nbsp;<\/p>\n<p class=\"x_MsoNormal\" style=\"text-align: justify;\"><span style=\"font-size: 14pt; font-family: arial, helvetica, sans-serif;\">El candidato del PRI, PAN y PRD a la Alcald\u00eda de Culiac\u00e1n, Faustino Hern\u00e1ndez \u00c1lvarez, confi\u00f3 en que el voto de castigo contra el mal gobierno que ha imperado en el municipio ser\u00e1 decisivo para lograr un triunfo claro y contundente este 6 de junio.<\/span><\/p>\n<p style=\"text-align: justify;\">&nbsp;<\/p>\n<p class=\"x_MsoNormal\" style=\"text-align: justify;\"><span style=\"font-size: 14pt; font-family: arial, helvetica, sans-serif;\">\u201cEn Culiac\u00e1n, la gente est\u00e1 agraviada y molesta, y no desea la continuidad del mismo partido en la presidencia municipal, mucho menos la reelecci\u00f3n. Los ciudadanos desean un cambio, con&nbsp; certidumbre y responsabilidad. Yo no tengo la menor duda, que en Culiac\u00e1n habr\u00e1 un voto de castigo, por los malos resultados de la presente administraci\u00f3n municipal\u201d, manifest\u00f3.<\/span><\/p>\n<p style=\"text-align: justify;\">&nbsp;<\/p>\n<p class=\"x_MsoNormal\" style=\"text-align: justify;\"><span style=\"font-size: 14pt; font-family: arial, helvetica, sans-serif;\">Sin embargo, consider\u00f3 que el triunfo se alcanzar\u00e1 gracias a la gente conquistada durante esta campa\u00f1a pol\u00edtica como resultado de su cercan\u00eda con la ciudadan\u00eda y la calidad de las propuestas que se presentaron a problem\u00e1ticas bien definidas.<\/span><\/p>\n<p style=\"text-align: justify;\">&nbsp;<\/p>\n<p class=\"x_MsoNormal\" style=\"text-align: justify;\"><span style=\"font-size: 14pt; font-family: arial, helvetica, sans-serif;\">\u201cEn todas partes, encontramos el mismo sentimiento de agravio, de molestia e inconformidad, por los malos resultados del actual gobierno municipal. En las sindicaturas, fraccionamientos y colonias populares, la gente nos expres\u00f3 su enojo para la deficiente calidad de los servicios p\u00fablicos, el mal estado de las vialidades, la falta de pavimentaci\u00f3n, el abandono de los parques y espacios deportivos, y los crecientes problemas de inseguridad, por tantos asaltos, robos de veh\u00edculos, robos en comercios y casas habitaci\u00f3n.<\/span><\/p>\n<p style=\"text-align: justify;\">&nbsp;<\/p>\n<p class=\"x_MsoNormal\" style=\"text-align: justify;\"><span style=\"font-size: 14pt; font-family: arial, helvetica, sans-serif;\">\u201cPero sobre todo, la gente nos he expresado su inconformidad porque el actual gobierno municipal ha mantenido las puertas cerradas, se ha negado al di\u00e1logo y ha sido totalmente insensible a las demandas\u201d, manifest\u00f3.<\/span><\/p>\n<p style=\"text-align: justify;\">&nbsp;<\/p>\n<p class=\"x_MsoNormal\" style=\"text-align: justify;\"><span style=\"font-size: 14pt; font-family: arial, helvetica, sans-serif;\">En su ya tradicional conferencia de prensa de los lunes, el candidato del PRI, PAN y PRD a la Alcald\u00eda de Culiac\u00e1n aclar\u00f3 que no se confiar\u00e1n ante el triunfo inminente y continuar\u00e1n&nbsp; junto con su equipo con el mismo intenso ritmo de trabajo hasta el \u00faltimo segundo del d\u00eda mi\u00e9rcoles dos de junio que es el \u00faltimo d\u00eda que marca la ley electoral para realizar proselitismo electoral.<\/span><\/p>\n<p style=\"text-align: justify;\">&nbsp;<\/p>\n<p class=\"x_MsoNormal\" style=\"text-align: justify;\"><span style=\"font-size: 14pt; font-family: arial, helvetica, sans-serif;\">\u201cEstamos llegando al final de esta campa\u00f1a, muy contentos, animados y fortalecidos, por el gran respaldo que hemos encontrado en la gente de Culiac\u00e1n. La campa\u00f1a, la estamos cerrando a tambor batiente\u201d. A manera de ejemplo, inform\u00f3 que el s\u00e1bado pasado se realiz\u00f3 el cierre de la cabecera municipal en el centro hist\u00f3rico, as\u00ed como tambi\u00e9n cierres en las sindicaturas de Higueras de Abuya, Eldorado, Costa Rica, Baila (Cospita) y Quil\u00e1.<\/span><\/p>\n<p style=\"text-align: justify;\">&nbsp;<\/p>\n<p class=\"x_MsoNormal\" style=\"text-align: justify;\"><span style=\"font-size: 14pt; font-family: arial, helvetica, sans-serif;\">Del cierre de las actividades proselitistas al domingo 6 de junio, d\u00eda de la elecci\u00f3n,&nbsp; inform\u00f3 que preparar\u00e1n con sus abogados toda la defensa jur\u00eddica del voto, cubriendo la totalidad de las casillas con representantes electorales, y estando pendiente para denunciar cualquier anomal\u00eda.<\/span><\/p>\n<p style=\"text-align: justify;\">&nbsp;<\/p>\n<p class=\"x_MsoNormal\" style=\"text-align: justify;\"><span style=\"font-size: 14pt; font-family: arial, helvetica, sans-serif;\">\u201cLo quiero decir con toda claridad: nosotros haremos todo lo que est\u00e9 de nuestra parte, todo lo que sea necesario, para que tengamos unas elecciones ejemplares\u201d, manifest\u00f3.<\/span><\/p>\n<p style=\"text-align: justify;\">&nbsp;<\/p>\n<p class=\"x_MsoNormal\" style=\"text-align: justify;\"><span style=\"font-size: 14pt; font-family: arial, helvetica, sans-serif;\">Faustino Hern\u00e1ndez, destac\u00f3 un resumen de su campa\u00f1a, donde cumpli\u00f3 con recorridos por sindicaturas, fraccionamientos y colonias populares, as\u00ed como con reuniones con todos los sectores y grupos sociales: empresarios, emprendedores, mujeres, j\u00f3venes, colegios de profesionistas, c\u00e1maras empresariales, acad\u00e9micos, trabajadores de la salud y la educaci\u00f3n, artistas, ambientalistas y animalistas.<\/span><\/p>\n<p style=\"text-align: justify;\">&nbsp;<\/p>\n<p class=\"x_MsoNormal\" style=\"text-align: justify;\"><span style=\"font-size: 14pt; font-family: arial, helvetica, sans-serif;\">Por \u00faltimo, el candidato del PRI, PAN y PRD a la Alcald\u00eda de Culiac\u00e1n invit\u00f3 a todos los culichis a votar este 6 de junio para fortalecer la democracia y garantizar un triunfo claro y contundente en las urnas a favor de un proyecto pol\u00edtico que rescatar\u00e1 la capital del estado.<\/span><\/p>\n<p style=\"text-align: justify;\">&nbsp;<\/p>\n<p class=\"x_MsoNormal\" style=\"text-align: justify;\"><span style=\"font-size: 14pt; font-family: arial, helvetica, sans-serif;\">\u201cYo le digo a los ciudadanos, que no se dejen presionar por nadie. El voto es libre y secreto. A los culiacanenses les digo, que no crean eso de que van a desaparecer algunos programas sociales si no votas por tal partido. Eso esto completamente falso. Los programas sociales est\u00e1n consagrados en la Constituci\u00f3n\u00bb.<\/span><\/p>\n<p style=\"text-align: justify;\">&nbsp;<\/p>\n<p class=\"x_MsoNormal\" style=\"text-align: justify;\"><span style=\"font-size: 14pt; font-family: arial, helvetica, sans-serif;\">\u201cConvoco a las mujeres y hombres de Culiac\u00e1n, a votar con libertad, con valent\u00eda y dignidad. Los invito a votar por Faustino Hern\u00e1ndez, la mejor opci\u00f3n para rescatar a Culiac\u00e1n\u201d, dijo.<\/span><\/p>\n<p style=\"text-align: justify;\">&nbsp;<\/p>\n<p style=\"text-align: justify;\">&nbsp;<\/p>\n<p style=\"text-align: justify;\"><span style=\"font-size: 14pt; font-family: arial, helvetica, sans-serif;\">REDACCI\u00d3N\/VISI\u00d3N CIUDADANA.<\/span><\/p>\n","protected":false},"excerpt":{"rendered":"<p>&nbsp; El candidato del PRI, PAN y PRD a la Alcald\u00eda de Culiac\u00e1n, Faustino Hern\u00e1ndez \u00c1lvarez, confi\u00f3 en que el voto de castigo contra el mal gobierno que ha imperado en el municipio ser\u00e1 decisivo para lograr un triunfo claro y contundente este 6 de junio. &nbsp; \u201cEn Culiac\u00e1n, la gente est\u00e1 agraviada y molesta, [&hellip;]<\/p>\n","protected":false},"author":1,"featured_media":750,"comment_status":"closed","ping_status":"closed","sticky":false,"template":"","format":"standard","meta":{"footnotes":""},"categories":[13],"tags":[],"ppma_author":[31],"class_list":["post-16979","post","type-post","status-publish","format-standard","has-post-thumbnail","hentry","category-locales"],"aioseo_notices":[],"authors":[{"term_id":31,"user_id":1,"is_guest":0,"slug":"ivan3vino","display_name":"Iv\u00e1n Trevi\u00f1o","avatar_url":{"url":"https:\/\/visionciudadana.com.mx\/oficial\/wp-content\/uploads\/2025\/09\/columna-ivan-Trevino.png","url2x":"https:\/\/visionciudadana.com.mx\/oficial\/wp-content\/uploads\/2025\/09\/columna-ivan-Trevino.png"},"0":null,"1":"","2":"","3":"","4":"","5":"","6":"","7":"","8":""}],"_links":{"self":[{"href":"https:\/\/visionciudadana.com.mx\/oficial\/wp-json\/wp\/v2\/posts\/16979","targetHints":{"allow":["GET"]}}],"collection":[{"href":"https:\/\/visionciudadana.com.mx\/oficial\/wp-json\/wp\/v2\/posts"}],"about":[{"href":"https:\/\/visionciudadana.com.mx\/oficial\/wp-json\/wp\/v2\/types\/post"}],"author":[{"embeddable":true,"href":"https:\/\/visionciudadana.com.mx\/oficial\/wp-json\/wp\/v2\/users\/1"}],"replies":[{"embeddable":true,"href":"https:\/\/visionciudadana.com.mx\/oficial\/wp-json\/wp\/v2\/comments?post=16979"}],"version-history":[{"count":1,"href":"https:\/\/visionciudadana.com.mx\/oficial\/wp-json\/wp\/v2\/posts\/16979\/revisions"}],"predecessor-version":[{"id":30989,"href":"https:\/\/visionciudadana.com.mx\/oficial\/wp-json\/wp\/v2\/posts\/16979\/revisions\/30989"}],"wp:featuredmedia":[{"embeddable":true,"href":"https:\/\/visionciudadana.com.mx\/oficial\/wp-json\/wp\/v2\/media\/750"}],"wp:attachment":[{"href":"https:\/\/visionciudadana.com.mx\/oficial\/wp-json\/wp\/v2\/media?parent=16979"}],"wp:term":[{"taxonomy":"category","embeddable":true,"href":"https:\/\/visionciudadana.com.mx\/oficial\/wp-json\/wp\/v2\/categories?post=16979"},{"taxonomy":"post_tag","embeddable":true,"href":"https:\/\/visionciudadana.com.mx\/oficial\/wp-json\/wp\/v2\/tags?post=16979"},{"taxonomy":"author","embeddable":true,"href":"https:\/\/visionciudadana.com.mx\/oficial\/wp-json\/wp\/v2\/ppma_author?post=16979"}],"curies":[{"name":"wp","href":"https:\/\/api.w.org\/{rel}","templated":true}]}}