{"id":16978,"date":"2021-06-01T18:57:03","date_gmt":"2021-06-01T18:57:03","guid":{"rendered":"https:\/\/visionciudadana.com.mx\/chio\/2021\/06\/01\/en-guasave-ya-se-festeja-el-triunfo-de-mario-zamora-aqui-ya-lo-ven-gobernador\/"},"modified":"2025-06-25T00:12:17","modified_gmt":"2025-06-25T00:12:17","slug":"en-guasave-ya-se-festeja-el-triunfo-de-mario-zamora-aqui-ya-lo-ven-gobernador","status":"publish","type":"post","link":"https:\/\/visionciudadana.com.mx\/oficial\/2021\/06\/01\/en-guasave-ya-se-festeja-el-triunfo-de-mario-zamora-aqui-ya-lo-ven-gobernador\/","title":{"rendered":"En Guasave ya se festeja el triunfo de Mario Zamora; aqu\u00ed, ya lo ven gobernador"},"content":{"rendered":"<p><img fetchpriority=\"high\" decoding=\"async\" src=\"images\/2021\/junio21\/en_guasa.PNG\" alt=\"en guasa\" width=\"642\" height=\"357\" style=\"display: block; margin-left: auto; margin-right: auto;\" \/><\/p>\n<p class=\"x_gmail-MsoNoSpacing\" style=\"text-align: justify;\"><span style=\"font-size: 14pt; font-family: arial, helvetica, sans-serif;\">Ante miles de guasavenses que se congregaron en un festivo y emotivo evento de cierre de campa\u00f1a, Mario Zamora Gast\u00e9lum dijo sentirse en casa y sentirse de la gente de Guasave, donde el 4 de abril arranc\u00f3 su campa\u00f1a y es claro que el 6 de junio aqu\u00ed se fincar\u00e1 el triunfo de un Sinaloa que quiere ver hacia el futuro.<\/span><\/p>\n<p style=\"text-align: justify;\">&nbsp;<\/p>\n<p class=\"x_gmail-MsoNoSpacing\" style=\"text-align: justify;\"><span style=\"font-size: 14pt; font-family: arial, helvetica, sans-serif;\">En un acto que se convirti\u00f3 en una gran fiesta de triunfo de una campa\u00f1a que ha sido exitosa, familias provenientes de colonias populares, comunidades y ejidos, abarrotaron la emblem\u00e1tica calle Ignacio Zaragoza en el coraz\u00f3n de la ciudad de Guasave, donde ondeaban banderas del PRI, PAN y PRD, colores de partidos unidos en torno a Mario Zamora.<\/span><\/p>\n<p style=\"text-align: justify;\">&nbsp;<\/p>\n<p class=\"x_gmail-MsoNoSpacing\" style=\"text-align: justify;\"><span style=\"font-size: 14pt; font-family: arial, helvetica, sans-serif;\">El pr\u00f3ximo gobernador de Sinaloa arrib\u00f3 acompa\u00f1ado por su esposa Wendy Ibarra y de los candidatos de la alianza \u201cVa por Sinaloa\u201d, adem\u00e1s de los dirigentes del PRI, PRD y PAN, frente a quienes Zamora Gast\u00e9lum dijo tener el coraz\u00f3n lleno de emoci\u00f3n y agradecimiento por todo el apoyo de Guasave.<\/span><\/p>\n<p style=\"text-align: justify;\">&nbsp;<\/p>\n<p class=\"x_gmail-MsoNoSpacing\" style=\"text-align: justify;\"><span style=\"font-size: 14pt; font-family: arial, helvetica, sans-serif;\">\u201cAqu\u00ed en Guasave arranc\u00f3 nuestra campa\u00f1a, arrancamos en el primer minuto frente al Hospital General, la hemos disfrutado much\u00edsimo y a pesar de que le hemos echado todas las ganas no he podido estar en todas las comunidades, ya solo quedan tres d\u00edas, por eso hago mi compromiso p\u00fablico que como candidato no podr\u00e9 estar pero como gobernador me ver\u00e1n seguido aqu\u00ed en Guasave\u201d, se comprometi\u00f3.<\/span><\/p>\n<p style=\"text-align: justify;\">&nbsp;<\/p>\n<p class=\"x_gmail-MsoNoSpacing\" style=\"text-align: justify;\"><span style=\"font-size: 14pt; font-family: arial, helvetica, sans-serif;\">Justo al momento del evento frente a la gente de Guasave, la empresa Arias Consultores public\u00f3 su \u00faltima encuesta de intenci\u00f3n del voto, poniendo a Mario Zamora con el 47.3% de las preferencias, muy por arriba del otro candidato, que refleja solo el 37.3, 10 puntos que har\u00e1n la diferencia en las elecciones del pr\u00f3ximo domingo, d\u00eda en el que todo el equipo de la alianza \u201cVa por Sinaloa\u201d triunfar\u00e1 al alcanzar la gubernatura, alcald\u00edas y diputaciones.<\/span><\/p>\n<p style=\"text-align: justify;\">&nbsp;<\/p>\n<p class=\"x_gmail-MsoNoSpacing\" style=\"text-align: justify;\"><span style=\"font-size: 14pt; font-family: arial, helvetica, sans-serif;\">Con toda la seguridad de que los compromisos ser\u00e1n cumplidos durante su gesti\u00f3n como gobernador, record\u00f3 que para Guasave habr\u00e1 una hist\u00f3rica obra de pavimentaci\u00f3n de calles, contar\u00e1 con un sala de terapia intensiva, se ampliar\u00e1 el malec\u00f3n, y tendr\u00e1n los beneficios de programas de apoyo social, adem\u00e1s de la Financiera Estatal para todos y todas las que quieran salir adelante con su esfuerzo y su trabajo.<\/span><\/p>\n<p style=\"text-align: justify;\">&nbsp;<\/p>\n<p class=\"x_gmail-MsoNoSpacing\" style=\"text-align: justify;\"><span style=\"font-size: 14pt; font-family: arial, helvetica, sans-serif;\">\u201cEl que menos tiene nos tendr\u00e1 a nosotros para dar la cara por \u00e9l, para luchar por \u00e9l, para defender las causas justas de lo que somos los sinaloenses. Vamos a lograr juntos el Sinaloa que hemos anhelado\u201d, asegur\u00f3 y afirm\u00f3 que es alentador \u201cver ondear las banderas tricolores, azules y amarillas, todos unidos, todos juntos por un solo prop\u00f3sito, que a Sinaloa le vaya bien\u201d.<\/span><\/p>\n<p style=\"text-align: justify;\">&nbsp;<\/p>\n<p class=\"x_gmail-MsoNoSpacing\" style=\"text-align: justify;\"><span style=\"font-size: 14pt; font-family: arial, helvetica, sans-serif;\">Agradeci\u00f3 a Guasave por tanto apoyo brindado para su proyecto, que sin duda se ver\u00e1 materializado, y aqu\u00ed volver\u00e1 muchas veces como gobernador para traer obras y un gobierno transparente, cercano a la gente y de resultados, con acciones cuya base fundamental ser\u00e1 el amor al pr\u00f3jimo.<\/span><\/p>\n<p style=\"text-align: justify;\">&nbsp;<\/p>\n<p class=\"x_gmail-MsoNoSpacing\" style=\"text-align: justify;\"><span style=\"font-size: 14pt; font-family: arial, helvetica, sans-serif;\">Pas\u00f3 al frente a los candidatos de la alianza \u201cVa por Sinaloa\u201d pidiendo el voto para la f\u00f3rmula completa para trabajar en equipo por Sinaloa.<\/span><\/p>\n<p style=\"text-align: justify;\">&nbsp;<\/p>\n<p class=\"x_gmail-MsoNoSpacing\" style=\"text-align: justify;\"><span style=\"font-size: 14pt; font-family: arial, helvetica, sans-serif;\">Dijo que la asistencia de miles de personas a este cierre de campa\u00f1a es la prueba de que Guasave ya decidi\u00f3, dio un paso al frente, y el pr\u00f3ximo domingo 6 de junio se va definir el futuro. \u201cLa recompensa ser\u00e1 que en los siguientes 6 a\u00f1os a todos les ir\u00e1 muy bien\u201d.<\/span><\/p>\n<p style=\"text-align: justify;\">&nbsp;<\/p>\n<p class=\"x_gmail-MsoNoSpacing\" style=\"text-align: justify;\"><span style=\"font-size: 14pt; font-family: arial, helvetica, sans-serif;\">\u201cAqu\u00ed se va fincar el triunfo de Sinaloa, con todos ustedes. Vamos a Ganar\u201d, grit\u00f3 ante la multitud que no par\u00f3 de festejar al un\u00edsono en este gran evento.<\/span><\/p>\n<p style=\"text-align: justify;\">&nbsp;<\/p>\n<p style=\"text-align: justify;\"><span style=\"font-size: 14pt; font-family: arial, helvetica, sans-serif;\">REDACCI\u00d3N\/VISI\u00d3N CIUDADANA.<\/span><\/p>\n<div style=\"text-align: justify;\"><span style=\"font-size: 14pt; font-family: arial, helvetica, sans-serif;\"><\/span><\/div>\n","protected":false},"excerpt":{"rendered":"<p>Ante miles de guasavenses que se congregaron en un festivo y emotivo evento de cierre de campa\u00f1a, Mario Zamora Gast\u00e9lum dijo sentirse en casa y sentirse de la gente de Guasave, donde el 4 de abril arranc\u00f3 su campa\u00f1a y es claro que el 6 de junio aqu\u00ed se fincar\u00e1 el triunfo de un Sinaloa [&hellip;]<\/p>\n","protected":false},"author":1,"featured_media":748,"comment_status":"closed","ping_status":"closed","sticky":false,"template":"","format":"standard","meta":{"footnotes":""},"categories":[13],"tags":[],"ppma_author":[31],"class_list":["post-16978","post","type-post","status-publish","format-standard","has-post-thumbnail","hentry","category-locales"],"aioseo_notices":[],"authors":[{"term_id":31,"user_id":1,"is_guest":0,"slug":"ivan3vino","display_name":"Iv\u00e1n Trevi\u00f1o","avatar_url":{"url":"https:\/\/visionciudadana.com.mx\/oficial\/wp-content\/uploads\/2025\/09\/columna-ivan-Trevino.png","url2x":"https:\/\/visionciudadana.com.mx\/oficial\/wp-content\/uploads\/2025\/09\/columna-ivan-Trevino.png"},"0":null,"1":"","2":"","3":"","4":"","5":"","6":"","7":"","8":""}],"_links":{"self":[{"href":"https:\/\/visionciudadana.com.mx\/oficial\/wp-json\/wp\/v2\/posts\/16978","targetHints":{"allow":["GET"]}}],"collection":[{"href":"https:\/\/visionciudadana.com.mx\/oficial\/wp-json\/wp\/v2\/posts"}],"about":[{"href":"https:\/\/visionciudadana.com.mx\/oficial\/wp-json\/wp\/v2\/types\/post"}],"author":[{"embeddable":true,"href":"https:\/\/visionciudadana.com.mx\/oficial\/wp-json\/wp\/v2\/users\/1"}],"replies":[{"embeddable":true,"href":"https:\/\/visionciudadana.com.mx\/oficial\/wp-json\/wp\/v2\/comments?post=16978"}],"version-history":[{"count":1,"href":"https:\/\/visionciudadana.com.mx\/oficial\/wp-json\/wp\/v2\/posts\/16978\/revisions"}],"predecessor-version":[{"id":30990,"href":"https:\/\/visionciudadana.com.mx\/oficial\/wp-json\/wp\/v2\/posts\/16978\/revisions\/30990"}],"wp:featuredmedia":[{"embeddable":true,"href":"https:\/\/visionciudadana.com.mx\/oficial\/wp-json\/wp\/v2\/media\/748"}],"wp:attachment":[{"href":"https:\/\/visionciudadana.com.mx\/oficial\/wp-json\/wp\/v2\/media?parent=16978"}],"wp:term":[{"taxonomy":"category","embeddable":true,"href":"https:\/\/visionciudadana.com.mx\/oficial\/wp-json\/wp\/v2\/categories?post=16978"},{"taxonomy":"post_tag","embeddable":true,"href":"https:\/\/visionciudadana.com.mx\/oficial\/wp-json\/wp\/v2\/tags?post=16978"},{"taxonomy":"author","embeddable":true,"href":"https:\/\/visionciudadana.com.mx\/oficial\/wp-json\/wp\/v2\/ppma_author?post=16978"}],"curies":[{"name":"wp","href":"https:\/\/api.w.org\/{rel}","templated":true}]}}