{"id":16977,"date":"2021-06-01T18:51:41","date_gmt":"2021-06-01T18:51:41","guid":{"rendered":"https:\/\/visionciudadana.com.mx\/chio\/2021\/06\/01\/lista-estructura-morena-pas-para-cuidar-el-voto-del-triunfo-el-6-de-junio-rocha\/"},"modified":"2025-06-25T00:12:18","modified_gmt":"2025-06-25T00:12:18","slug":"lista-estructura-morena-pas-para-cuidar-el-voto-del-triunfo-el-6-de-junio-rocha","status":"publish","type":"post","link":"https:\/\/visionciudadana.com.mx\/oficial\/2021\/06\/01\/lista-estructura-morena-pas-para-cuidar-el-voto-del-triunfo-el-6-de-junio-rocha\/","title":{"rendered":"Lista estructura Morena-PAS para cuidar el voto del triunfo el 6 de junio: Rocha"},"content":{"rendered":"<p style=\"text-align: justify;\"><img fetchpriority=\"high\" decoding=\"async\" src=\"images\/2021\/junio21\/rochas.jpg\" alt=\"rochas\" width=\"780\" height=\"420\" style=\"display: block; margin: 20px auto;\" \/><span style=\"font-size: 14pt; font-family: arial, helvetica, sans-serif;\">\u201cVamos a tener muy cuidadas las casillas y el otro tema que vamos a cuidar son los representantes generales, a quienes acompa\u00f1ar\u00e1 un abogado, y esto tiene que ver mucho con que en algunos lugares del estado hay personas muy proclives a andar comprando votos, y los abogados van a ser fundamentales; que no olviden los que compran votos que eso es fraude electoral, y el fraude electoral est\u00e1 tipificado como delito grave, nosotros vamos a denunciarlos y si se configura el delito van a ir a la c\u00e1rcel\u201d, advirti\u00f3.<\/span><\/p>\n<p style=\"text-align: justify;\">&nbsp;<\/p>\n<p class=\"x_MsoNormal\" style=\"text-align: justify;\"><span style=\"font-size: 14pt; font-family: arial, helvetica, sans-serif;\">En otro tema y a pregunta expresa, consider\u00f3 que la encuesta de El Financiero que le da 59 por ciento de aceptaci\u00f3n al presidente Andr\u00e9s Manuel L\u00f3pez Obrador impactar\u00e1 al electorado en Sinaloa a favor de Morena.<\/span><\/p>\n<p style=\"text-align: justify;\">&nbsp;<\/p>\n<p class=\"x_MsoNormal\" style=\"text-align: justify;\"><span style=\"font-size: 14pt; font-family: arial, helvetica, sans-serif;\">\u201cSin lugar a dudas que impacta positivamente, eso ayuda, al margen de si esa es la cifra correcta o no, y la aceptaci\u00f3n que tiene el presidente en Sinaloa es m\u00e1s alta que el promedio nacional, pero no por ello bajaremos la guardia\u201d, se\u00f1al\u00f3.<\/span><\/p>\n<p style=\"text-align: justify;\">&nbsp;<\/p>\n<p class=\"x_MsoNormal\" style=\"text-align: justify;\"><span style=\"font-size: 14pt; font-family: arial, helvetica, sans-serif;\">Con motivo del D\u00eda de la Marina, el candidato encabez\u00f3 el homenaje a los marinos y pescadores ca\u00eddos a bordo de alrededor de 25 catamaranes y pangas, acompa\u00f1ado por vecinos de Altata y otros campos pesqueros como Las Aguamitas, Dautillos, Las Puentes y El Castillo.<\/span><\/p>\n<p style=\"text-align: justify;\">&nbsp;<\/p>\n<p class=\"x_MsoNormal\" style=\"text-align: justify;\"><span style=\"font-size: 14pt; font-family: arial, helvetica, sans-serif;\">Rub\u00e9n Rocha Moya estuvo acompa\u00f1ado en la conmemoraci\u00f3n por el presidente estatal del PAS, H\u00e9ctor Melesio Cu\u00e9n Ojeda; la candidata a la alcald\u00eda de Navolato, Margot Urrea; y el candidato a la diputaci\u00f3n federal por el Distrito 3, Fernando Garc\u00eda Hern\u00e1ndez.<\/span><\/p>\n<p style=\"text-align: justify;\">&nbsp;<\/p>\n<p style=\"text-align: justify;\">&nbsp;<\/p>\n<p style=\"text-align: justify;\"><span style=\"font-size: 14pt; font-family: arial, helvetica, sans-serif;\">REDACCI\u00d3N\/VISI\u00d3N CIUDADANA.<br \/><\/span><\/p>\n","protected":false},"excerpt":{"rendered":"<p>\u201cVamos a tener muy cuidadas las casillas y el otro tema que vamos a cuidar son los representantes generales, a quienes acompa\u00f1ar\u00e1 un abogado, y esto tiene que ver mucho con que en algunos lugares del estado hay personas muy proclives a andar comprando votos, y los abogados van a ser fundamentales; que no olviden [&hellip;]<\/p>\n","protected":false},"author":1,"featured_media":746,"comment_status":"closed","ping_status":"closed","sticky":false,"template":"","format":"standard","meta":{"footnotes":""},"categories":[24],"tags":[],"ppma_author":[31],"class_list":["post-16977","post","type-post","status-publish","format-standard","has-post-thumbnail","hentry","category-relevantes"],"aioseo_notices":[],"authors":[{"term_id":31,"user_id":1,"is_guest":0,"slug":"ivan3vino","display_name":"Iv\u00e1n Trevi\u00f1o","avatar_url":{"url":"https:\/\/visionciudadana.com.mx\/oficial\/wp-content\/uploads\/2025\/09\/columna-ivan-Trevino.png","url2x":"https:\/\/visionciudadana.com.mx\/oficial\/wp-content\/uploads\/2025\/09\/columna-ivan-Trevino.png"},"0":null,"1":"","2":"","3":"","4":"","5":"","6":"","7":"","8":""}],"_links":{"self":[{"href":"https:\/\/visionciudadana.com.mx\/oficial\/wp-json\/wp\/v2\/posts\/16977","targetHints":{"allow":["GET"]}}],"collection":[{"href":"https:\/\/visionciudadana.com.mx\/oficial\/wp-json\/wp\/v2\/posts"}],"about":[{"href":"https:\/\/visionciudadana.com.mx\/oficial\/wp-json\/wp\/v2\/types\/post"}],"author":[{"embeddable":true,"href":"https:\/\/visionciudadana.com.mx\/oficial\/wp-json\/wp\/v2\/users\/1"}],"replies":[{"embeddable":true,"href":"https:\/\/visionciudadana.com.mx\/oficial\/wp-json\/wp\/v2\/comments?post=16977"}],"version-history":[{"count":1,"href":"https:\/\/visionciudadana.com.mx\/oficial\/wp-json\/wp\/v2\/posts\/16977\/revisions"}],"predecessor-version":[{"id":30991,"href":"https:\/\/visionciudadana.com.mx\/oficial\/wp-json\/wp\/v2\/posts\/16977\/revisions\/30991"}],"wp:featuredmedia":[{"embeddable":true,"href":"https:\/\/visionciudadana.com.mx\/oficial\/wp-json\/wp\/v2\/media\/746"}],"wp:attachment":[{"href":"https:\/\/visionciudadana.com.mx\/oficial\/wp-json\/wp\/v2\/media?parent=16977"}],"wp:term":[{"taxonomy":"category","embeddable":true,"href":"https:\/\/visionciudadana.com.mx\/oficial\/wp-json\/wp\/v2\/categories?post=16977"},{"taxonomy":"post_tag","embeddable":true,"href":"https:\/\/visionciudadana.com.mx\/oficial\/wp-json\/wp\/v2\/tags?post=16977"},{"taxonomy":"author","embeddable":true,"href":"https:\/\/visionciudadana.com.mx\/oficial\/wp-json\/wp\/v2\/ppma_author?post=16977"}],"curies":[{"name":"wp","href":"https:\/\/api.w.org\/{rel}","templated":true}]}}