{"id":16966,"date":"2021-05-27T19:34:48","date_gmt":"2021-05-27T19:34:48","guid":{"rendered":"https:\/\/visionciudadana.com.mx\/chio\/2021\/05\/27\/la-intencion-de-voto-ya-esta-definida-por-estrada-ferreiro\/"},"modified":"2025-06-25T00:12:18","modified_gmt":"2025-06-25T00:12:18","slug":"la-intencion-de-voto-ya-esta-definida-por-estrada-ferreiro","status":"publish","type":"post","link":"https:\/\/visionciudadana.com.mx\/oficial\/2021\/05\/27\/la-intencion-de-voto-ya-esta-definida-por-estrada-ferreiro\/","title":{"rendered":"La intenci\u00f3n de voto ya est\u00e1 definida por Estrada Ferreiro"},"content":{"rendered":"<p>&nbsp;<\/p>\n<p>&nbsp;<\/p>\n<p><img fetchpriority=\"high\" decoding=\"async\" src=\"images\/vision_14.jpg\" alt=\"vision 14\" width=\"492\" height=\"327\" style=\"display: block; margin-left: auto; margin-right: auto;\" \/><\/p>\n<p><span style=\"font-family: arial, helvetica, sans-serif; font-size: 12pt;\">La gente nos muestra su apoyo, esta campa\u00f1a que ya est\u00e1 en la recta final marcha bien, expres\u00f3 el candidato a la alcald\u00eda de Culiac\u00e1n Lic. Jes\u00fas Estrada Ferreiro, al reiterar que no es algo que le preocupe el fallo emitido por la Sala Superior del TEPJF para invalidar su candidatura en alianza con el Partido Sinaloense, pues los culiacanenses siguen mostrando empat\u00eda hacia \u00e9l y aprobaci\u00f3n por el trabajo que ha realizado.&nbsp;<\/span><\/p>\n<div><span style=\"font-family: arial, helvetica, sans-serif; font-size: 12pt;\"><\/span><\/div>\n<div><span style=\"font-family: arial, helvetica, sans-serif; font-size: 12pt;\">Como un exceso y una falta de interpretaci\u00f3n correcta de la ley y de la Constituci\u00f3n, calific\u00f3 el candidato dicho fallo, sin embargo se dijo confiado en que el recurso de reconsideraci\u00f3n que interpuso ante la Sala Regional de Guadalajara ser\u00e1 favorable, pues de lo contrario ser\u00eda una confirmaci\u00f3n del error que cometieron los magistrados.&nbsp;<\/span><\/div>\n<div><span style=\"font-family: arial, helvetica, sans-serif; font-size: 12pt;\"><\/span><\/div>\n<div><span style=\"font-family: arial, helvetica, sans-serif; font-size: 12pt;\">De fallar a su favor, indic\u00f3 que las boletas electorales deber\u00e1n conservarse como est\u00e1n, en caso contrario deber\u00e1n reimprimirse para evitar confusi\u00f3n entre los votantes; aun as\u00ed afirm\u00f3 que cuenta con el apoyo de la militancia del PAS que le brindan su respaldo.<\/span><\/div>\n<div><span style=\"font-family: arial, helvetica, sans-serif; font-size: 12pt;\"><\/span><\/div>\n<div><span style=\"font-family: arial, helvetica, sans-serif; font-size: 12pt;\">\u201cLa intenci\u00f3n de voto est\u00e1 ya definida por la gente, no hay duda, la gente no anda diciendo voy a ver por qui\u00e9n voto, la gente dice que va a votar por nosotros, especialmente por m\u00ed en el caso de lo m\u00edo por ser el que contacta a la gente diariamente, no \u00fanicamente en una reuni\u00f3n de parque, de sal\u00f3n, una asamblea, sino directamente en los cruceros, en la calle, donde ande, es incre\u00edble yo nunca pens\u00e9 que esta campa\u00f1a fuera a ser como es ahorita\u201d, precis\u00f3.<\/span><\/div>\n<div><span style=\"font-family: arial, helvetica, sans-serif; font-size: 12pt;\"><\/span><\/div>\n<div><span style=\"font-family: arial, helvetica, sans-serif; font-size: 12pt;\">Estrada Ferreiro recalc\u00f3 que son los mismos ciudadanos quienes le dicen que la percepci\u00f3n que ten\u00edan de su persona ha cambiado ante los resultados que su trabajo como presidente municipal ha dado con la mejora de obras y servicios p\u00fablicos.<\/span><\/div>\n<div>&nbsp;<\/div>\n<div>&nbsp;<\/div>\n<div>Redaccion\/ Visi\u00f3n Ciudadana&nbsp;<\/div>\n","protected":false},"excerpt":{"rendered":"<p>&nbsp; &nbsp; La gente nos muestra su apoyo, esta campa\u00f1a que ya est\u00e1 en la recta final marcha bien, expres\u00f3 el candidato a la alcald\u00eda de Culiac\u00e1n Lic. Jes\u00fas Estrada Ferreiro, al reiterar que no es algo que le preocupe el fallo emitido por la Sala Superior del TEPJF para invalidar su candidatura en alianza [&hellip;]<\/p>\n","protected":false},"author":1,"featured_media":734,"comment_status":"closed","ping_status":"closed","sticky":false,"template":"","format":"standard","meta":{"footnotes":""},"categories":[24],"tags":[],"ppma_author":[31],"class_list":["post-16966","post","type-post","status-publish","format-standard","has-post-thumbnail","hentry","category-relevantes"],"aioseo_notices":[],"authors":[{"term_id":31,"user_id":1,"is_guest":0,"slug":"ivan3vino","display_name":"Iv\u00e1n Trevi\u00f1o","avatar_url":{"url":"https:\/\/visionciudadana.com.mx\/oficial\/wp-content\/uploads\/2025\/09\/columna-ivan-Trevino.png","url2x":"https:\/\/visionciudadana.com.mx\/oficial\/wp-content\/uploads\/2025\/09\/columna-ivan-Trevino.png"},"0":null,"1":"","2":"","3":"","4":"","5":"","6":"","7":"","8":""}],"_links":{"self":[{"href":"https:\/\/visionciudadana.com.mx\/oficial\/wp-json\/wp\/v2\/posts\/16966","targetHints":{"allow":["GET"]}}],"collection":[{"href":"https:\/\/visionciudadana.com.mx\/oficial\/wp-json\/wp\/v2\/posts"}],"about":[{"href":"https:\/\/visionciudadana.com.mx\/oficial\/wp-json\/wp\/v2\/types\/post"}],"author":[{"embeddable":true,"href":"https:\/\/visionciudadana.com.mx\/oficial\/wp-json\/wp\/v2\/users\/1"}],"replies":[{"embeddable":true,"href":"https:\/\/visionciudadana.com.mx\/oficial\/wp-json\/wp\/v2\/comments?post=16966"}],"version-history":[{"count":1,"href":"https:\/\/visionciudadana.com.mx\/oficial\/wp-json\/wp\/v2\/posts\/16966\/revisions"}],"predecessor-version":[{"id":30992,"href":"https:\/\/visionciudadana.com.mx\/oficial\/wp-json\/wp\/v2\/posts\/16966\/revisions\/30992"}],"wp:featuredmedia":[{"embeddable":true,"href":"https:\/\/visionciudadana.com.mx\/oficial\/wp-json\/wp\/v2\/media\/734"}],"wp:attachment":[{"href":"https:\/\/visionciudadana.com.mx\/oficial\/wp-json\/wp\/v2\/media?parent=16966"}],"wp:term":[{"taxonomy":"category","embeddable":true,"href":"https:\/\/visionciudadana.com.mx\/oficial\/wp-json\/wp\/v2\/categories?post=16966"},{"taxonomy":"post_tag","embeddable":true,"href":"https:\/\/visionciudadana.com.mx\/oficial\/wp-json\/wp\/v2\/tags?post=16966"},{"taxonomy":"author","embeddable":true,"href":"https:\/\/visionciudadana.com.mx\/oficial\/wp-json\/wp\/v2\/ppma_author?post=16966"}],"curies":[{"name":"wp","href":"https:\/\/api.w.org\/{rel}","templated":true}]}}