{"id":16959,"date":"2021-05-25T18:32:33","date_gmt":"2021-05-25T18:32:33","guid":{"rendered":"https:\/\/visionciudadana.com.mx\/chio\/2021\/05\/25\/municipio-apoya-en-jornada-de-vacunacion-contra-covid-19\/"},"modified":"2025-06-25T00:12:18","modified_gmt":"2025-06-25T00:12:18","slug":"municipio-apoya-en-jornada-de-vacunacion-contra-covid-19","status":"publish","type":"post","link":"https:\/\/visionciudadana.com.mx\/oficial\/2021\/05\/25\/municipio-apoya-en-jornada-de-vacunacion-contra-covid-19\/","title":{"rendered":"Municipio apoya en jornada de vacunaci\u00f3n contra Covid-19"},"content":{"rendered":"<p>&nbsp;<\/p>\n<p><img fetchpriority=\"high\" decoding=\"async\" src=\"images\/2021\/mayo21\/municipio.jpg\" alt=\"municipio\" width=\"780\" height=\"420\" style=\"display: block; margin: 20px auto;\" \/><\/p>\n<div style=\"text-align: justify;\"><span style=\"font-size: 14pt; font-family: arial, helvetica, sans-serif;\">Personal del municipio brind\u00f3 apoyo en el inicio de la jornada de aplicaci\u00f3n de la vacuna contra el Covid-19 a adultos de 50 a\u00f1os a 59 a\u00f1os y mujeres embarazadas mayores de 18 a\u00f1os.&nbsp;<\/span><\/div>\n<div style=\"text-align: justify;\">&nbsp;<\/div>\n<div style=\"text-align: justify;\">&nbsp;<\/div>\n<div style=\"text-align: justify;\"><span style=\"font-size: 14pt; font-family: arial, helvetica, sans-serif;\">Las brigadas de personal de la comuna que participan como voluntarios se dividieron en los macrocentros de vacunaci\u00f3n ubicados en las instalaciones del Centro C\u00edvico Constituci\u00f3n, Sal\u00f3n de eventos Fliglostase, Polideportivo Juan S. Mill\u00e1n y el Cuartel General de la Novena Zona Militar.&nbsp;<\/span><\/div>\n<div style=\"text-align: justify;\">&nbsp;<\/div>\n<div style=\"text-align: justify;\">&nbsp;<\/div>\n<div style=\"text-align: justify;\"><span style=\"font-size: 14pt; font-family: arial, helvetica, sans-serif;\">Ah\u00ed estuvieron apoyando en la log\u00edstica y orientaci\u00f3n a los ciudadanos que acuden conforme a la convocatoria alfab\u00e9tica.<\/span><\/div>\n<div>&nbsp;<\/div>\n<div style=\"text-align: justify;\">&nbsp;<\/div>\n<div style=\"text-align: justify;\"><span style=\"font-size: 14pt; font-family: arial, helvetica, sans-serif;\">Se recomienda a la ciudadan\u00eda protegerse tambi\u00e9n de las altas temperaturas, de ser posible llevar agua o suero para que est\u00e9n debidamente hidratados, adem\u00e1s de cubrirse con ropa ligera de colores claros y manga larga, gorra o sombrero.&nbsp;<\/span><\/div>\n<div style=\"text-align: justify;\">&nbsp;<\/div>\n<div style=\"text-align: justify;\">&nbsp;<\/div>\n<div style=\"text-align: justify;\"><span style=\"font-size: 14pt; font-family: arial, helvetica, sans-serif;\">Durante el proceso de aplicaci\u00f3n del biol\u00f3gico y previo a ello, la Coordinaci\u00f3n Municipal de Protecci\u00f3n Civil llev\u00f3 a cabo actividades de sanitizaci\u00f3n en los macrocentros, adem\u00e1s realiz\u00f3 la vigilancia de los mismos para evitar incidentes.&nbsp;<\/span><\/div>\n<div style=\"text-align: justify;\">&nbsp;<\/div>\n<div style=\"text-align: justify;\">&nbsp;<\/div>\n<div style=\"text-align: justify;\"><span style=\"font-size: 14pt; font-family: arial, helvetica, sans-serif;\">En este proceso se otorgar\u00e1 la vacuna tambi\u00e9n a pobladores de sindicaturas y comunidades rurales.<\/span><\/div>\n<div style=\"text-align: justify;\">&nbsp;<\/div>\n<div style=\"text-align: justify;\">&nbsp;<\/div>\n<div style=\"text-align: justify;\"><span style=\"font-size: 14pt; font-family: arial, helvetica, sans-serif;\">La Direcci\u00f3n de Salud Municipal pide a la ciudadan\u00eda redoblar esfuerzos para evitar la relajaci\u00f3n en las medidas preventivas, y continuar con los protocolos de salud, como es el uso correcto del cubrebocas, sana distancia y lavado de manos.<\/span><\/div>\n<div style=\"text-align: justify;\">&nbsp;<\/div>\n<div style=\"text-align: justify;\">&nbsp;<\/div>\n<div style=\"text-align: justify;\">&nbsp;<\/div>\n<div style=\"text-align: justify;\"><span style=\"font-size: 14pt; font-family: arial, helvetica, sans-serif;\">REDACCI\u00d3N\/VISI\u00d3N CIUDADANA.<\/span><\/div>\n","protected":false},"excerpt":{"rendered":"<p>&nbsp; Personal del municipio brind\u00f3 apoyo en el inicio de la jornada de aplicaci\u00f3n de la vacuna contra el Covid-19 a adultos de 50 a\u00f1os a 59 a\u00f1os y mujeres embarazadas mayores de 18 a\u00f1os.&nbsp; &nbsp; &nbsp; Las brigadas de personal de la comuna que participan como voluntarios se dividieron en los macrocentros de vacunaci\u00f3n [&hellip;]<\/p>\n","protected":false},"author":1,"featured_media":726,"comment_status":"closed","ping_status":"closed","sticky":false,"template":"","format":"standard","meta":{"footnotes":""},"categories":[13],"tags":[],"ppma_author":[31],"class_list":["post-16959","post","type-post","status-publish","format-standard","has-post-thumbnail","hentry","category-locales"],"aioseo_notices":[],"authors":[{"term_id":31,"user_id":1,"is_guest":0,"slug":"ivan3vino","display_name":"Iv\u00e1n Trevi\u00f1o","avatar_url":{"url":"https:\/\/visionciudadana.com.mx\/oficial\/wp-content\/uploads\/2025\/09\/columna-ivan-Trevino.png","url2x":"https:\/\/visionciudadana.com.mx\/oficial\/wp-content\/uploads\/2025\/09\/columna-ivan-Trevino.png"},"0":null,"1":"","2":"","3":"","4":"","5":"","6":"","7":"","8":""}],"_links":{"self":[{"href":"https:\/\/visionciudadana.com.mx\/oficial\/wp-json\/wp\/v2\/posts\/16959","targetHints":{"allow":["GET"]}}],"collection":[{"href":"https:\/\/visionciudadana.com.mx\/oficial\/wp-json\/wp\/v2\/posts"}],"about":[{"href":"https:\/\/visionciudadana.com.mx\/oficial\/wp-json\/wp\/v2\/types\/post"}],"author":[{"embeddable":true,"href":"https:\/\/visionciudadana.com.mx\/oficial\/wp-json\/wp\/v2\/users\/1"}],"replies":[{"embeddable":true,"href":"https:\/\/visionciudadana.com.mx\/oficial\/wp-json\/wp\/v2\/comments?post=16959"}],"version-history":[{"count":1,"href":"https:\/\/visionciudadana.com.mx\/oficial\/wp-json\/wp\/v2\/posts\/16959\/revisions"}],"predecessor-version":[{"id":30993,"href":"https:\/\/visionciudadana.com.mx\/oficial\/wp-json\/wp\/v2\/posts\/16959\/revisions\/30993"}],"wp:featuredmedia":[{"embeddable":true,"href":"https:\/\/visionciudadana.com.mx\/oficial\/wp-json\/wp\/v2\/media\/726"}],"wp:attachment":[{"href":"https:\/\/visionciudadana.com.mx\/oficial\/wp-json\/wp\/v2\/media?parent=16959"}],"wp:term":[{"taxonomy":"category","embeddable":true,"href":"https:\/\/visionciudadana.com.mx\/oficial\/wp-json\/wp\/v2\/categories?post=16959"},{"taxonomy":"post_tag","embeddable":true,"href":"https:\/\/visionciudadana.com.mx\/oficial\/wp-json\/wp\/v2\/tags?post=16959"},{"taxonomy":"author","embeddable":true,"href":"https:\/\/visionciudadana.com.mx\/oficial\/wp-json\/wp\/v2\/ppma_author?post=16959"}],"curies":[{"name":"wp","href":"https:\/\/api.w.org\/{rel}","templated":true}]}}